{"id":823,"date":"2015-11-02T09:47:00","date_gmt":"2015-11-02T09:47:00","guid":{"rendered":"http:\/\/www.swiattoli.pl\/?p=823"},"modified":"2020-02-07T12:27:40","modified_gmt":"2020-02-07T12:27:40","slug":"po-wszystkich-swietych-i-wywiad-z","status":"publish","type":"post","link":"http:\/\/www.swiattoli.pl\/?p=823","title":{"rendered":"Po wszystkich \u015bwi\u0119tych i wywiad z Monik\u0105 Kuszy\u0144sk\u0105"},"content":{"rendered":"<div class=\"MsoNormal\" style=\"line-height: 150%; text-align: justify;\">\n<div class=\"separator\" style=\"clear: both; text-align: center;\">\n<a href=\"https:\/\/lh3.googleusercontent.com\/-JVRKJC1IR5g\/Vjcw01e9hSI\/AAAAAAAAAa0\/WkjXAfqTquI\/s1600\/IMAG0992.jpg\" imageanchor=\"1\" style=\"clear: right; float: right; margin-bottom: 1em; margin-left: 1em;\"><img border=\"0\" src=\"http:\/\/lh3.googleusercontent.com\/-JVRKJC1IR5g\/Vjcw01e9hSI\/AAAAAAAAAa0\/WkjXAfqTquI\/s1600\/IMAG0992.jpg\" style=\"line-height: 150%;\" \/><\/a><\/div>\n<p><span style=\"font-size: 14.0pt; line-height: 150%;\">Wczorajszy dzie\u0144 by\u0142 bardzo d\u0142ugi.<br \/>\nJak wi\u0119kszo\u015b\u0107 polak\u00f3w odwiedzali\u015bmy groby bliskich. Byli\u015bmy na miejscu w<br \/>\n\u015bredniej wielko\u015bci miasteczku, na cmentarzu wiejskim oraz w du\u017cym mie\u015bcie. Chyba<br \/>\nnajwi\u0119kszy sentyment czuj\u0119 do tej wiejskiej okolicy. Ludzie s\u0105 mili, tacy<br \/>\nbardziej \u017cyczliwi, chocia\u017c nie brakowa\u0142o go\u015bci z miast okazuj\u0105cych swoj\u0105<br \/>\nwy\u017cszo\u015b\u0107 nad wiejsk\u0105 spo\u0142eczno\u015bci\u0105. W mie\u015bcie, w kt\u00f3rym mieszkam, by\u0142a chyba<br \/>\nnajwi\u0119ksza rewia mody, cho\u0107 futro widzia\u0142am tylko jedno. Dzikie t\u0142umy, ciasnota, nie lubi\u0119 tego ale taki dzie\u0144. Pogoda<br \/>\nby\u0142a super, s\u0142o\u0144ce, ciep\u0142o. M\u0105\u017c chcia\u0142 si\u0119 pochwali\u0107 dzieciakami przed rodzin\u0105<br \/>\nale jak na z\u0142o\u015b\u0107 nie spotkali\u015bmy nikogo. Na wiejski<br \/>\ncmentarz przyjecha\u0142o trzech braci z ojcem, wszyscy starsi. Wida\u0107, \u017ce s\u0105 z sob\u0105<br \/>\nz\u017cyci. Jeden pan przyjecha\u0142 traktorem, taki mia\u0142 transport wi\u0119c wykorzysta\u0142. lubi\u0119 czasem popatrze\u0107 na innych. Z<br \/>\nczas\u00f3w dzieci\u0144stwa pami\u0119tam jak pod cmentarzem stali sprzedawcy kwiat\u00f3w, teraz<br \/>\nowszem s\u0105, ale jako\u015b ich mniej i to ju\u017c typowi handlarze. Moje ch\u0142opaki nawet w<br \/>\nmiar\u0119 si\u0119 zachowywali, cho\u0107 nie zawsze byli zadowoleni. Oczywi\u015bcie czuwanie<br \/>\nby\u0142o, czyli jak jeden \u015bpi, drugi nie mo\u017ce. Widzia\u0142am te\u017c gr\u00f3b, kt\u00f3ry zwr\u00f3ci\u0142<br \/>\nmoj\u0105 uwag\u0119. Nie by\u0142o w nim nic niezwyk\u0142ego. Wida\u0107 \u017ce jest opuszczony, kto\u015b<br \/>\npostawi\u0142 znicz \u017ceby nie by\u0142o tak pusto. A co zwr\u00f3ci\u0142o moj\u0105 uwag\u0119, to data zgonu<br \/>\ncz\u0142owieka. Zmar\u0142 on ok. 2 tygodnie przed wybuchem II wojny \u015bwiatowej. Wszyscy<br \/>\nrozpaczali pewnie a on unikn\u0105\u0142 trudnych czas\u00f3w Tak, jakby uciek\u0142a przed<br \/>\nzawieruch\u0105 wojenn\u0105. W drodze powrotnej, w radiu by\u0142 wywiad z Monik\u0105 Kuszy\u0144sk\u0105. Opowiada\u0142a o sobie, tym co czu\u0142a po wypadku i jej pierwszej my\u015bli po przebudzeniu. Bardzo mi si\u0119 to spodoba\u0142o, gdy\u017c mia\u0142a du\u017co racji. Ka\u017cdego dnia potafi si\u0119 cieszy\u0107 z tego co ma, jest szcz\u0119\u015bliwa. Niestety, mnie brakuje takiej rado\u015bci \u017cycia. ?Cz\u0142owiek jest g\u0142upi, marnuje czas na martwienie si\u0119, prze\u017cywanie tego co mo\u017ce sie sta\u0107, chcia\u0142oby si\u0119 mie\u0107 to, czego si\u0119 nie ma zamiast cieszy\u0107 tym co jest. Od pewnego czasu chc\u0119 by\u0107 zadowolon\u0105 z \u017cycia i nie my\u015ble\u0107 o tym co b\u0119dzie, tzn. nie sta\u0107 si\u0119 bezmy\u015bln\u0105 osob\u0105, nie my\u015bl\u0105c\u0105 o przysz\u0142o\u015bci, chc\u0119 by\u0107 szcz\u0119\u015bliw\u0105 i patrz\u0105c\u0105 z optymizmem na to co b\u0119dzie kiedy\u015b.<\/span><\/p>\n<div class=\"separator\" style=\"clear: both; text-align: center;\">\n<span style=\"font-size: 14.0pt; line-height: 150%;\"><img src=\"http:\/\/lh3.googleusercontent.com\/-75LDlp3xy8A\/VjcvzCZHMPI\/AAAAAAAAAak\/lNIlBTczGjk\/s1600\/IMAG0996.jpg\" \/><\/span><\/div>\n<\/div>\n","protected":false},"excerpt":{"rendered":"<p>Wczorajszy dzie\u0144 by\u0142 bardzo d\u0142ugi. Jak wi\u0119kszo\u015b\u0107 polak\u00f3w odwiedzali\u015bmy groby bliskich. Byli\u015bmy na miejscu w \u015bredniej wielko\u015bci miasteczku, na cmentarzu wiejskim oraz w du\u017cym mie\u015bcie. Chyba najwi\u0119kszy sentyment czuj\u0119 do tej wiejskiej okolicy. Ludzie s\u0105 mili, tacy bardziej \u017cyczliwi, chocia\u017c nie brakowa\u0142o go\u015bci z miast okazuj\u0105cych swoj\u0105 wy\u017cszo\u015b\u0107 nad wiejsk\u0105 spo\u0142eczno\u015bci\u0105. W mie\u015bcie, w kt\u00f3rym &hellip;<\/p>\n","protected":false},"author":2,"featured_media":0,"comment_status":"open","ping_status":"open","sticky":false,"template":"","format":"standard","meta":[],"categories":[2,1],"tags":[],"_links":{"self":[{"href":"http:\/\/www.swiattoli.pl\/index.php?rest_route=\/wp\/v2\/posts\/823"}],"collection":[{"href":"http:\/\/www.swiattoli.pl\/index.php?rest_route=\/wp\/v2\/posts"}],"about":[{"href":"http:\/\/www.swiattoli.pl\/index.php?rest_route=\/wp\/v2\/types\/post"}],"author":[{"embeddable":true,"href":"http:\/\/www.swiattoli.pl\/index.php?rest_route=\/wp\/v2\/users\/2"}],"replies":[{"embeddable":true,"href":"http:\/\/www.swiattoli.pl\/index.php?rest_route=%2Fwp%2Fv2%2Fcomments&post=823"}],"version-history":[{"count":1,"href":"http:\/\/www.swiattoli.pl\/index.php?rest_route=\/wp\/v2\/posts\/823\/revisions"}],"predecessor-version":[{"id":1278,"href":"http:\/\/www.swiattoli.pl\/index.php?rest_route=\/wp\/v2\/posts\/823\/revisions\/1278"}],"wp:attachment":[{"href":"http:\/\/www.swiattoli.pl\/index.php?rest_route=%2Fwp%2Fv2%2Fmedia&parent=823"}],"wp:term":[{"taxonomy":"category","embeddable":true,"href":"http:\/\/www.swiattoli.pl\/index.php?rest_route=%2Fwp%2Fv2%2Fcategories&post=823"},{"taxonomy":"post_tag","embeddable":true,"href":"http:\/\/www.swiattoli.pl\/index.php?rest_route=%2Fwp%2Fv2%2Ftags&post=823"}],"curies":[{"name":"wp","href":"https:\/\/api.w.org\/{rel}","templated":true}]}}