{"id":819,"date":"2015-11-07T09:48:00","date_gmt":"2015-11-07T09:48:00","guid":{"rendered":"http:\/\/www.swiattoli.pl\/?p=819"},"modified":"2020-02-07T12:27:42","modified_gmt":"2020-02-07T12:27:42","slug":"zwyky-dzien","status":"publish","type":"post","link":"http:\/\/www.swiattoli.pl\/?p=819","title":{"rendered":"Zwyk\u0142y dzie\u0144"},"content":{"rendered":"<div class=\"MsoNormal\" style=\"line-height: 150%; text-align: justify;\">\n<span style=\"font-size: 14.0pt; line-height: 150%;\">Dzisiaj w nocy jeden z moich syn\u00f3w<br \/>\nnie mia\u0142 potrzeby snu, tzn. niby chcia\u0142o si\u0119 spa\u0107 ale co\u015b by\u0142o nie pod\u0142odze ze<br \/>\nsnem. Ne wiem czy si\u0119 \u015bni\u0142o co\u015b strasznego, czy tak po prostu. Og\u00f3lnie nie by\u0142o<br \/>\nnajgorzej. Ja w p\u00f3\u0142\u015bnie smoczek zapodawa\u0142am.<\/span><\/div>\n<div class=\"MsoNormal\" style=\"line-height: 150%; text-align: justify;\">\n<span style=\"font-size: 14.0pt; line-height: 150%;\">W TV na TVN4 jest m\u00f3j ulubiony serial<br \/>\n\u201eZaklinacz dusz\u201d. Znam te odcinki na pami\u0119\u0107 <\/span><span style=\"font-family: Wingdings; font-size: 14.0pt; line-height: 150%; mso-ascii-font-family: &quot;Times New Roman&quot;; mso-char-type: symbol; mso-hansi-font-family: &quot;Times New Roman&quot;; mso-symbol-font-family: Wingdings;\">J<\/span><span style=\"font-size: 14.0pt; line-height: 150%;\"> ale znowu ogl\u0105dam. <\/span><\/div>\n<div class=\"MsoNormal\" style=\"line-height: 150%; text-align: justify;\">\n<span style=\"font-size: 14.0pt; line-height: 150%;\">U mnie pogoda barowa, plucha,<br \/>\npochmurno ale w miar\u0119 ciep\u0142o. Wystawi\u0142am na schody chryzantemy w donicach. Lubi\u0119<br \/>\ndu\u017co kwiat\u00f3w i mam nadziej\u0119, \u017ce te przetrzymaj\u0105 i w przysz\u0142ym roku znowu wzejd\u0105<br \/>\ni zakwitn\u0105. Ogl\u0105da\u0142am ogromne donice, bardzo \u0142adne ale po 100 z\u0142. za sztuk\u0119, to<br \/>\ntroch\u0119 du\u017co. C\u00f3\u017c, na razie pozostan\u0105 te, kt\u00f3re mam.<\/span><\/div>\n<div class=\"MsoNormal\" style=\"line-height: 150%; text-align: justify;\">\n<span style=\"font-size: 14.0pt; line-height: 150%;\">Wracaj\u0105c do TV to znowu jest Harry<br \/>\nPotter. Nie cierpi\u0119 fantastyki ale to taka bajka i cz\u0119sto wracam do film\u00f3w. Ksi\u0105\u017cek<br \/>\nnie czytuj\u0119 wi\u0119cej ni\u017c raz. Mo\u017ce kiedy\u015b, za wiele lat, gdy nie b\u0119d\u0119 pami\u0119ta\u0142a<br \/>\nco si\u0119 dzia\u0142o. Uwielbiam ksi\u0105\u017cki Joanny Chmielewskiej, pierwsz\u0105 przeczyta\u0142am z<br \/>\n15 lat temu i by\u0142a to \u201eKrowa niebia\u0144ska\u201d. Nic z niej nie pami\u0119tam wi\u0119c mo\u017ce<br \/>\nkiedy\u015b znowu przeczytam wszystkie ksi\u0105\u017cki od nowa.<\/span><\/div>\n<p><\/p>\n<div class=\"MsoNormal\" style=\"line-height: 150%; text-align: justify;\">\n<span style=\"font-size: 14.0pt; line-height: 150%;\">A wracaj\u0105c do dzieci to ponownie<br \/>\npolecam filmiki\/piosenki na you tubie. Moje dzieci uwielbiaj\u0105 <\/span><span style=\"font-family: Wingdings; font-size: 14.0pt; line-height: 150%; mso-ascii-font-family: &quot;Times New Roman&quot;; mso-char-type: symbol; mso-hansi-font-family: &quot;Times New Roman&quot;; mso-symbol-font-family: Wingdings;\">J<\/span><span style=\"font-size: 14.0pt; line-height: 150%;\">.<\/span><\/div>\n<div class=\"separator\" style=\"clear: both; text-align: center;\">\n<iframe loading=\"lazy\" width=\"320\" height=\"266\" class=\"YOUTUBE-iframe-video\" data-thumbnail-src=\"https:\/\/i.ytimg.com\/vi\/4ABNaOyGQxw\/0.jpg\" src=\"https:\/\/www.youtube.com\/embed\/4ABNaOyGQxw?feature=player_embedded\" frameborder=\"0\" allowfullscreen><\/iframe><\/div>\n<div class=\"MsoNormal\" style=\"line-height: 150%; text-align: justify;\">\n<span style=\"font-size: 14.0pt; line-height: 150%;\"><br \/><\/span><\/div>\n","protected":false},"excerpt":{"rendered":"<p>Dzisiaj w nocy jeden z moich syn\u00f3w nie mia\u0142 potrzeby snu, tzn. niby chcia\u0142o si\u0119 spa\u0107 ale co\u015b by\u0142o nie pod\u0142odze ze snem. Ne wiem czy si\u0119 \u015bni\u0142o co\u015b strasznego, czy tak po prostu. Og\u00f3lnie nie by\u0142o najgorzej. Ja w p\u00f3\u0142\u015bnie smoczek zapodawa\u0142am. W TV na TVN4 jest m\u00f3j ulubiony serial \u201eZaklinacz dusz\u201d. Znam te &hellip;<\/p>\n","protected":false},"author":2,"featured_media":0,"comment_status":"open","ping_status":"open","sticky":false,"template":"","format":"standard","meta":[],"categories":[8,2,1],"tags":[],"_links":{"self":[{"href":"http:\/\/www.swiattoli.pl\/index.php?rest_route=\/wp\/v2\/posts\/819"}],"collection":[{"href":"http:\/\/www.swiattoli.pl\/index.php?rest_route=\/wp\/v2\/posts"}],"about":[{"href":"http:\/\/www.swiattoli.pl\/index.php?rest_route=\/wp\/v2\/types\/post"}],"author":[{"embeddable":true,"href":"http:\/\/www.swiattoli.pl\/index.php?rest_route=\/wp\/v2\/users\/2"}],"replies":[{"embeddable":true,"href":"http:\/\/www.swiattoli.pl\/index.php?rest_route=%2Fwp%2Fv2%2Fcomments&post=819"}],"version-history":[{"count":1,"href":"http:\/\/www.swiattoli.pl\/index.php?rest_route=\/wp\/v2\/posts\/819\/revisions"}],"predecessor-version":[{"id":1282,"href":"http:\/\/www.swiattoli.pl\/index.php?rest_route=\/wp\/v2\/posts\/819\/revisions\/1282"}],"wp:attachment":[{"href":"http:\/\/www.swiattoli.pl\/index.php?rest_route=%2Fwp%2Fv2%2Fmedia&parent=819"}],"wp:term":[{"taxonomy":"category","embeddable":true,"href":"http:\/\/www.swiattoli.pl\/index.php?rest_route=%2Fwp%2Fv2%2Fcategories&post=819"},{"taxonomy":"post_tag","embeddable":true,"href":"http:\/\/www.swiattoli.pl\/index.php?rest_route=%2Fwp%2Fv2%2Ftags&post=819"}],"curies":[{"name":"wp","href":"https:\/\/api.w.org\/{rel}","templated":true}]}}