{"id":810,"date":"2015-11-15T06:43:00","date_gmt":"2015-11-15T06:43:00","guid":{"rendered":"http:\/\/www.swiattoli.pl\/?p=810"},"modified":"2020-02-07T12:28:13","modified_gmt":"2020-02-07T12:28:13","slug":"atak-terrorystyczny","status":"publish","type":"post","link":"http:\/\/www.swiattoli.pl\/?p=810","title":{"rendered":"Atak terrorystyczny"},"content":{"rendered":"<div class=\"MsoNormal\" style=\"line-height: 150%; text-align: justify;\">\n<span style=\"font-size: 14.0pt; line-height: 150%;\">Po ataku w Pary\u017cu m\u00f3wi si\u0119 ci\u0105gle o<br \/>\nzagro\u017ceniu. Dobrze, \u017ce tak niewiele znaczymy jako kraj na arenie<br \/>\nmi\u0119dzynarodowej. Teraz w TV jest o Rzymie, gdzie maj\u0105 odbywa\u0107 si\u0119 uroczysto\u015bci<br \/>\ni jakie to jest ryzyko. Kurcze, jakim prawem islami\u015bci atakuj\u0105 innych, dlatego<br \/>\n\u017ce maj\u0105 odmienne pogl\u0105dy, wyznanie? To jest tak paranoidalne i niedorzeczne.<br \/>\nMy, Europejczycy tego nie pojmiemy, bo to jest inna logika, inna mentalno\u015b\u0107. Nikt<br \/>\nz nas nie poszed\u0142by w t\u0142um jako samob\u00f3jca dla przekona\u0144. To jest wychowanie,<br \/>\ntradycja od pokole\u0144, ci ludzie maj\u0105 tak g\u0142\u0119boko zakorzenione w sobie to<br \/>\nwszystko, \u017ce zapisa\u0142o si\u0119 to wr\u0119cz w ich kodzie genetycznym.<\/span><\/div>\n","protected":false},"excerpt":{"rendered":"<p>Po ataku w Pary\u017cu m\u00f3wi si\u0119 ci\u0105gle o zagro\u017ceniu. Dobrze, \u017ce tak niewiele znaczymy jako kraj na arenie mi\u0119dzynarodowej. Teraz w TV jest o Rzymie, gdzie maj\u0105 odbywa\u0107 si\u0119 uroczysto\u015bci i jakie to jest ryzyko. Kurcze, jakim prawem islami\u015bci atakuj\u0105 innych, dlatego \u017ce maj\u0105 odmienne pogl\u0105dy, wyznanie? To jest tak paranoidalne i niedorzeczne. My, Europejczycy &hellip;<\/p>\n","protected":false},"author":2,"featured_media":0,"comment_status":"open","ping_status":"open","sticky":false,"template":"","format":"standard","meta":[],"categories":[2,1],"tags":[],"_links":{"self":[{"href":"http:\/\/www.swiattoli.pl\/index.php?rest_route=\/wp\/v2\/posts\/810"}],"collection":[{"href":"http:\/\/www.swiattoli.pl\/index.php?rest_route=\/wp\/v2\/posts"}],"about":[{"href":"http:\/\/www.swiattoli.pl\/index.php?rest_route=\/wp\/v2\/types\/post"}],"author":[{"embeddable":true,"href":"http:\/\/www.swiattoli.pl\/index.php?rest_route=\/wp\/v2\/users\/2"}],"replies":[{"embeddable":true,"href":"http:\/\/www.swiattoli.pl\/index.php?rest_route=%2Fwp%2Fv2%2Fcomments&post=810"}],"version-history":[{"count":1,"href":"http:\/\/www.swiattoli.pl\/index.php?rest_route=\/wp\/v2\/posts\/810\/revisions"}],"predecessor-version":[{"id":1318,"href":"http:\/\/www.swiattoli.pl\/index.php?rest_route=\/wp\/v2\/posts\/810\/revisions\/1318"}],"wp:attachment":[{"href":"http:\/\/www.swiattoli.pl\/index.php?rest_route=%2Fwp%2Fv2%2Fmedia&parent=810"}],"wp:term":[{"taxonomy":"category","embeddable":true,"href":"http:\/\/www.swiattoli.pl\/index.php?rest_route=%2Fwp%2Fv2%2Fcategories&post=810"},{"taxonomy":"post_tag","embeddable":true,"href":"http:\/\/www.swiattoli.pl\/index.php?rest_route=%2Fwp%2Fv2%2Ftags&post=810"}],"curies":[{"name":"wp","href":"https:\/\/api.w.org\/{rel}","templated":true}]}}