{"id":807,"date":"2015-11-17T09:11:00","date_gmt":"2015-11-17T09:11:00","guid":{"rendered":"http:\/\/www.swiattoli.pl\/?p=807"},"modified":"2020-02-07T12:28:13","modified_gmt":"2020-02-07T12:28:13","slug":"ozdoby-swiateczne-w-kauflandzie","status":"publish","type":"post","link":"http:\/\/www.swiattoli.pl\/?p=807","title":{"rendered":"Ozdoby \u015bwi\u0105teczne w Kauflandzie"},"content":{"rendered":"<div class=\"MsoNormal\" style=\"line-height: 150%; text-align: justify;\">\n<span style=\"font-size: 14.0pt; line-height: 150%;\">Wczoraj byli\u015bmy na zakupach w<br \/>\nKauflandzie. Jak co roku, przed ka\u017cdymi \u015bwi\u0119tami mo\u017cna kupi\u0107 tzw. \u201epierd\u00f3\u0142ki\u201d okoliczno\u015bciowe.<br \/>\nWszystko by\u0142o po 3,99 z\u0142. Choineczki, anio\u0142ki, miko\u0142aje itp. Sporo tego, jest w<br \/>\nczym wybiera\u0107.<\/span><\/div>\n<p><\/p>\n<div class=\"MsoNormal\" style=\"line-height: 150%; text-align: justify;\">\n<span style=\"font-size: 14.0pt; line-height: 150%;\">Poza tym nic specjalnego si\u0119 nie<br \/>\ndzia\u0142o, chyba, \u017ce brak pr\u0105du mo\u017cna uzna\u0107 za wydarzenie. Od ok. 15 do po 19 nie<br \/>\nmo\u017cna by\u0142o zrobi\u0107 nic, co wymaga\u0142oby pr\u0105du. Ciemno, zimno ale w domu <\/span><span style=\"font-family: Wingdings; font-size: 14.0pt; line-height: 150%; mso-ascii-font-family: &quot;Times New Roman&quot;; mso-char-type: symbol; mso-hansi-font-family: &quot;Times New Roman&quot;; mso-symbol-font-family: Wingdings;\">J<\/span><span style=\"font-size: 14.0pt; line-height: 150%;\">. Testowa\u0142am<br \/>\nwytrzyma\u0142o\u015b\u0107 zakupionych na allegro lampek choinkowych, zewn\u0119trznych, solarnych<br \/>\ni powiem, \u017ce ca\u0142kiem dobrze zda\u0142y egzamin. \u015awieci\u0142y si\u0119 d\u0142ugo. Takie solarne<br \/>\no\u015bwietlenie to fajna sprawa bo nie trzeba si\u0119 zastanawia\u0107 ile pr\u0105du zu\u017cyj\u0105.<\/span><\/div>\n","protected":false},"excerpt":{"rendered":"<p>Wczoraj byli\u015bmy na zakupach w Kauflandzie. Jak co roku, przed ka\u017cdymi \u015bwi\u0119tami mo\u017cna kupi\u0107 tzw. \u201epierd\u00f3\u0142ki\u201d okoliczno\u015bciowe. Wszystko by\u0142o po 3,99 z\u0142. Choineczki, anio\u0142ki, miko\u0142aje itp. Sporo tego, jest w czym wybiera\u0107. Poza tym nic specjalnego si\u0119 nie dzia\u0142o, chyba, \u017ce brak pr\u0105du mo\u017cna uzna\u0107 za wydarzenie. Od ok. 15 do po 19 nie mo\u017cna &hellip;<\/p>\n","protected":false},"author":2,"featured_media":0,"comment_status":"open","ping_status":"open","sticky":false,"template":"","format":"standard","meta":[],"categories":[2,1],"tags":[],"_links":{"self":[{"href":"http:\/\/www.swiattoli.pl\/index.php?rest_route=\/wp\/v2\/posts\/807"}],"collection":[{"href":"http:\/\/www.swiattoli.pl\/index.php?rest_route=\/wp\/v2\/posts"}],"about":[{"href":"http:\/\/www.swiattoli.pl\/index.php?rest_route=\/wp\/v2\/types\/post"}],"author":[{"embeddable":true,"href":"http:\/\/www.swiattoli.pl\/index.php?rest_route=\/wp\/v2\/users\/2"}],"replies":[{"embeddable":true,"href":"http:\/\/www.swiattoli.pl\/index.php?rest_route=%2Fwp%2Fv2%2Fcomments&post=807"}],"version-history":[{"count":1,"href":"http:\/\/www.swiattoli.pl\/index.php?rest_route=\/wp\/v2\/posts\/807\/revisions"}],"predecessor-version":[{"id":1321,"href":"http:\/\/www.swiattoli.pl\/index.php?rest_route=\/wp\/v2\/posts\/807\/revisions\/1321"}],"wp:attachment":[{"href":"http:\/\/www.swiattoli.pl\/index.php?rest_route=%2Fwp%2Fv2%2Fmedia&parent=807"}],"wp:term":[{"taxonomy":"category","embeddable":true,"href":"http:\/\/www.swiattoli.pl\/index.php?rest_route=%2Fwp%2Fv2%2Fcategories&post=807"},{"taxonomy":"post_tag","embeddable":true,"href":"http:\/\/www.swiattoli.pl\/index.php?rest_route=%2Fwp%2Fv2%2Ftags&post=807"}],"curies":[{"name":"wp","href":"https:\/\/api.w.org\/{rel}","templated":true}]}}