{"id":801,"date":"2015-11-25T11:40:00","date_gmt":"2015-11-25T11:40:00","guid":{"rendered":"http:\/\/www.swiattoli.pl\/?p=801"},"modified":"2020-02-07T12:28:25","modified_gmt":"2020-02-07T12:28:25","slug":"kuba-wojewodzki-macademian-girl-i-marek","status":"publish","type":"post","link":"http:\/\/www.swiattoli.pl\/?p=801","title":{"rendered":"Kuba Wojew\u00f3dzki, Macademian Girl i Marek Kondrat"},"content":{"rendered":"<div class=\"MsoNormal\" style=\"line-height: 150%; text-align: justify;\">\n<span style=\"font-size: 14.0pt; line-height: 150%;\">Wczoraj ogl\u0105da\u0142am Kub\u0119 Wojew\u00f3dzkiego.<br \/>\nBy\u0142 Marek Kondrat i Macademian Girl. Program by\u0142 niez\u0142y a Marek Kondrat to naprawd\u0119<br \/>\ninteligentny facet. \u015awietnie rozumieli si\u0119 z Kub\u0105, rozmowa na wysokim poziomie<br \/>\ninteligencji, niedom\u00f3wie\u0144 i skr\u00f3t\u00f3w my\u015blowych. By\u0142am naprawd\u0119 pozytywnie<br \/>\nzaskoczona. Strasznie mnie interesowa\u0142o jak to b\u0119dzie z Macademian. Lubi\u0119 j\u0105,<br \/>\njej stylizacje. Bardzo podoba mi si\u0119 fakt, \u017ce jak napisze si\u0119 na fb komentarz<br \/>\ndo jej posta to zawsze odpisze, tzn. jest odpisane. Ju\u017c wcze\u015bniej to wiedzia\u0142am<br \/>\na teraz sama potwierdzi\u0142a, \u017ce ma ca\u0142y zast\u0119p ludzi, ekip\u0119 opracowuj\u0105c\u0105 bloga i<br \/>\npewnie os\u00f3b odpisuj\u0105cych na fb. To jest firma a Tamara jest pracodawc\u0105. Prowadzi<br \/>\nniez\u0142y biznes i firmuje go swoj\u0105 twarz\u0105. A wracaj\u0105c do programu, Macademian nie<br \/>\nzrobi\u0142a z siebie idiotki, tak jak kiedy\u015b Jesica Mercedes, gdy okaza\u0142a si\u0119 \u201etotaln\u0105<br \/>\nblondynk\u0105\u201d, nie obra\u017caj\u0105c blondynek, ale polotem intelektualnym te\u017c nie<br \/>\nb\u0142ysn\u0119\u0142a. Jedyne co potrafi\u0142a powiedzie\u0107 to wi\u0105za\u0142o si\u0119 z mod\u0105, opracowane<br \/>\nwypowiedzi, wyuczone niemal na pami\u0119\u0107, bez w\u0142asnych, naturalnych reakcji. Niestety,<br \/>\nnie zna si\u0119 na innych sprawach, nie ma swobody rozmowy na tematy og\u00f3lne. Faktycznie<br \/>\n\u2013 fachowiec w obszarze mody ale nic poza tym. Marek Kondrat potrafi\u0142<br \/>\nwypowiedzie\u0107 si\u0119 w ka\u017cdym temacie a je\u017celi by\u0142 taki, w kt\u00f3rym si\u0119 nie<br \/>\norientowa\u0142 \u2013 rzeczona moda \u2013 to potrafi\u0142 sam z siebie si\u0119 \u015bmia\u0107 w spos\u00f3b bardzo<br \/>\ninteligentny. Niestety, Tamara nie b\u0142ysn\u0119\u0142a swobod\u0105 wypowiedzi, nie posiada<br \/>\nwiedzy og\u00f3lnej na poziomie pozwalaj\u0105cym na konwersacj\u0119. Jestem ni\u0105 rozczarowana.<\/span><\/div>\n<div class=\"MsoNormal\" style=\"line-height: 150%; text-align: justify;\">\n<img loading=\"lazy\" height=\"640\" src=\"https:\/\/scontent-lhr3-1.xx.fbcdn.net\/hphotos-xfp1\/v\/t1.0-9\/12301547_1170723422956653_7299918257997493455_n.jpg?oh=81d6be3d67d3991bc7d8f69612ca7b07&amp;oe=56F3F632\" width=\"640\" \/><br \/>\nZdj\u0119cie z profilu fb Macademian Girl.<\/div>\n","protected":false},"excerpt":{"rendered":"<p>Wczoraj ogl\u0105da\u0142am Kub\u0119 Wojew\u00f3dzkiego. By\u0142 Marek Kondrat i Macademian Girl. Program by\u0142 niez\u0142y a Marek Kondrat to naprawd\u0119 inteligentny facet. \u015awietnie rozumieli si\u0119 z Kub\u0105, rozmowa na wysokim poziomie inteligencji, niedom\u00f3wie\u0144 i skr\u00f3t\u00f3w my\u015blowych. By\u0142am naprawd\u0119 pozytywnie zaskoczona. Strasznie mnie interesowa\u0142o jak to b\u0119dzie z Macademian. Lubi\u0119 j\u0105, jej stylizacje. Bardzo podoba mi si\u0119 fakt, &hellip;<\/p>\n","protected":false},"author":2,"featured_media":0,"comment_status":"open","ping_status":"open","sticky":false,"template":"","format":"standard","meta":[],"categories":[2,1],"tags":[],"_links":{"self":[{"href":"http:\/\/www.swiattoli.pl\/index.php?rest_route=\/wp\/v2\/posts\/801"}],"collection":[{"href":"http:\/\/www.swiattoli.pl\/index.php?rest_route=\/wp\/v2\/posts"}],"about":[{"href":"http:\/\/www.swiattoli.pl\/index.php?rest_route=\/wp\/v2\/types\/post"}],"author":[{"embeddable":true,"href":"http:\/\/www.swiattoli.pl\/index.php?rest_route=\/wp\/v2\/users\/2"}],"replies":[{"embeddable":true,"href":"http:\/\/www.swiattoli.pl\/index.php?rest_route=%2Fwp%2Fv2%2Fcomments&post=801"}],"version-history":[{"count":1,"href":"http:\/\/www.swiattoli.pl\/index.php?rest_route=\/wp\/v2\/posts\/801\/revisions"}],"predecessor-version":[{"id":1348,"href":"http:\/\/www.swiattoli.pl\/index.php?rest_route=\/wp\/v2\/posts\/801\/revisions\/1348"}],"wp:attachment":[{"href":"http:\/\/www.swiattoli.pl\/index.php?rest_route=%2Fwp%2Fv2%2Fmedia&parent=801"}],"wp:term":[{"taxonomy":"category","embeddable":true,"href":"http:\/\/www.swiattoli.pl\/index.php?rest_route=%2Fwp%2Fv2%2Fcategories&post=801"},{"taxonomy":"post_tag","embeddable":true,"href":"http:\/\/www.swiattoli.pl\/index.php?rest_route=%2Fwp%2Fv2%2Ftags&post=801"}],"curies":[{"name":"wp","href":"https:\/\/api.w.org\/{rel}","templated":true}]}}