{"id":7897,"date":"2026-04-02T12:09:56","date_gmt":"2026-04-02T12:09:56","guid":{"rendered":"http:\/\/www.swiattoli.pl\/?p=7897"},"modified":"2026-04-02T12:09:56","modified_gmt":"2026-04-02T12:09:56","slug":"recenzja-ksiazki-przesunac-horyzont-20-lat-pozniej-martyna-wojciechowska-rozszerzona-poglebiona-analiza","status":"publish","type":"post","link":"http:\/\/www.swiattoli.pl\/?p=7897","title":{"rendered":"Recenzja ksi\u0105\u017cki \u201ePrzesun\u0105\u0107 horyzont. 20 lat p\u00f3\u017aniej\u201d \u2013 Martyna Wojciechowska &#8211; rozszerzona, pog\u0142\u0119biona analiza"},"content":{"rendered":"<p style=\"text-align: justify;\"><span style=\"font-size: 20px;\">Jubileuszowe wydanie <em>\u201ePrzesun\u0105\u0107 horyzont. 20 lat p\u00f3\u017aniej\u201d<\/em> to co\u015b zupe\u0142nie wi\u0119cej ni\u017c reedycja kultowej opowie\u015bci o zdobyciu przez Martyn\u0119 Wojciechowsk\u0105 Mount Everestu w 2006 roku. To wielowarstwowa ksi\u0105\u017cka, kt\u00f3ra dzi\u0119ki nowym tekstom, refleksjom i wcze\u015bniej niepublikowanym materia\u0142om ods\u0142ania g\u0142\u0119bi\u0119, do kt\u00f3rej nie mia\u0142y dost\u0119pu wcze\u015bniejsze czytelniczki i czytelnicy.<\/span><\/p>\n<p style=\"text-align: justify;\"><span style=\"font-size: 20px;\">To powr\u00f3t do jednego z najwa\u017cniejszych moment\u00f3w \u017cycia autorki \u2013 ale ju\u017c z perspektywy kobiety dojrza\u0142ej, \u015bwiadomej i gotowej na du\u017c\u0105 doz\u0119 osobistej szczero\u015bci.<\/span><\/p>\n<p style=\"text-align: justify;\"><span style=\"font-size: 20px;\"><strong>\u00a0<\/strong><\/span><\/p>\n<p style=\"text-align: justify;\"><span style=\"font-size: 20px;\"><strong>Everest \u2013 cel, kt\u00f3ry narodzi\u0142 si\u0119 z b\u00f3lu i kryzysu<\/strong><\/span><\/p>\n<p style=\"text-align: justify;\"><span style=\"font-size: 20px;\">Kluczowym elementem tej historii jest dramatyczne wydarzenie, kt\u00f3re zapocz\u0105tkowa\u0142o ca\u0142\u0105 drog\u0119. Wojciechowska opisuje, jak tragiczny wypadek samochodowy, w kt\u00f3rym straci\u0142a przyjaciela, a sama z\u0142ama\u0142a kr\u0119gos\u0142up, sta\u0142 si\u0119 impulsem do podj\u0119cia pozornie niemo\u017cliwego wyzwania \u2013 zdobycia najwy\u017cszej g\u00f3ry \u015bwiata.<\/span><\/p>\n<p style=\"text-align: justify;\"><span style=\"font-size: 20px;\">Wspinaczka na Everest sta\u0142a si\u0119 dla niej sposobem na:<\/span><\/p>\n<ul style=\"text-align: justify;\">\n<li><span style=\"font-size: 20px;\">przepracowanie traumy,<\/span><\/li>\n<li><span style=\"font-size: 20px;\">odzyskanie kontroli nad w\u0142asnym \u017cyciem,<\/span><\/li>\n<li><span style=\"font-size: 20px;\">odnalezienie si\u0142y po do\u015bwiadczeniu \u017ca\u0142oby i straty,<\/span><\/li>\n<li><span style=\"font-size: 20px;\">symboliczne \u201eprzesuni\u0119cie horyzontu\u201d, czyli wyznaczenie celu przekraczaj\u0105cego w\u0142asne ograniczenia.<\/span><\/li>\n<\/ul>\n<p style=\"text-align: justify;\"><span style=\"font-size: 20px;\">Ta motywacyjna warstwa nie jest jedynie inspiracyjn\u0105 opowie\u015bci\u0105 \u2013 to szczery zapis zmagania z emocjami i cia\u0142em, z ryzykiem i decyzjami, kt\u00f3re wp\u0142ywa\u0142y na \u017cycie w najbardziej dos\u0142ownym sensie.<\/span><\/p>\n<p style=\"text-align: justify;\">\n<p style=\"text-align: justify;\"><span style=\"font-size: 20px;\"><strong>Powr\u00f3t do \u015bwiata himalaizmu sprzed dw\u00f3ch dekad<\/strong><\/span><\/p>\n<p style=\"text-align: justify;\"><span style=\"font-size: 20px;\">Jednym z najciekawszych element\u00f3w nowego wydania jest opis \u015bwiata himalaizmu takiego, jakim by\u0142 oko\u0142o 2006 roku \u2013 innego ni\u017c obecnie, mniej wspieranego technologicznie i znacznie bardziej wymagaj\u0105cego.<\/span><br \/>\n<span style=\"font-size: 20px;\">Autorka pokazuje himalaizm sprzed ery powszechnego GPS, smartfon\u00f3w i zaawansowanych aplikacji pogodowych. Wspomnienia te umo\u017cliwiaj\u0105 zrozumienie, jak bardzo surowe by\u0142o to do\u015bwiadczenie, zw\u0142aszcza dla kobiety, kt\u00f3ra musia\u0142a zmierzy\u0107 si\u0119 z wi\u0119ksz\u0105 liczb\u0105 barier ni\u017c jej koledzy po fachu.<\/span><\/p>\n<p style=\"text-align: justify;\"><span style=\"font-size: 20px;\">Ten aspekt czyni ksi\u0105\u017ck\u0119 cennym \u015bwiadectwem epoki \u2013 nie tylko opisem wspinaczki, ale tak\u017ce portretem \u015bwiata alpinistycznego, jego trudno\u015bci, wyzwa\u0144 i reali\u00f3w.<\/span><\/p>\n<p style=\"text-align: justify;\">\n<p style=\"text-align: justify;\"><span style=\"font-size: 20px;\"><strong>Nowe teksty, niepublikowane dzienniki i zdj\u0119cia \u2013 ogromna warto\u015b\u0107 dodana<\/strong><\/span><\/p>\n<p style=\"text-align: justify;\"><span style=\"font-size: 20px;\">Wydanie jubileuszowe wnosi znaczn\u0105 liczb\u0119 nowych materia\u0142\u00f3w:<\/span><\/p>\n<ul style=\"text-align: justify;\">\n<li><span style=\"font-size: 20px;\">fragmenty dziennik\u00f3w pisanych podczas wyprawy,<\/span><\/li>\n<li><span style=\"font-size: 20px;\">wcze\u015bniej niepublikowane zdj\u0119cia,<\/span><\/li>\n<li><span style=\"font-size: 20px;\">dopowiedzenia, refleksje i komentarze autorki, kt\u00f3rych nie zawiera\u0142o pierwsze wydanie. To sprawia, \u017ce ksi\u0105\u017cka nie jest tylko \u201euzupe\u0142nion\u0105 wersj\u0105\u201d \u2013 to zupe\u0142nie nowa opowie\u015b\u0107, w kt\u00f3rej przesz\u0142o\u015b\u0107 i tera\u017aniejszo\u015b\u0107 splataj\u0105 si\u0119 w fascynuj\u0105cy dialog.<\/span><\/li>\n<\/ul>\n<p style=\"text-align: justify;\"><span style=\"font-size: 20px;\">Z jednej strony czytelnik dostaje surow\u0105, bie\u017c\u0105c\u0105 relacj\u0119 z ekstremalnej wyprawy, z drugiej \u2013 dojrza\u0142y g\u0142os autorki, kt\u00f3ra po dw\u00f3ch dekadach potrafi nazwa\u0107 rzeczy po imieniu, przyzna\u0107 si\u0119 do l\u0119ku, s\u0142abo\u015bci, czasem do b\u0142\u0119d\u00f3w i w\u0105tpliwo\u015bci. To niezwyk\u0142a szczero\u015b\u0107, dzi\u0119ki kt\u00f3rej ksi\u0105\u017cka nabiera intymnego, autentycznego charakteru.<\/span><\/p>\n<p style=\"text-align: justify;\">\n<p style=\"text-align: justify;\"><span style=\"font-size: 20px;\"><strong>Ho\u0142d dla polskich himalaist\u00f3w<\/strong><\/span><\/p>\n<p style=\"text-align: justify;\"><span style=\"font-size: 20px;\">Wojciechowska po\u015bwi\u0119ca wiele miejsca wybitnym postaciom polskiego himalaizmu \u2013 takim jak Wanda Rutkiewicz czy Wojciech Kukuczka \u2013 oraz osobom, kt\u00f3re towarzyszy\u0142y jej na trasie i wspiera\u0142y w drodze do szczytu.<\/span><br \/>\n<span style=\"font-size: 20px;\">W ksi\u0105\u017cce pojawiaj\u0105 si\u0119 m.in. Dariusz Za\u0142uski, Simone Moro i Artur Hajzer, kt\u00f3ry by\u0142 dla niej mentorem i dobrym duchem wyprawy.<\/span><\/p>\n<p style=\"text-align: justify;\"><span style=\"font-size: 20px;\">To pozwala zobaczy\u0107 Everest nie jako samotny wyczyn, ale jako do\u015bwiadczenie zespo\u0142owe \u2013 splecione z historiami ludzi, kt\u00f3rzy tworzyli \u015bwiat himalaizmu.<\/span><\/p>\n<p style=\"text-align: justify;\">\n<p style=\"text-align: justify;\"><span style=\"font-size: 20px;\"><strong>Trudno\u015bci, kt\u00f3re ucz\u0105 pokory<\/strong><\/span><\/p>\n<p style=\"text-align: justify;\"><span style=\"font-size: 20px;\">Autorka z niezwyk\u0142\u0105 narracyjn\u0105 dok\u0142adno\u015bci\u0105 opisuje trudy wspinaczki:<\/span><\/p>\n<ul style=\"text-align: justify;\">\n<li><span style=\"font-size: 20px;\">za\u0142amania pogody,<\/span><\/li>\n<li><span style=\"font-size: 20px;\">\u015bmier\u0107 wspinaczy,<\/span><\/li>\n<li><span style=\"font-size: 20px;\">momenty skrajnego wyczerpania,<\/span><\/li>\n<li><span style=\"font-size: 20px;\">konfrontacje z w\u0142asnymi s\u0142abo\u015bciami,<\/span><\/li>\n<li><span style=\"font-size: 20px;\">flashbacki z wypadku na Islandii, kt\u00f3re wraca\u0142y podczas drogi na szczyt.<\/span><\/li>\n<\/ul>\n<p style=\"text-align: justify;\"><span style=\"font-size: 20px;\">Te sceny przypominaj\u0105, \u017ce Everest nie jest mitem ani romantyczn\u0105 ikon\u0105 \u2013 to miejsce, gdzie ka\u017cdy krok jest walk\u0105 z \u017cywio\u0142em, cia\u0142em i psychik\u0105.<\/span><\/p>\n<p style=\"text-align: justify;\"><span style=\"font-size: 20px;\"><strong>Autorka o samej sobie \u2013 nowa szczero\u015b\u0107, nowe znaczenia<\/strong><\/span><\/p>\n<p style=\"text-align: justify;\"><span style=\"font-size: 20px;\">Najbardziej uderzaj\u0105ce s\u0105 fragmenty, w kt\u00f3rych Wojciechowska pisze o sobie bez filtr\u00f3w. Przyznaje, \u017ce to wydanie jest jej najuczciwsz\u0105 relacj\u0105, napisan\u0105 z pe\u0142n\u0105 \u015bwiadomo\u015bci\u0105, ale i odpowiedzialno\u015bci\u0105 za osoby, kt\u00f3rych ta historia dotyczy.<\/span><\/p>\n<p style=\"text-align: justify;\"><span style=\"font-size: 20px;\">To ksi\u0105\u017cka o:<\/span><\/p>\n<ul style=\"text-align: justify;\">\n<li><span style=\"font-size: 20px;\">odwadze,<\/span><\/li>\n<li><span style=\"font-size: 20px;\">niedoskona\u0142o\u015bci,<\/span><\/li>\n<li><span style=\"font-size: 20px;\">radzeniu sobie z trudno\u015bciami, czasem niezdarnie, ale do przodu,<\/span><\/li>\n<li><span style=\"font-size: 20px;\">\u017cyciowym kryzysie, kt\u00f3ry przeradza si\u0119 w decyzj\u0119 zmieniaj\u0105c\u0105 wszystko.<\/span><\/li>\n<\/ul>\n<p style=\"text-align: justify;\"><span style=\"font-size: 20px;\">Ta warstwa czyni ksi\u0105\u017ck\u0119 nie tyle relacj\u0105 podr\u00f3\u017cnicz\u0105, co story o <strong>przebudzeniu<\/strong>, <strong>przemianie<\/strong> i <strong>szukaniu sensu<\/strong>.<\/span><\/p>\n<p style=\"text-align: justify;\">\n<p style=\"text-align: justify;\"><span style=\"font-size: 20px;\"><strong>Dlaczego warto przeczyta\u0107 now\u0105 edycj\u0119?<\/strong><\/span><\/p>\n<p style=\"text-align: justify;\"><span style=\"font-size: 20px;\">Ksi\u0105\u017cka \u201ePrzesun\u0105\u0107 horyzont. 20 lat p\u00f3\u017aniej\u201d to pozycja absolutnie obowi\u0105zkowa dla:<\/span><\/p>\n<ul style=\"text-align: justify;\">\n<li><span style=\"font-size: 20px;\"><strong>mi\u0142o\u015bnik\u00f3w g\u00f3r<\/strong> \u2013 bo oddaje ich pi\u0119kno, groz\u0119 i majestat,<\/span><\/li>\n<li><span style=\"font-size: 20px;\"><strong>fan\u00f3w literatury podr\u00f3\u017cniczej<\/strong> \u2013 bo oferuje \u015bwietnie napisan\u0105, trzymaj\u0105c\u0105 w napi\u0119ciu narracj\u0119,<\/span><\/li>\n<li><span style=\"font-size: 20px;\"><strong>os\u00f3b w kryzysie lub szukaj\u0105cych inspiracji<\/strong> \u2013 bo pokazuje, \u017ce nawet z najtrudniejszych do\u015bwiadcze\u0144 mo\u017ce wynikn\u0105\u0107 nowa si\u0142a,<\/span><\/li>\n<li><span style=\"font-size: 20px;\"><strong>czytelnik\u00f3w, kt\u00f3rzy ceni\u0105 szczero\u015b\u0107 i refleksj\u0119<\/strong> \u2013 bo ta ksi\u0105\u017cka jest autentyczna i bezpo\u015brednia.<\/span><\/li>\n<\/ul>\n<p style=\"text-align: justify;\"><span style=\"font-size: 20px;\">To opowie\u015b\u0107 o tym, \u017ce ka\u017cdy z nas ma sw\u00f3j Everest \u2013 i \u017ce czasem warto \u201eprzesun\u0105\u0107 horyzont\u201d, aby zobaczy\u0107, \u017ce \u017cycie zaczyna si\u0119 tam, gdzie ko\u0144czy si\u0119 strach.<\/span><\/p>\n<p style=\"text-align: justify;\">\n<p style=\"text-align: justify;\"><span style=\"font-size: 20px;\"><strong>Podsumowanie<\/strong><\/span><\/p>\n<p style=\"text-align: justify;\"><span style=\"font-size: 20px;\">Rozszerzone wydanie ksi\u0105\u017cki Martyny Wojciechowskiej to niezwykle dojrza\u0142a, bogata i warto\u015bciowa opowie\u015b\u0107. Nie tylko dokumentuje jedn\u0105 z najwa\u017cniejszych wypraw w historii polskiego himalaizmu, ale tak\u017ce staje si\u0119 \u015bwiadectwem osobistej transformacji.<\/span><br \/>\n<span style=\"font-size: 20px;\">Czyta si\u0119 j\u0105 jak powie\u015b\u0107 przygodow\u0105, jak pami\u0119tnik, ale i jak inspiruj\u0105cy esej o ludzkiej determinacji.<\/span><\/p>\n<p style=\"text-align: justify;\"><span style=\"font-size: 20px;\">Po 20 latach historia ta nabiera nowych barw i staje si\u0119 pe\u0142niejsza, bardziej poruszaj\u0105ca i bardziej ludzka.<\/span><\/p>\n","protected":false},"excerpt":{"rendered":"<p>Jubileuszowe wydanie \u201ePrzesun\u0105\u0107 horyzont. 20 lat p\u00f3\u017aniej\u201d to co\u015b zupe\u0142nie wi\u0119cej ni\u017c reedycja kultowej opowie\u015bci o zdobyciu przez Martyn\u0119 Wojciechowsk\u0105 Mount Everestu w 2006 roku. To wielowarstwowa ksi\u0105\u017cka, kt\u00f3ra dzi\u0119ki nowym tekstom, refleksjom i wcze\u015bniej niepublikowanym materia\u0142om ods\u0142ania g\u0142\u0119bi\u0119, do kt\u00f3rej nie mia\u0142y dost\u0119pu wcze\u015bniejsze czytelniczki i czytelnicy. To powr\u00f3t do jednego z najwa\u017cniejszych moment\u00f3w &hellip;<\/p>\n","protected":false},"author":1,"featured_media":7898,"comment_status":"open","ping_status":"open","sticky":false,"template":"","format":"standard","meta":[],"categories":[2,3],"tags":[1749,2639,337,222,26,1114,2638,341,2636,2637],"_links":{"self":[{"href":"http:\/\/www.swiattoli.pl\/index.php?rest_route=\/wp\/v2\/posts\/7897"}],"collection":[{"href":"http:\/\/www.swiattoli.pl\/index.php?rest_route=\/wp\/v2\/posts"}],"about":[{"href":"http:\/\/www.swiattoli.pl\/index.php?rest_route=\/wp\/v2\/types\/post"}],"author":[{"embeddable":true,"href":"http:\/\/www.swiattoli.pl\/index.php?rest_route=\/wp\/v2\/users\/1"}],"replies":[{"embeddable":true,"href":"http:\/\/www.swiattoli.pl\/index.php?rest_route=%2Fwp%2Fv2%2Fcomments&post=7897"}],"version-history":[{"count":1,"href":"http:\/\/www.swiattoli.pl\/index.php?rest_route=\/wp\/v2\/posts\/7897\/revisions"}],"predecessor-version":[{"id":7899,"href":"http:\/\/www.swiattoli.pl\/index.php?rest_route=\/wp\/v2\/posts\/7897\/revisions\/7899"}],"wp:featuredmedia":[{"embeddable":true,"href":"http:\/\/www.swiattoli.pl\/index.php?rest_route=\/wp\/v2\/media\/7898"}],"wp:attachment":[{"href":"http:\/\/www.swiattoli.pl\/index.php?rest_route=%2Fwp%2Fv2%2Fmedia&parent=7897"}],"wp:term":[{"taxonomy":"category","embeddable":true,"href":"http:\/\/www.swiattoli.pl\/index.php?rest_route=%2Fwp%2Fv2%2Fcategories&post=7897"},{"taxonomy":"post_tag","embeddable":true,"href":"http:\/\/www.swiattoli.pl\/index.php?rest_route=%2Fwp%2Fv2%2Ftags&post=7897"}],"curies":[{"name":"wp","href":"https:\/\/api.w.org\/{rel}","templated":true}]}}