{"id":789,"date":"2015-12-17T09:55:00","date_gmt":"2015-12-17T09:55:00","guid":{"rendered":"http:\/\/www.swiattoli.pl\/?p=789"},"modified":"2020-02-07T12:28:30","modified_gmt":"2020-02-07T12:28:30","slug":"to-co-do-jednego-dziecka-nie-zawsze","status":"publish","type":"post","link":"http:\/\/www.swiattoli.pl\/?p=789","title":{"rendered":"To, co do jednego dziecka nie zawsze odnosi si\u0119 do bli\u017aniak\u00f3w"},"content":{"rendered":"<div class=\"MsoNormal\" style=\"line-height: 150%; text-align: justify;\">\n<span style=\"font-size: 14.0pt; line-height: 150%;\">Wczoraj byli\u015bmy na szczepieniu. Wszystko<br \/>\nok., noc bez sensacji. Pytali\u015bmy o z\u0105bkowanie, bo nasze ch\u0142opaki jeszcze nie<br \/>\nmaj\u0105 z\u0119b\u00f3w. Powiedziano nam, \u017ce spokojnie, nie ma si\u0119 co martwi\u0107. Maj\u0105 jeszcze<br \/>\nczas. Kolejny temat jaki podj\u0119li\u015bmy to by\u0142o karmienie. Nasze dzieci nadal<br \/>\nstaram si\u0119 karmi\u0107 co 3 \u2013 4 godziny i nie zawsze chc\u0105 je\u015b\u0107, albo jak jedz\u0105 to<br \/>\nurz\u0105dzaj\u0105 ryki, wygibasy itp. Jeden z syn\u00f3w ma mani\u0119 machania r\u0119k\u0105 i wtykania<br \/>\njej w misk\u0119, do buzi, ewentualnie pakowania do ust pieluchy spod brody. Oczywi\u015bcie<br \/>\nus\u0142yszeli\u015bmy, \u017ce teraz karmi si\u0119 dzieci na \u017c\u0105danie. Fajnie. A pr\u00f3bowa\u0142 kto\u015b<br \/>\nkarmi\u0107 bli\u017aniaki na \u017c\u0105danie w dodatku takie, kt\u00f3re nie zawsze chc\u0105 je\u015b\u0107? Jak<br \/>\nmia\u0142abym karmi\u0107 na \u017c\u0105danie to bym si\u0119 z domu nigdzie nie ruszy\u0142a, bo nie<br \/>\njedliby przecie\u017c o tych samych, mniej wi\u0119cej, godzinach, tylko tak jakby, kto<br \/>\nchcia\u0142. \u015awietnie, mo\u017cna tak karmi\u0107 jak jest jedno dziecko. Kole\u017canka, matka<br \/>\nbli\u017aniak\u00f3w, s\u0142usznie powiedzia\u0142a, \u017ce zasady odno\u015bnie jednego dziecka nie<br \/>\ndotycz\u0105 bli\u017aniak\u00f3w, tak si\u0119 nie da. Nie skacz\u0119 nad dzieckiem, gdy p\u0142acze. Owszem,<br \/>\nnie zrywam si\u0119 przy ka\u017cdym kwikni\u0119ciu ale jak jedno wreszcie usn\u0119\u0142o to nie<br \/>\nsiedz\u0119 i nie patrz\u0119 jak drugie ryczy bo zaraz to, co zasn\u0119\u0142o si\u0119 obudzi. Tym<br \/>\nwszystkim m\u0105drym radom trzeba troch\u0119 odpu\u015bci\u0107 i pu\u015bci\u0107 mimo uszu. Czego na<br \/>\npewno nie wolno robi\u0107 to por\u00f3wnywa\u0107 w\u0142asnego dziecka do innych, bo ka\u017cde jest<br \/>\ninne. Owszem, powinny si\u0119 zachowania i rozw\u00f3j mie\u015bci\u0107 w normach, s\u0105 siatki<br \/>\ncentylowe. Je\u017celi tak si\u0119 dzieje to nie ma co panikowa\u0107, gdy czego jeszcze nie<br \/>\npotrafi. Piel\u0119gniarka opowiada\u0142a, \u017ce przysz\u0142a spanikowana matka, bo dziecko 9<br \/>\nmiesi\u0119czne przesta\u0142o m\u00f3wi\u0107 i pewnie ma autyzm. Nie dajmy si\u0119 zwariowa\u0107 ale<br \/>\nczuwajmy.<\/span><\/div>\n","protected":false},"excerpt":{"rendered":"<p>Wczoraj byli\u015bmy na szczepieniu. Wszystko ok., noc bez sensacji. Pytali\u015bmy o z\u0105bkowanie, bo nasze ch\u0142opaki jeszcze nie maj\u0105 z\u0119b\u00f3w. Powiedziano nam, \u017ce spokojnie, nie ma si\u0119 co martwi\u0107. Maj\u0105 jeszcze czas. Kolejny temat jaki podj\u0119li\u015bmy to by\u0142o karmienie. Nasze dzieci nadal staram si\u0119 karmi\u0107 co 3 \u2013 4 godziny i nie zawsze chc\u0105 je\u015b\u0107, albo &hellip;<\/p>\n","protected":false},"author":2,"featured_media":0,"comment_status":"open","ping_status":"open","sticky":false,"template":"","format":"standard","meta":[],"categories":[8,1],"tags":[],"_links":{"self":[{"href":"http:\/\/www.swiattoli.pl\/index.php?rest_route=\/wp\/v2\/posts\/789"}],"collection":[{"href":"http:\/\/www.swiattoli.pl\/index.php?rest_route=\/wp\/v2\/posts"}],"about":[{"href":"http:\/\/www.swiattoli.pl\/index.php?rest_route=\/wp\/v2\/types\/post"}],"author":[{"embeddable":true,"href":"http:\/\/www.swiattoli.pl\/index.php?rest_route=\/wp\/v2\/users\/2"}],"replies":[{"embeddable":true,"href":"http:\/\/www.swiattoli.pl\/index.php?rest_route=%2Fwp%2Fv2%2Fcomments&post=789"}],"version-history":[{"count":1,"href":"http:\/\/www.swiattoli.pl\/index.php?rest_route=\/wp\/v2\/posts\/789\/revisions"}],"predecessor-version":[{"id":1361,"href":"http:\/\/www.swiattoli.pl\/index.php?rest_route=\/wp\/v2\/posts\/789\/revisions\/1361"}],"wp:attachment":[{"href":"http:\/\/www.swiattoli.pl\/index.php?rest_route=%2Fwp%2Fv2%2Fmedia&parent=789"}],"wp:term":[{"taxonomy":"category","embeddable":true,"href":"http:\/\/www.swiattoli.pl\/index.php?rest_route=%2Fwp%2Fv2%2Fcategories&post=789"},{"taxonomy":"post_tag","embeddable":true,"href":"http:\/\/www.swiattoli.pl\/index.php?rest_route=%2Fwp%2Fv2%2Ftags&post=789"}],"curies":[{"name":"wp","href":"https:\/\/api.w.org\/{rel}","templated":true}]}}