{"id":788,"date":"2015-12-25T10:04:00","date_gmt":"2015-12-25T10:04:00","guid":{"rendered":"http:\/\/www.swiattoli.pl\/?p=788"},"modified":"2020-02-07T12:28:30","modified_gmt":"2020-02-07T12:28:30","slug":"swieta-swieta","status":"publish","type":"post","link":"http:\/\/www.swiattoli.pl\/?p=788","title":{"rendered":"\u015awi\u0119ta, \u015awi\u0119ta"},"content":{"rendered":"<div class=\"MsoNormal\" style=\"line-height: 150%; text-align: justify;\">\n<span style=\"font-size: 14.0pt; line-height: 150%;\">\u015awi\u0119ta, \u015bwi\u0119ta <\/span><span style=\"font-family: Wingdings; font-size: 14.0pt; line-height: 150%; mso-ascii-font-family: &quot;Times New Roman&quot;; mso-char-type: symbol; mso-hansi-font-family: &quot;Times New Roman&quot;; mso-symbol-font-family: Wingdings;\">J<\/span><span style=\"font-size: 14.0pt; line-height: 150%;\">. Znowu<br \/>\nsi\u0119 oci\u0105ga\u0142am z pisaniem ale przygotowania przed\u015bwi\u0105teczne mnie poch\u0142on\u0119\u0142y. Remontowanie<br \/>\nsalonu okaza\u0142o si\u0119 bardzo pracoch\u0142onnym, wr\u0119cz ponad si\u0142y ale uda\u0142o&nbsp; si\u0119 <\/span><span style=\"font-family: Wingdings; font-size: 14.0pt; line-height: 150%; mso-ascii-font-family: &quot;Times New Roman&quot;; mso-char-type: symbol; mso-hansi-font-family: &quot;Times New Roman&quot;; mso-symbol-font-family: Wingdings;\">J<\/span><span style=\"font-size: 14.0pt; line-height: 150%;\">. Jednak porwali\u015bmy si\u0119 z motyk\u0105 na<br \/>\ns\u0142o\u0144ce. Porz\u0105dki sko\u0144czy\u0142y si\u0119 tak, \u017ce d\u00f3\u0142 sprz\u0105tni\u0119to, jednak na g\u00f3rze powsta\u0142<br \/>\nwi\u0119kszy ba\u0142agan ni\u017c by\u0142 przed sprz\u0105taniem. W Wigili\u0119, chwil\u0119 przed przyj\u015bciem<br \/>\ngo\u015bci, rozwiesza\u0142am na balkonie lampki. Strasznie jestem ciekawa jak sprawdz\u0105 si\u0119<br \/>\nlampki solarne. Wczoraj, to jeszcze nie da\u0142o si\u0119 dok\u0142adnie ustali\u0107 ich<br \/>\n\u017cywotno\u015bci, bo p\u00f3\u017ano zosta\u0142y wystawione na s\u0142o\u0144ce ale dzisiaj wszystko ju\u017c<br \/>\nb\u0119dzie jasne. Drzewko przed domem nie zosta\u0142o jeszcze ubrane. Za ma\u0142o czasu na<br \/>\nto wszystko. Sama Wigilia przebieg\u0142a ca\u0142kiem fajnie. Chcia\u0142abym, \u017ceby moje<br \/>\nch\u0142opaki mia\u0142y mi\u0142e wspomnienia. Ja, pami\u0119tam moje \u015bwi\u0119ta z dzieci\u0144stwa bardzo<br \/>\ndobrze i wspominam je z rozrzewnieniem. Przyje\u017cd\u017ca\u0142a rodzina do babci na wie\u015b,<br \/>\nwszyscy razem tak od\u015bwi\u0119tnie i uroczy\u015bcie w prawdziwej rodzinnej atmosferze. Miko\u0142aj,<br \/>\nkol\u0119dnicy i \u015bnieg. Wszystko to mo\u017cna zorganizowa\u0107 i dzisiaj, no mo\u017ce poza \u015bniegiem.<br \/>\nArmatek za\u015bnie\u017caj\u0105cych nie b\u0119d\u0105 kupowa\u0142a a i kol\u0119dnik\u00f3w na si\u0142\u0119 nie \u015bci\u0105gn\u0119. Ta<br \/>\ntradycja by\u0142a chyba bardziej na wsiach a i tam ju\u017c wymar\u0142a. A i zapomnia\u0142am<br \/>\ndoda\u0107, \u017ce piek\u0142am ciasta. Przepisy zamieszcz\u0119 w najbli\u017cszym czasie, bo ciasta<br \/>\nproste w przygotowaniu a i smaczne. Pope\u0142ni\u0142am kilka b\u0142\u0119d\u00f3w bo jedno z nich to<br \/>\nczekoladowe. Ju\u017c po dodaniu wszystkich sk\u0142adnik\u00f3w przeczyta\u0142am przepis po raz<br \/>\nkolejny i nagle przejrza\u0142am na oczy. Trzeba by\u0142o doda\u0107 d\u017cem. No i doda\u0142am. Zamiast<br \/>\n4 \u0142y\u017cek da\u0142am ca\u0142y s\u0142oik a jakby tego by\u0142o ma\u0142o, d\u017cem powinien nie by\u0107 jasny w<br \/>\nzwi\u0105zku z tym da\u0142am d\u017cem morelowy <\/span><span style=\"font-family: Wingdings; font-size: 14.0pt; line-height: 150%; mso-ascii-font-family: &quot;Times New Roman&quot;; mso-char-type: symbol; mso-hansi-font-family: &quot;Times New Roman&quot;; mso-symbol-font-family: Wingdings;\">J<\/span><span style=\"font-size: 14.0pt; line-height: 150%;\">. Koniec ko\u0144c\u00f3w nie mia\u0142o to \u017cadnego<br \/>\nwp\u0142ywu na walory wizualne ciasta bo i tak by\u0142o ciemne. Inn\u0105 atrakcj\u0105 by\u0142o to,<br \/>\n\u017ce ciasto, kt\u00f3re powinno piec si\u0119 30 minut piek\u0142o si\u0119 1,5 godziny a dlaczego to<br \/>\nnie wiem. No i na koniec wywali\u0142o mi korki. Tak si\u0119 nagrza\u0142o podczas pieczenia,<br \/>\n\u017ce korek by\u0142 a\u017c ciep\u0142y i nie dawa\u0142 si\u0119 znowu w\u0142\u0105czy\u0107. Oczywi\u015bcie sta\u0142o si\u0119 to<br \/>\npodczas pieczenia. Musia\u0142am odczeka\u0107 a\u017c korek ostygnie. Na szcz\u0119\u015bcie nie mia\u0142o<br \/>\nto wp\u0142ywu na smak ciasta <\/span><span style=\"font-family: Wingdings; font-size: 14.0pt; line-height: 150%; mso-ascii-font-family: &quot;Times New Roman&quot;; mso-char-type: symbol; mso-hansi-font-family: &quot;Times New Roman&quot;; mso-symbol-font-family: Wingdings;\">J<\/span><span style=\"font-size: 14.0pt; line-height: 150%;\">.<\/span><\/div>\n","protected":false},"excerpt":{"rendered":"<p>\u015awi\u0119ta, \u015bwi\u0119ta J. Znowu si\u0119 oci\u0105ga\u0142am z pisaniem ale przygotowania przed\u015bwi\u0105teczne mnie poch\u0142on\u0119\u0142y. Remontowanie salonu okaza\u0142o si\u0119 bardzo pracoch\u0142onnym, wr\u0119cz ponad si\u0142y ale uda\u0142o&nbsp; si\u0119 J. Jednak porwali\u015bmy si\u0119 z motyk\u0105 na s\u0142o\u0144ce. Porz\u0105dki sko\u0144czy\u0142y si\u0119 tak, \u017ce d\u00f3\u0142 sprz\u0105tni\u0119to, jednak na g\u00f3rze powsta\u0142 wi\u0119kszy ba\u0142agan ni\u017c by\u0142 przed sprz\u0105taniem. W Wigili\u0119, chwil\u0119 przed przyj\u015bciem &hellip;<\/p>\n","protected":false},"author":2,"featured_media":0,"comment_status":"open","ping_status":"open","sticky":false,"template":"","format":"standard","meta":[],"categories":[2,1],"tags":[],"_links":{"self":[{"href":"http:\/\/www.swiattoli.pl\/index.php?rest_route=\/wp\/v2\/posts\/788"}],"collection":[{"href":"http:\/\/www.swiattoli.pl\/index.php?rest_route=\/wp\/v2\/posts"}],"about":[{"href":"http:\/\/www.swiattoli.pl\/index.php?rest_route=\/wp\/v2\/types\/post"}],"author":[{"embeddable":true,"href":"http:\/\/www.swiattoli.pl\/index.php?rest_route=\/wp\/v2\/users\/2"}],"replies":[{"embeddable":true,"href":"http:\/\/www.swiattoli.pl\/index.php?rest_route=%2Fwp%2Fv2%2Fcomments&post=788"}],"version-history":[{"count":1,"href":"http:\/\/www.swiattoli.pl\/index.php?rest_route=\/wp\/v2\/posts\/788\/revisions"}],"predecessor-version":[{"id":1362,"href":"http:\/\/www.swiattoli.pl\/index.php?rest_route=\/wp\/v2\/posts\/788\/revisions\/1362"}],"wp:attachment":[{"href":"http:\/\/www.swiattoli.pl\/index.php?rest_route=%2Fwp%2Fv2%2Fmedia&parent=788"}],"wp:term":[{"taxonomy":"category","embeddable":true,"href":"http:\/\/www.swiattoli.pl\/index.php?rest_route=%2Fwp%2Fv2%2Fcategories&post=788"},{"taxonomy":"post_tag","embeddable":true,"href":"http:\/\/www.swiattoli.pl\/index.php?rest_route=%2Fwp%2Fv2%2Ftags&post=788"}],"curies":[{"name":"wp","href":"https:\/\/api.w.org\/{rel}","templated":true}]}}