{"id":7781,"date":"2025-11-17T05:28:18","date_gmt":"2025-11-17T05:28:18","guid":{"rendered":"http:\/\/www.swiattoli.pl\/?p=7781"},"modified":"2025-11-16T15:32:01","modified_gmt":"2025-11-16T15:32:01","slug":"petelkowy-bal-choinkowy-barbara-supel","status":"publish","type":"post","link":"http:\/\/www.swiattoli.pl\/?p=7781","title":{"rendered":"P\u0119telkowy bal choinkowy \u2013 Barbara Supe\u0142"},"content":{"rendered":"<p style=\"text-align: justify;\">\n<p style=\"text-align: justify;\" data-start=\"480\" data-end=\"1009\"><span style=\"font-size: 24px;\">S\u0105 takie ksi\u0105\u017cki dla dzieci, kt\u00f3re od pierwszego dotkni\u0119cia wywo\u0142uj\u0105 w nas uczucie, jakby\u015bmy trzymali w r\u0119kach co\u015b znacznie wi\u0119kszego ni\u017c tylko kartonowe strony i barwne ilustracje. <em data-start=\"662\" data-end=\"687\">P\u0119telkowy bal choinkowy<\/em> Barbary Supe\u0142 nale\u017cy w\u0142a\u015bnie do tej kategorii. To ksi\u0105\u017cka, kt\u00f3ra ju\u017c po otwarciu pierwszej strony pozwala wej\u015b\u0107 do \u015bwiata dzieci\u0119cej beztroski \u2013 \u015bwiata, w kt\u00f3rym przygotowania do \u015bwi\u0105tecznego balu potrafi\u0105 by\u0107 najwa\u017cniejszym wydarzeniem tygodnia, a ka\u017cde okienko do otwarcia kryje ma\u0142y sekret, gotowy, by wywo\u0142a\u0107 u\u015bmiech.<\/span><\/p>\n<p data-start=\"480\" data-end=\"1009\"><img loading=\"lazy\" class=\"aligncenter wp-image-7782 size-full\" src=\"http:\/\/www.swiattoli.pl\/wp-content\/uploads\/2025\/11\/aaass.jpg\" alt=\"\" width=\"1013\" height=\"616\" srcset=\"http:\/\/www.swiattoli.pl\/wp-content\/uploads\/2025\/11\/aaass.jpg 1013w, http:\/\/www.swiattoli.pl\/wp-content\/uploads\/2025\/11\/aaass-300x182.jpg 300w, http:\/\/www.swiattoli.pl\/wp-content\/uploads\/2025\/11\/aaass-768x467.jpg 768w, http:\/\/www.swiattoli.pl\/wp-content\/uploads\/2025\/11\/aaass-780x474.jpg 780w\" sizes=\"(max-width: 1013px) 100vw, 1013px\" \/><\/p>\n<p style=\"text-align: justify;\" data-start=\"1011\" data-end=\"1515\"><span style=\"font-size: 24px;\">Kiedy wracam do tej ksi\u0105\u017cki, mam wra\u017cenie, \u017ce przenosz\u0119 si\u0119 w czasie. Przedszkolna sala, w kt\u00f3rej rozgrywa si\u0119 akcja, jest dok\u0142adnie taka, jak\u0105 pami\u0119tamy z dzieci\u0144stwa: nieco gwarna, pe\u0142na \u017cywych kolor\u00f3w, z rozrzuconymi kredkami, bibu\u0142\u0105, a na \u015brodku \u2013 wielka choinka, kt\u00f3ra stoi dumnie, jakby wiedzia\u0142a, \u017ce jest najwa\u017cniejsz\u0105 bohaterk\u0105 tego dnia. W powietrzu unosi si\u0119 zapach papierowych ozd\u00f3b, lekkie podenerwowanie przed wyst\u0119pem i radosne rozmowy kilkulatk\u00f3w, dla kt\u00f3rych ka\u017cdy szczeg\u00f3\u0142 ma znaczenie.<\/span><\/p>\n<p style=\"text-align: justify;\" data-start=\"1517\" data-end=\"1804\"><span style=\"font-size: 24px;\">Barbara Supe\u0142 potrafi zaczarowa\u0107 zwyk\u0142\u0105 codzienno\u015b\u0107 i sprawi\u0107, \u017ce staje si\u0119 ona \u015bwi\u0105teczn\u0105 opowie\u015bci\u0105. Nie potrzebuje skomplikowanych intryg \u2014 jej si\u0142\u0105 jest obserwacja, delikatno\u015b\u0107 i umiej\u0119tno\u015b\u0107 uchwycenia tego, co nap\u0119dza dzieci\u0119cy \u015bwiat: ciekawo\u015b\u0107, entuzjazm i niesko\u0144czona wyobra\u017ania.<\/span><\/p>\n<p style=\"text-align: justify;\" data-start=\"1806\" data-end=\"2391\"><span style=\"font-size: 24px;\">W <em data-start=\"1808\" data-end=\"1836\">P\u0119telkowym balu choinkowym<\/em> \u015bledzimy przygotowania Jadzi, Stasia i ich przedszkolnych przyjaci\u00f3\u0142 do zimowego \u015bwi\u0119towania. Wszyscy przebieraj\u0105 si\u0119 w kolorowe stroje, kt\u00f3re a\u017c kipi\u0105 pomys\u0142owo\u015bci\u0105. Jedno dziecko wybiera kostium renifera, inne anio\u0142ka, jeszcze inne postanawia by\u0107\u2026 kim\u015b zupe\u0142nie nieoczekiwanym. Stroje s\u0105 zabawne, barwne i pe\u0142ne charakteru \u2014 tak jak ka\u017cdy z ma\u0142ych bohater\u00f3w tej historii. I cho\u0107 bal choinkowy w przedszkolu jest wydarzeniem powtarzalnym, to w oczach dzieci zawsze jest czym\u015b wyj\u0105tkowym \u2013 wydarzeniem, kt\u00f3re buduje napi\u0119cie niczym wiecz\u00f3r przed Wigili\u0105.<\/span><\/p>\n<p data-start=\"1806\" data-end=\"2391\"><img loading=\"lazy\" class=\"aligncenter wp-image-7783 size-full\" src=\"http:\/\/www.swiattoli.pl\/wp-content\/uploads\/2025\/11\/assasaa.jpg\" alt=\"\" width=\"1019\" height=\"615\" srcset=\"http:\/\/www.swiattoli.pl\/wp-content\/uploads\/2025\/11\/assasaa.jpg 1019w, http:\/\/www.swiattoli.pl\/wp-content\/uploads\/2025\/11\/assasaa-300x181.jpg 300w, http:\/\/www.swiattoli.pl\/wp-content\/uploads\/2025\/11\/assasaa-768x464.jpg 768w, http:\/\/www.swiattoli.pl\/wp-content\/uploads\/2025\/11\/assasaa-780x471.jpg 780w\" sizes=\"(max-width: 1019px) 100vw, 1019px\" \/><\/p>\n<p style=\"text-align: justify;\" data-start=\"2393\" data-end=\"2773\"><span style=\"font-size: 24px;\">W\u0142a\u015bnie to napi\u0119cie \u2014 oczekiwanie na co\u015b pi\u0119knego, nieznanego, odrobin\u0119 magicznego \u2014 jest jednym z g\u0142\u00f3wnych temat\u00f3w ksi\u0105\u017cki. Wida\u0107 je w ka\u017cdym rysunku i w ka\u017cdym zdaniu. Dzieci wybiegaj\u0105 wzrokiem do drzwi, przysuwaj\u0105 krzese\u0142ka bli\u017cej sceny, rozgl\u0105daj\u0105 si\u0119 za Miko\u0142ajem, a ich ma\u0142e d\u0142onie dr\u017c\u0105 z podekscytowania, gdy podnosz\u0105 klapk\u0119 okienka, by odkry\u0107, co zosta\u0142o ukryte tym razem.<\/span><\/p>\n<p style=\"text-align: justify;\" data-start=\"2775\" data-end=\"3257\"><span style=\"font-size: 24px;\">Te okienka s\u0105 dla ksi\u0105\u017cki tym, czym pierwsza gwiazdka dla Wigilii \u2014 sygna\u0142em, \u017ce zaczyna si\u0119 co\u015b wa\u017cnego. Ka\u017cde z nich jest drobn\u0105 niespodziank\u0105. Ma\u0142y czytelnik odkrywa przedmioty, kt\u00f3re dope\u0142niaj\u0105 opowie\u015b\u0107, czasem \u015bmieszne drobiazgi, a czasem elementy dekoracji. Doro\u015bli cz\u0119sto nie doceniaj\u0105 takich detali, ale dla dzieci to kwintesencja rado\u015bci. Otwieranie okienek jest dla nich jak uczestnictwo w \u015bwi\u0105tecznym rytuale, kt\u00f3ry wymaga skupienia i przynosi natychmiastow\u0105 satysfakcj\u0119.<\/span><\/p>\n<p style=\"text-align: justify;\" data-start=\"3259\" data-end=\"3711\"><span style=\"font-size: 24px;\">Nie spos\u00f3b nie wspomnie\u0107 o ilustracjach Agaty \u0141ukszy. S\u0105 one nie tylko ozdob\u0105 tej ksi\u0105\u017cki, ale jej dusz\u0105. \u0141uksza ma niezwyk\u0142y talent do tworzenia obraz\u00f3w lekkich, pogodnych i przyjaznych dla oka. Kolory s\u0105 ciep\u0142e, nasycone, ale nie przyt\u0142aczaj\u0105ce \u2014 idealne dla najm\u0142odszych, kt\u00f3rzy cz\u0119sto gubi\u0105 si\u0119 w nadmiarze bod\u017ac\u00f3w. Ka\u017cda ilustracja jest przemy\u015blana, pe\u0142na sympatii i humoru, a jednocze\u015bnie na tyle prosta, by dziecko mog\u0142o swobodnie \u015bledzi\u0107 akcj\u0119.<\/span><\/p>\n<p style=\"text-align: justify;\" data-start=\"3713\" data-end=\"4136\"><span style=\"font-size: 24px;\">Sceny s\u0105 przedstawione tak, jakby ilustratorka sama by\u0142a kiedy\u015b cz\u0119\u015bci\u0105 takiego przedszkolnego balu. Wida\u0107, \u017ce zna rytm dzieci\u0119cych zachowa\u0144 \u2014 to, jak si\u0119 grupuj\u0105, jak patrz\u0105 na doros\u0142ych, jak z fascynacj\u0105 obserwuj\u0105 swoje stroje, jak reaguj\u0105, kiedy s\u0142ysz\u0105 odg\u0142os dzwonk\u00f3w Miko\u0142aja wchodz\u0105cego do sali. To nie jest cukierkowa wizja \u015bwi\u0105t; to prawdziwe dzieci\u0119ce emocje, ale przedstawione w spos\u00f3b mi\u0119kki i pe\u0142en \u017cyczliwo\u015bci.<\/span><\/p>\n<p data-start=\"3713\" data-end=\"4136\"><img loading=\"lazy\" class=\"aligncenter wp-image-7784 size-full\" src=\"http:\/\/www.swiattoli.pl\/wp-content\/uploads\/2025\/11\/adad.jpg\" alt=\"\" width=\"1017\" height=\"614\" srcset=\"http:\/\/www.swiattoli.pl\/wp-content\/uploads\/2025\/11\/adad.jpg 1017w, http:\/\/www.swiattoli.pl\/wp-content\/uploads\/2025\/11\/adad-300x181.jpg 300w, http:\/\/www.swiattoli.pl\/wp-content\/uploads\/2025\/11\/adad-768x464.jpg 768w, http:\/\/www.swiattoli.pl\/wp-content\/uploads\/2025\/11\/adad-780x471.jpg 780w\" sizes=\"(max-width: 1017px) 100vw, 1017px\" \/><\/p>\n<p style=\"text-align: justify;\" data-start=\"4138\" data-end=\"4555\"><span style=\"font-size: 24px;\">Ksi\u0105\u017cka, mimo swojej prostoty, niesie w sobie ogromny \u0142adunek ciep\u0142a. Jest jak zaproszenie, by razem z P\u0119telkami wej\u015b\u0107 w \u015bwi\u0105teczn\u0105 atmosfer\u0119 i na chwil\u0119 zatrzyma\u0107 si\u0119 w \u015bwiecie, w kt\u00f3rym rado\u015b\u0107 nie potrzebuje wielkich s\u0142\u00f3w. W \u015bwiecie, gdzie liczy si\u0119 taniec, \u015bmiech i wsp\u00f3lne oczekiwanie na odwiedziny Miko\u0142aja, kt\u00f3ry zawsze przynosi co\u015b wi\u0119cej ni\u017c tylko prezenty \u2014 przynosi emocje, kt\u00f3re zostaj\u0105 z dzie\u0107mi na d\u0142ugo.<\/span><\/p>\n<p style=\"text-align: justify;\" data-start=\"4557\" data-end=\"4944\"><span style=\"font-size: 24px;\"><em data-start=\"4557\" data-end=\"4582\">P\u0119telkowy bal choinkowy<\/em> to ksi\u0105\u017cka idealna na zimowe wieczory, czytana przy kubku ciep\u0142ego kakao, w p\u00f3\u0142mroku roz\u015bwietlonym lampkami choinki. To opowie\u015b\u0107, do kt\u00f3rej mo\u017cna wraca\u0107 ka\u017cdego roku \u2014 nie dlatego, \u017ce zapomina si\u0119 jej tre\u015b\u0107, ale dlatego, \u017ce dzieci chc\u0105 prze\u017cy\u0107 j\u0105 na nowo. To ksi\u0105\u017cka nie tylko do czytania, ale i do wsp\u00f3lnego odkrywania, komentowania, \u015bmiania si\u0119 i zachwycania.<\/span><\/p>\n<p style=\"text-align: justify;\" data-start=\"4946\" data-end=\"5128\"><span style=\"font-size: 24px;\">Trudno o pi\u0119kniejszy spos\u00f3b wprowadzenia najm\u0142odszych w atmosfer\u0119 \u015bwi\u0105t. Kto wie \u2014 mo\u017ce w\u0142a\u015bnie ta ksi\u0105\u017cka stanie si\u0119 dla Twojego dziecka jednym z pierwszych \u015bwi\u0105tecznych wspomnie\u0144?<\/span><\/p>\n","protected":false},"excerpt":{"rendered":"<p>S\u0105 takie ksi\u0105\u017cki dla dzieci, kt\u00f3re od pierwszego dotkni\u0119cia wywo\u0142uj\u0105 w nas uczucie, jakby\u015bmy trzymali w r\u0119kach co\u015b znacznie wi\u0119kszego ni\u017c tylko kartonowe strony i barwne ilustracje. P\u0119telkowy bal choinkowy Barbary Supe\u0142 nale\u017cy w\u0142a\u015bnie do tej kategorii. To ksi\u0105\u017cka, kt\u00f3ra ju\u017c po otwarciu pierwszej strony pozwala wej\u015b\u0107 do \u015bwiata dzieci\u0119cej beztroski \u2013 \u015bwiata, w kt\u00f3rym &hellip;<\/p>\n","protected":false},"author":1,"featured_media":7785,"comment_status":"open","ping_status":"open","sticky":false,"template":"","format":"standard","meta":[],"categories":[2,3],"tags":[2499,182,222,326,638,341,368,338,2518],"_links":{"self":[{"href":"http:\/\/www.swiattoli.pl\/index.php?rest_route=\/wp\/v2\/posts\/7781"}],"collection":[{"href":"http:\/\/www.swiattoli.pl\/index.php?rest_route=\/wp\/v2\/posts"}],"about":[{"href":"http:\/\/www.swiattoli.pl\/index.php?rest_route=\/wp\/v2\/types\/post"}],"author":[{"embeddable":true,"href":"http:\/\/www.swiattoli.pl\/index.php?rest_route=\/wp\/v2\/users\/1"}],"replies":[{"embeddable":true,"href":"http:\/\/www.swiattoli.pl\/index.php?rest_route=%2Fwp%2Fv2%2Fcomments&post=7781"}],"version-history":[{"count":1,"href":"http:\/\/www.swiattoli.pl\/index.php?rest_route=\/wp\/v2\/posts\/7781\/revisions"}],"predecessor-version":[{"id":7786,"href":"http:\/\/www.swiattoli.pl\/index.php?rest_route=\/wp\/v2\/posts\/7781\/revisions\/7786"}],"wp:featuredmedia":[{"embeddable":true,"href":"http:\/\/www.swiattoli.pl\/index.php?rest_route=\/wp\/v2\/media\/7785"}],"wp:attachment":[{"href":"http:\/\/www.swiattoli.pl\/index.php?rest_route=%2Fwp%2Fv2%2Fmedia&parent=7781"}],"wp:term":[{"taxonomy":"category","embeddable":true,"href":"http:\/\/www.swiattoli.pl\/index.php?rest_route=%2Fwp%2Fv2%2Fcategories&post=7781"},{"taxonomy":"post_tag","embeddable":true,"href":"http:\/\/www.swiattoli.pl\/index.php?rest_route=%2Fwp%2Fv2%2Ftags&post=7781"}],"curies":[{"name":"wp","href":"https:\/\/api.w.org\/{rel}","templated":true}]}}