{"id":772,"date":"2016-01-14T20:34:00","date_gmt":"2016-01-14T20:34:00","guid":{"rendered":"http:\/\/www.swiattoli.pl\/?p=772"},"modified":"2020-02-07T12:29:07","modified_gmt":"2020-02-07T12:29:07","slug":"foc","status":"publish","type":"post","link":"http:\/\/www.swiattoli.pl\/?p=772","title":{"rendered":"Foch"},"content":{"rendered":"<div class=\"MsoNormal\" style=\"line-height: 150%; text-align: justify;\">\n<span style=\"font-size: 14.0pt; line-height: 150%;\">Dzisiaj w jednego z moich syn\u00f3w co\u015b<br \/>\nwst\u0105pi\u0142o. Od samego rana foch, obraza i niezadowolenie. Przeszkadza\u0142o, \u017ce w<br \/>\nkrzese\u0142ku do karmienia obok siedzia\u0142 brat, \u017ce mia\u0142 pod brod\u0119 za\u0142o\u017con\u0105 pieluch\u0119,<br \/>\na tak\u017ce, \u017ce dostawa\u0142 jedzenie. Z\u0142a chudzinka szarpa\u0142a, nadzwyczaj spokojnego<br \/>\ndzi\u015b, brata. Za to brat dzisiaj ucieszy\u0142 si\u0119 rano na m\u00f3j widok niesamowicie. \u015amiech<br \/>\na jak zosta\u0142 wzi\u0119ty na r\u0119ce niemal\u017ce wpad\u0142 mi w ramiona z okrzykiem rado\u015bci. Podczas<br \/>\nkarmienia znowu obroty na boki, wykr\u0119canie i wyginanie. Kaszk\u0119 mia\u0142am na<br \/>\nnogach. Og\u00f3lnie jednak dzie\u0144 normalny i spokojny <\/span><span style=\"font-family: Wingdings; font-size: 14.0pt; line-height: 150%; mso-ascii-font-family: &quot;Times New Roman&quot;; mso-char-type: symbol; mso-hansi-font-family: &quot;Times New Roman&quot;; mso-symbol-font-family: Wingdings;\">J<\/span><span style=\"font-size: 14.0pt; line-height: 150%;\">.&nbsp;<\/span><\/div>\n","protected":false},"excerpt":{"rendered":"<p>Dzisiaj w jednego z moich syn\u00f3w co\u015b wst\u0105pi\u0142o. Od samego rana foch, obraza i niezadowolenie. Przeszkadza\u0142o, \u017ce w krzese\u0142ku do karmienia obok siedzia\u0142 brat, \u017ce mia\u0142 pod brod\u0119 za\u0142o\u017con\u0105 pieluch\u0119, a tak\u017ce, \u017ce dostawa\u0142 jedzenie. Z\u0142a chudzinka szarpa\u0142a, nadzwyczaj spokojnego dzi\u015b, brata. Za to brat dzisiaj ucieszy\u0142 si\u0119 rano na m\u00f3j widok niesamowicie. \u015amiech a &hellip;<\/p>\n","protected":false},"author":2,"featured_media":0,"comment_status":"open","ping_status":"open","sticky":false,"template":"","format":"standard","meta":[],"categories":[8,2,1],"tags":[],"_links":{"self":[{"href":"http:\/\/www.swiattoli.pl\/index.php?rest_route=\/wp\/v2\/posts\/772"}],"collection":[{"href":"http:\/\/www.swiattoli.pl\/index.php?rest_route=\/wp\/v2\/posts"}],"about":[{"href":"http:\/\/www.swiattoli.pl\/index.php?rest_route=\/wp\/v2\/types\/post"}],"author":[{"embeddable":true,"href":"http:\/\/www.swiattoli.pl\/index.php?rest_route=\/wp\/v2\/users\/2"}],"replies":[{"embeddable":true,"href":"http:\/\/www.swiattoli.pl\/index.php?rest_route=%2Fwp%2Fv2%2Fcomments&post=772"}],"version-history":[{"count":1,"href":"http:\/\/www.swiattoli.pl\/index.php?rest_route=\/wp\/v2\/posts\/772\/revisions"}],"predecessor-version":[{"id":1400,"href":"http:\/\/www.swiattoli.pl\/index.php?rest_route=\/wp\/v2\/posts\/772\/revisions\/1400"}],"wp:attachment":[{"href":"http:\/\/www.swiattoli.pl\/index.php?rest_route=%2Fwp%2Fv2%2Fmedia&parent=772"}],"wp:term":[{"taxonomy":"category","embeddable":true,"href":"http:\/\/www.swiattoli.pl\/index.php?rest_route=%2Fwp%2Fv2%2Fcategories&post=772"},{"taxonomy":"post_tag","embeddable":true,"href":"http:\/\/www.swiattoli.pl\/index.php?rest_route=%2Fwp%2Fv2%2Ftags&post=772"}],"curies":[{"name":"wp","href":"https:\/\/api.w.org\/{rel}","templated":true}]}}