{"id":7658,"date":"2025-06-23T19:00:00","date_gmt":"2025-06-23T19:00:00","guid":{"rendered":"http:\/\/www.swiattoli.pl\/?p=7658"},"modified":"2025-06-23T19:00:00","modified_gmt":"2025-06-23T19:00:00","slug":"pucio-ksiazki-ktore-ucza-mowic-z-sercem-i-zrozumieniem","status":"publish","type":"post","link":"http:\/\/www.swiattoli.pl\/?p=7658","title":{"rendered":"Pucio \u2013 ksi\u0105\u017cki, kt\u00f3re ucz\u0105 m\u00f3wi\u0107 z sercem i zrozumieniem"},"content":{"rendered":"<p style=\"text-align: justify;\"><span style=\"font-size: 20px;\"><strong>Autorka: Marta Galewska-Kustra<\/strong><\/span><br \/>\n<span style=\"font-size: 20px;\"><strong>Ilustracje: Joanna K\u0142os<\/strong><\/span><br \/>\n<span style=\"font-size: 20px;\"><strong>Wydawnictwo: Nasza Ksi\u0119garnia<\/strong><\/span><\/p>\n<p style=\"text-align: justify;\"><span style=\"font-size: 20px;\">Seria ksi\u0105\u017cek o Puciu to wyj\u0105tkowe dzie\u0142o literatury dzieci\u0119cej, kt\u00f3re \u0142\u0105czy ciep\u0142\u0105, rodzinn\u0105 atmosfer\u0119 z rzetelnym podej\u015bciem do rozwoju mowy i komunikacji. Stworzona przez logopedk\u0119 i pedagoga dzieci\u0119cego Mart\u0119 Galewsk\u0105-Kustr\u0119, ta seria nie jest tylko zbiorem opowie\u015bci \u2013 to przemy\u015blany program wspieraj\u0105cy rozw\u00f3j j\u0119zykowy dzieci od najm\u0142odszych lat.<\/span><\/p>\n<p style=\"text-align: justify;\"><span style=\"font-size: 20px;\"><strong>Bohater bliski ka\u017cdemu dziecku<\/strong><\/span><\/p>\n<p style=\"text-align: justify;\"><span style=\"font-size: 20px;\">Pucio to kilkuletni ch\u0142opiec, ciekawy \u015bwiata, empatyczny, troch\u0119 roztrzepany \u2013 dok\u0142adnie taki, jak ka\u017cde dziecko. Jego rodzina \u2013 mama, tata, starsza siostra Misi, m\u0142odszy braciszek Bobo, pies Funio i kot Mru Mru \u2013 to obraz bliskiej, pe\u0142nej ciep\u0142a codzienno\u015bci, w kt\u00f3rej ma\u0142y czytelnik bez trudu odnajduje elementy ze swojego \u017cycia. Dzi\u0119ki temu dzieci ch\u0119tnie anga\u017cuj\u0105 si\u0119 w lektur\u0119 i aktywnie uczestnicz\u0105 w opowiadaniu.<\/span><\/p>\n<p style=\"text-align: justify;\"><span style=\"font-size: 20px;\"><strong>Kolejne tomy \u2013 rozw\u00f3j mowy krok po kroku<\/strong><\/span><\/p>\n<p style=\"text-align: justify;\"><span style=\"font-size: 20px;\">Seria zosta\u0142a zaplanowana tak, by wspiera\u0107 dziecko na r\u00f3\u017cnych etapach jego rozwoju j\u0119zykowego:<\/span><\/p>\n<p style=\"text-align: justify;\"><span style=\"font-size: 20px;\"><strong>\ud83c\udf7c \u201ePucio uczy si\u0119 m\u00f3wi\u0107\u201d<\/strong><\/span><\/p>\n<p style=\"text-align: justify;\"><span style=\"font-size: 20px;\">Idealny dla dzieci od 1. roku \u017cycia. Ksi\u0105\u017cka zawiera proste d\u017awi\u0119kona\u015bladownictwa, wyrazy d\u017awi\u0119kona\u015bladowcze, podstawowe reakcje \u2013 \u201emniam\u201d, \u201ebam\u201d, \u201ehau hau\u201d, \u201eam am\u201d \u2013 wplecione w scenki z codziennego \u017cycia. Doskona\u0142a do nauki pierwszych s\u0142\u00f3w i nawi\u0105zywania kontaktu z mow\u0105.<\/span><\/p>\n<p style=\"text-align: justify;\"><span style=\"font-size: 20px;\"><strong>\ud83d\udc23 \u201ePucio m\u00f3wi pierwsze s\u0142owa\u201d<\/strong><\/span><\/p>\n<p style=\"text-align: justify;\"><span style=\"font-size: 20px;\">Dziecko poznaje podstawowe rzeczowniki i czasowniki. Obrazki s\u0105 czytelne, a tekst prosty i rytmiczny. To etap, gdy dziecko zaczyna \u0142\u0105czy\u0107 dwa s\u0142owa w proste wypowiedzi \u2013 \u201ePucio je zup\u0119\u201d, \u201eMisia \u015bpi\u201d.<\/span><\/p>\n<p style=\"text-align: justify;\"><span style=\"font-size: 20px;\"><strong>\ud83c\udf93 \u201ePucio i \u0107wiczenia z m\u00f3wienia, czyli nowe s\u0142owa i zdania\u201d<\/strong><\/span><\/p>\n<p style=\"text-align: justify;\"><span style=\"font-size: 20px;\">Tu ju\u017c pojawiaj\u0105 si\u0119 d\u0142u\u017csze zdania, proste dialogi i pytania. Ksi\u0105\u017cka idealna dla dzieci 2,5\u20134 lata, kt\u00f3re zaczynaj\u0105 aktywnie budowa\u0107 swoje pierwsze wypowiedzi. Uczy struktur zdaniowych, zaimk\u00f3w, liczby mnogiej i zwi\u0105zk\u00f3w przyczynowo-skutkowych.<\/span><\/p>\n<p style=\"text-align: justify;\"><span style=\"font-size: 20px;\"><strong>\ud83c\udf1e \u201ePucio na wakacjach\u201d, \u201ePucio na wsi\u201d, \u201ePucio w mie\u015bcie\u201d<\/strong><\/span><\/p>\n<p style=\"text-align: justify;\"><span style=\"font-size: 20px;\">Te tomy rozbudowuj\u0105 s\u0142ownictwo tematyczne \u2013 zwi\u0105zane z miejscami, zjawiskami pogodowymi, emocjami. Pomagaj\u0105 dziecku porz\u0105dkowa\u0107 \u015bwiat i uczy\u0107 si\u0119 nowych poj\u0119\u0107 w kontek\u015bcie.<\/span><\/p>\n<p style=\"text-align: justify;\"><span style=\"font-size: 20px;\"><strong>\ud83d\udde3\ufe0f \u201ePucio umie opowiada\u0107\u201d<\/strong><\/span><\/p>\n<p style=\"text-align: justify;\"><span style=\"font-size: 20px;\">To ostatni etap, gdzie dziecko \u0107wiczy logiczne opowiadanie \u2013 co si\u0119 sta\u0142o najpierw, co potem, kto by\u0142 bohaterem. Idealne do pracy z dzie\u0107mi 4+, tak\u017ce tymi, kt\u00f3re maj\u0105 trudno\u015bci z budowaniem wypowiedzi.<\/span><\/p>\n<p style=\"text-align: justify;\"><span style=\"font-size: 20px;\"><strong>Dlaczego Pucio dzia\u0142a?<\/strong><\/span><\/p>\n<p style=\"text-align: justify;\"><span style=\"font-size: 20px;\"><strong>\u2705 Zgodno\u015b\u0107 z etapami rozwoju dziecka<\/strong><\/span><\/p>\n<p style=\"text-align: justify;\"><span style=\"font-size: 20px;\">Ka\u017cda ksi\u0105\u017cka zosta\u0142a zaplanowana w oparciu o wiedz\u0119 z zakresu psychologii rozwoju, logopedii i pedagogiki. Dziecko naturalnie przechodzi z jednego etapu do drugiego.<\/span><\/p>\n<p style=\"text-align: justify;\"><span style=\"font-size: 20px;\"><strong>\u2705 Czas na aktywno\u015b\u0107, nie tylko czytanie<\/strong><\/span><\/p>\n<p style=\"text-align: justify;\"><span style=\"font-size: 20px;\">Rodzic nie jest tylko narratorem \u2013 ma by\u0107 partnerem dziecka. W ksi\u0105\u017ckach pojawiaj\u0105 si\u0119 pytania, polecenia, zach\u0119ty do powt\u00f3rze\u0144, odgadywania, wskazywania. To czyni lektur\u0119 aktywn\u0105.<\/span><\/p>\n<p style=\"text-align: justify;\"><span style=\"font-size: 20px;\"><strong>\u2705 Pomocne ilustracje<\/strong><\/span><\/p>\n<p style=\"text-align: justify;\"><span style=\"font-size: 20px;\">Joanna K\u0142os stworzy\u0142a minimalistyczne, przyjazne ilustracje bez zb\u0119dnych bod\u017ac\u00f3w. Pomagaj\u0105 dziecku skupi\u0107 si\u0119 na najwa\u017cniejszych elementach komunikacyjnych.<\/span><\/p>\n<p style=\"text-align: justify;\"><span style=\"font-size: 20px;\"><strong>\u2705 Rozbudowana seria edukacyjna<\/strong><\/span><\/p>\n<p style=\"text-align: justify;\"><span style=\"font-size: 20px;\">Poza ksi\u0105\u017ckami s\u0105 te\u017c puzzle, gry planszowe, ksi\u0105\u017ceczki kartonowe, zeszyty \u0107wicze\u0144 \u2013 wszystko w tym samym duchu rozwoju j\u0119zykowego.<\/span><\/p>\n<p style=\"text-align: justify;\"><span style=\"font-size: 20px;\"><strong>Zastosowanie w praktyce<\/strong><\/span><\/p>\n<ul style=\"text-align: justify;\">\n<li><span style=\"font-size: 20px;\">\ud83d\udcda <strong>W domu<\/strong> \u2013 wsp\u00f3lne czytanie, zabawa d\u017awi\u0119kami, pytania o Pucia, tworzenie w\u0142asnych opowie\u015bci na podstawie ilustracji.<\/span><\/li>\n<li><span style=\"font-size: 20px;\">\ud83d\udc69\u200d\ud83c\udfeb <strong>W przedszkolu<\/strong> \u2013 ksi\u0105\u017cki \u015bwietnie sprawdzaj\u0105 si\u0119 na zaj\u0119ciach logopedycznych i grupowych.<\/span><\/li>\n<li><span style=\"font-size: 20px;\">\ud83d\udc69\u200d\u2695\ufe0f <strong>W gabinecie logopedy<\/strong> \u2013 stanowi\u0105 narz\u0119dzie pracy terapeutycznej z dzie\u0107mi op\u00f3\u017anionymi w rozwoju mowy.<\/span><\/li>\n<\/ul>\n<p style=\"text-align: justify;\"><span style=\"font-size: 20px;\"><strong>Podsumowanie<\/strong><\/span><\/p>\n<p style=\"text-align: justify;\"><span style=\"font-size: 20px;\">Seria o Puciu to ksi\u0105\u017cki wyj\u0105tkowe \u2013 m\u0105dre, ciep\u0142e, wspieraj\u0105ce rozw\u00f3j dziecka w spos\u00f3b przemy\u015blany, ale i przyst\u0119pny. Daj\u0105 dzieciom poczucie bezpiecze\u0144stwa i pomagaj\u0105 w nauce tego, co najwa\u017cniejsze: jak m\u00f3wi\u0107 i rozumie\u0107 \u015bwiat.<\/span><\/p>\n<p style=\"text-align: justify;\"><span style=\"font-size: 20px;\">\ud83d\udcd6 <strong>Ocena: 10\/10<\/strong><\/span><br \/>\n<span style=\"font-size: 20px;\">Polecamy ka\u017cdemu rodzicowi, opiekunowi i nauczycielowi najm\u0142odszych dzieci.<\/span><\/p>\n","protected":false},"excerpt":{"rendered":"<p>Autorka: Marta Galewska-Kustra Ilustracje: Joanna K\u0142os Wydawnictwo: Nasza Ksi\u0119garnia Seria ksi\u0105\u017cek o Puciu to wyj\u0105tkowe dzie\u0142o literatury dzieci\u0119cej, kt\u00f3re \u0142\u0105czy ciep\u0142\u0105, rodzinn\u0105 atmosfer\u0119 z rzetelnym podej\u015bciem do rozwoju mowy i komunikacji. Stworzona przez logopedk\u0119 i pedagoga dzieci\u0119cego Mart\u0119 Galewsk\u0105-Kustr\u0119, ta seria nie jest tylko zbiorem opowie\u015bci \u2013 to przemy\u015blany program wspieraj\u0105cy rozw\u00f3j j\u0119zykowy dzieci od &hellip;<\/p>\n","protected":false},"author":1,"featured_media":7659,"comment_status":"open","ping_status":"open","sticky":false,"template":"","format":"standard","meta":[],"categories":[2,3],"tags":[753,2300,326,2298,272,2306,368,2307,2299,2301,2297,2304,2302,2305,2303,2081],"_links":{"self":[{"href":"http:\/\/www.swiattoli.pl\/index.php?rest_route=\/wp\/v2\/posts\/7658"}],"collection":[{"href":"http:\/\/www.swiattoli.pl\/index.php?rest_route=\/wp\/v2\/posts"}],"about":[{"href":"http:\/\/www.swiattoli.pl\/index.php?rest_route=\/wp\/v2\/types\/post"}],"author":[{"embeddable":true,"href":"http:\/\/www.swiattoli.pl\/index.php?rest_route=\/wp\/v2\/users\/1"}],"replies":[{"embeddable":true,"href":"http:\/\/www.swiattoli.pl\/index.php?rest_route=%2Fwp%2Fv2%2Fcomments&post=7658"}],"version-history":[{"count":1,"href":"http:\/\/www.swiattoli.pl\/index.php?rest_route=\/wp\/v2\/posts\/7658\/revisions"}],"predecessor-version":[{"id":7660,"href":"http:\/\/www.swiattoli.pl\/index.php?rest_route=\/wp\/v2\/posts\/7658\/revisions\/7660"}],"wp:featuredmedia":[{"embeddable":true,"href":"http:\/\/www.swiattoli.pl\/index.php?rest_route=\/wp\/v2\/media\/7659"}],"wp:attachment":[{"href":"http:\/\/www.swiattoli.pl\/index.php?rest_route=%2Fwp%2Fv2%2Fmedia&parent=7658"}],"wp:term":[{"taxonomy":"category","embeddable":true,"href":"http:\/\/www.swiattoli.pl\/index.php?rest_route=%2Fwp%2Fv2%2Fcategories&post=7658"},{"taxonomy":"post_tag","embeddable":true,"href":"http:\/\/www.swiattoli.pl\/index.php?rest_route=%2Fwp%2Fv2%2Ftags&post=7658"}],"curies":[{"name":"wp","href":"https:\/\/api.w.org\/{rel}","templated":true}]}}