{"id":7567,"date":"2025-04-05T07:06:49","date_gmt":"2025-04-05T07:06:49","guid":{"rendered":"http:\/\/www.swiattoli.pl\/?p=7567"},"modified":"2025-04-04T11:07:11","modified_gmt":"2025-04-04T11:07:11","slug":"recenzja-ksiazki-rany-julek-o-tym-jak-julian-tuwim-zostal-poeta-autorstwa-agnieszki-fraczek","status":"publish","type":"post","link":"http:\/\/www.swiattoli.pl\/?p=7567","title":{"rendered":"Recenzja ksi\u0105\u017cki \u201eRany Julek! O tym, jak Julian Tuwim zosta\u0142 poet\u0105\u201d autorstwa Agnieszki Fr\u0105czek"},"content":{"rendered":"<p style=\"text-align: justify;\">\u201eRany Julek! O tym, jak Julian Tuwim zosta\u0142 poet\u0105\u201d to znakomita pozycja autorstwa Agnieszki Fr\u0105czek, kt\u00f3ra doskonale wpisa\u0142a si\u0119 w nurt literatury dzieci\u0119cej, \u0142\u0105cz\u0105c edukacj\u0119 z rozrywk\u0105. Ksi\u0105\u017cka jest nie tylko biografi\u0105 Juliana Tuwima, ale r\u00f3wnie\u017c pe\u0142n\u0105 ciep\u0142a i magii opowie\u015bci\u0105 o poszukiwaniu w\u0142asnej to\u017csamo\u015bci oraz odkrywaniu pasji, kt\u00f3re mog\u0105 sta\u0107 si\u0119 \u017cyciow\u0105 drog\u0105.<\/p>\n<p><img loading=\"lazy\" class=\"aligncenter wp-image-7568 size-full\" src=\"http:\/\/www.swiattoli.pl\/wp-content\/uploads\/2025\/04\/rany-julek-o-tym-jak-julian-tuwim-zostal-poeta-b-iext180973355.jpg\" alt=\"\" width=\"313\" height=\"448\" srcset=\"http:\/\/www.swiattoli.pl\/wp-content\/uploads\/2025\/04\/rany-julek-o-tym-jak-julian-tuwim-zostal-poeta-b-iext180973355.jpg 313w, http:\/\/www.swiattoli.pl\/wp-content\/uploads\/2025\/04\/rany-julek-o-tym-jak-julian-tuwim-zostal-poeta-b-iext180973355-210x300.jpg 210w\" sizes=\"(max-width: 313px) 100vw, 313px\" \/><\/p>\n<h3 style=\"text-align: justify;\">Fabu\u0142a i Tematyka<\/h3>\n<p style=\"text-align: justify;\">Narracja ksi\u0105\u017cki prowadzi czytelnik\u00f3w przez wczesne lata \u017cycia Tuwima, przedstawiaj\u0105c jego dzieci\u0144stwo pe\u0142ne rado\u015bci, ale tak\u017ce zmartwie\u0144. Fr\u0105czek z niezwyk\u0142\u0105 lekko\u015bci\u0105 opisuje chwile, kt\u00f3re kszta\u0142towa\u0142y m\u0142odego Julka \u2014 jego zainteresowania, przyja\u017anie oraz trudno\u015bci, kt\u00f3re musia\u0142 pokona\u0107. Jeden z kluczowych w\u0105tk\u00f3w to relacja Tuwima z jego otoczeniem \u2014 rodzin\u0105, r\u00f3wie\u015bnikami oraz nauczycielami. Odkrywanie w sobie talentu literackiego i szukanie akceptacji w niezwykle wra\u017cliwym wieku to elementy, kt\u00f3re nadaj\u0105 ksi\u0105\u017cce autentyczno\u015bci i emocjonalnej g\u0142\u0119bi.<\/p>\n<p style=\"text-align: justify;\">Fr\u0105czek w umiej\u0119tny spos\u00f3b wprowadza do opowie\u015bci tak\u017ce elementy humorystyczne oraz ciep\u0142e anegdoty z \u017cycia poety, co czyni lektur\u0119 nie tylko pouczaj\u0105c\u0105, ale i przyjemn\u0105. Ksi\u0105\u017cka ukazuje, jak pasja do pisania powstaje nie tylko z talentu, ale tak\u017ce z ch\u0119ci wyra\u017cania siebie oraz dzielenia si\u0119 swoimi my\u015blami i uczuciami.<\/p>\n<h3 style=\"text-align: justify;\">Styl i J\u0119zyk<\/h3>\n<p style=\"text-align: justify;\">J\u0119zyk, kt\u00f3rym pos\u0142uguje si\u0119 Agnieszka Fr\u0105czek, jest przyst\u0119pny i malowniczy. Autorka doskonale potrafi dostosowa\u0107 styl narracji do m\u0142odszego odbiorcy, co jest kluczowe w literaturze dzieci\u0119cej. Ka\u017cde zdanie jest starannie przemy\u015blane i pe\u0142ne wyrazistych metafor, co sprawia, \u017ce dzieci mog\u0105 na nowo odkrywa\u0107 pi\u0119kno s\u0142owa pisanego. Fr\u0105czek ma talent do tworzenia obraz\u00f3w, kt\u00f3re o\u017cywiaj\u0105 tekst, dzi\u0119ki czemu czytelnicy maj\u0105 poczucie, \u017ce s\u0105 cz\u0119\u015bci\u0105 historii.<\/p>\n<h3 style=\"text-align: justify;\">Ilustracje<\/h3>\n<p style=\"text-align: justify;\">Ksi\u0105\u017ck\u0119 \u201eRany Julek!\u201d zdobi\u0105 wspania\u0142e ilustracje, kt\u00f3re s\u0105 integraln\u0105 cz\u0119\u015bci\u0105 opowie\u015bci. Graficy, kt\u00f3rzy wsp\u00f3\u0142pracowali przy tym projekcie, doskonale oddali klimat epoki, w kt\u00f3rej \u017cy\u0142 Tuwim, a tak\u017ce jego artystyczn\u0105 wra\u017cliwo\u015b\u0107. Kolorowe, pe\u0142ne \u017cycia ilustracje przyci\u0105gaj\u0105 wzrok i dodatkowo podkre\u015blaj\u0105 emocje bohatera. Dzi\u0119ki nim dzieci mog\u0105 poczu\u0107 si\u0119, jakby wchodzi\u0142y w interakcj\u0119 z opowie\u015bci\u0105, co sprawia, \u017ce lektura staje si\u0119 bardziej anga\u017cuj\u0105ca.<\/p>\n<h3 style=\"text-align: justify;\">Przes\u0142ania i Refleksje<\/h3>\n<p style=\"text-align: justify;\">Ksi\u0105\u017cka \u201eRany Julek! O tym, jak Julian Tuwim zosta\u0142 poet\u0105\u201d niesie ze sob\u0105 g\u0142\u0119bokie przes\u0142ania dotycz\u0105ce pasji, odwagi i poszukiwania w\u0142asnej drogi \u017cyciowej. Uczy m\u0142odych czytelnik\u00f3w, \u017ce ka\u017cdy, nawet w trudnych chwilach, mo\u017ce znale\u017a\u0107 swoje powo\u0142anie i d\u0105\u017cy\u0107 do spe\u0142nienia marze\u0144. Fr\u0105czek pokazuje, jak wa\u017cne jest, aby by\u0107 wiernym sobie i swoim warto\u015bciom, oraz jak przyja\u017a\u0144 i wsparcie innych mog\u0105 pom\u00f3c w trudnych momentach.<\/p>\n<h3 style=\"text-align: justify;\">Podsumowanie<\/h3>\n<p style=\"text-align: justify;\">\u201eRany Julek! O tym, jak Julian Tuwim zosta\u0142 poet\u0105\u201d to znakomita ksi\u0105\u017cka, kt\u00f3ra \u0142\u0105czy w sobie warto\u015bci literackie z informatyk\u0105 i emocjonaln\u0105 g\u0142\u0119bi\u0105. Dzi\u0119ki wci\u0105gaj\u0105cej fabule, przyst\u0119pnemu j\u0119zykowi i pi\u0119knym ilustracjom, ta pozycja jest idealnym wyborem dla dzieci, kt\u00f3re pragn\u0105 poznawa\u0107 \u015bwiat poezji oraz biografie wielkich litera\u0142\u00f3w.<\/p>\n<p style=\"text-align: justify;\">Agnieszka Fr\u0105czek po raz kolejny dowodzi swojego talentu jako autorki literatury dla m\u0142odzie\u017cy, twor z\u0105c dzie\u0142o warto\u015bciowe, kt\u00f3re inspiruje do poszukiwania pi\u0119kna w s\u0142owach oraz odkrywania w\u0142asnej tw\u00f3rczej to\u017csamo\u015bci.<\/p>\n<p style=\"text-align: justify;\">Ksi\u0105\u017cka jest nie tylko lektur\u0105, ale tak\u017ce doskona\u0142ym narz\u0119dziem dla nauczycieli i rodzic\u00f3w, kt\u00f3rzy pragn\u0105 wprowadzi\u0107 dzieci w fascynuj\u0105cy \u015bwiat literatury. Dzi\u0119ki solidnemu t\u0142u biograficznemu, ksi\u0105\u017cka mo\u017ce sta\u0107 si\u0119 punktem wyj\u015bcia do dalszej dyskusji o poezji, sztuce oraz o tym, jak codzienne do\u015bwiadczenia mog\u0105 wp\u0142yn\u0105\u0107 na tw\u00f3rczo\u015b\u0107.<\/p>\n<p style=\"text-align: justify;\">Og\u00f3lnie, \u201eRany Julek! O tym, jak Julian Tuwim zosta\u0142 poet\u0105\u201d to dzie\u0142o, kt\u00f3re przyci\u0105ga uwag\u0119, rozwesela i sk\u0142ania do my\u015blenia. Z pewno\u015bci\u0105 zas\u0142uguje na miejsce w bibliotece zar\u00f3wno dzieci, kt\u00f3re zaczynaj\u0105 swoj\u0105 przygod\u0119 z literatur\u0105, jak i doros\u0142ych, kt\u00f3rzy chc\u0105 ponownie odkry\u0107 magi\u0119 s\u0142owa pisanego. Jest to ksi\u0105\u017cka, kt\u00f3ra z powodzeniem \u0142\u0105czy pokolenia, przekazuj\u0105c warto\u015bci uniwersalne i aktualne bez wzgl\u0119du na czas. Zdecydowanie polecam t\u0119 ksi\u0105\u017ck\u0119 wszystkim m\u0142odym ksi\u0105\u017ckom, kt\u00f3rzy marz\u0105, aby sta\u0107 si\u0119 poetami czy wr\u0119cz po prostu pozna\u0107 pi\u0119kno literackiego \u015bwiata!<\/p>\n","protected":false},"excerpt":{"rendered":"<p>\u201eRany Julek! O tym, jak Julian Tuwim zosta\u0142 poet\u0105\u201d to znakomita pozycja autorstwa Agnieszki Fr\u0105czek, kt\u00f3ra doskonale wpisa\u0142a si\u0119 w nurt literatury dzieci\u0119cej, \u0142\u0105cz\u0105c edukacj\u0119 z rozrywk\u0105. Ksi\u0105\u017cka jest nie tylko biografi\u0105 Juliana Tuwima, ale r\u00f3wnie\u017c pe\u0142n\u0105 ciep\u0142a i magii opowie\u015bci\u0105 o poszukiwaniu w\u0142asnej to\u017csamo\u015bci oraz odkrywaniu pasji, kt\u00f3re mog\u0105 sta\u0107 si\u0119 \u017cyciow\u0105 drog\u0105. Fabu\u0142a &hellip;<\/p>\n","protected":false},"author":1,"featured_media":7568,"comment_status":"open","ping_status":"open","sticky":false,"template":"","format":"standard","meta":[],"categories":[2,3],"tags":[2189,2188,182,337,326,2185,2186,142,1747,2182,2190,2184,2187],"_links":{"self":[{"href":"http:\/\/www.swiattoli.pl\/index.php?rest_route=\/wp\/v2\/posts\/7567"}],"collection":[{"href":"http:\/\/www.swiattoli.pl\/index.php?rest_route=\/wp\/v2\/posts"}],"about":[{"href":"http:\/\/www.swiattoli.pl\/index.php?rest_route=\/wp\/v2\/types\/post"}],"author":[{"embeddable":true,"href":"http:\/\/www.swiattoli.pl\/index.php?rest_route=\/wp\/v2\/users\/1"}],"replies":[{"embeddable":true,"href":"http:\/\/www.swiattoli.pl\/index.php?rest_route=%2Fwp%2Fv2%2Fcomments&post=7567"}],"version-history":[{"count":1,"href":"http:\/\/www.swiattoli.pl\/index.php?rest_route=\/wp\/v2\/posts\/7567\/revisions"}],"predecessor-version":[{"id":7569,"href":"http:\/\/www.swiattoli.pl\/index.php?rest_route=\/wp\/v2\/posts\/7567\/revisions\/7569"}],"wp:featuredmedia":[{"embeddable":true,"href":"http:\/\/www.swiattoli.pl\/index.php?rest_route=\/wp\/v2\/media\/7568"}],"wp:attachment":[{"href":"http:\/\/www.swiattoli.pl\/index.php?rest_route=%2Fwp%2Fv2%2Fmedia&parent=7567"}],"wp:term":[{"taxonomy":"category","embeddable":true,"href":"http:\/\/www.swiattoli.pl\/index.php?rest_route=%2Fwp%2Fv2%2Fcategories&post=7567"},{"taxonomy":"post_tag","embeddable":true,"href":"http:\/\/www.swiattoli.pl\/index.php?rest_route=%2Fwp%2Fv2%2Ftags&post=7567"}],"curies":[{"name":"wp","href":"https:\/\/api.w.org\/{rel}","templated":true}]}}