{"id":7263,"date":"2022-12-28T20:20:31","date_gmt":"2022-12-28T20:20:31","guid":{"rendered":"http:\/\/www.swiattoli.pl\/?p=7263"},"modified":"2023-01-31T20:26:33","modified_gmt":"2023-01-31T20:26:33","slug":"kuba-guzik-i-maszynista-lukasz-w-audiobooku","status":"publish","type":"post","link":"http:\/\/www.swiattoli.pl\/?p=7263","title":{"rendered":"Kuba Guzik i maszynista \u0141ukasz w audiobooku"},"content":{"rendered":"<p style=\"text-align: justify;\">Od dziesi\u0119cioleci jestem fank\u0105 ksi\u0105\u017cek. Moje dzieci te\u017c ju\u017c wkroczy\u0142y w \u015bwiat literatury. Nawet samodzielnie zaczynaj\u0105 czyta\u0107. Jednak czasem lubi\u0119 wr\u00f3ci\u0107 do wspomnie\u0144 z mojego dzieci\u0144stwa, gdy to zawsze o godzinie 20:30 zasiada\u0142am przy radiu i s\u0142ucha\u0142am s\u0142uchowiska dla dzieci. Dzisiaj nie trzeba ju\u017c czeka\u0107, a\u017c radio zacznie nadawa\u0107 interesuj\u0105c\u0105 nas ksi\u0105\u017ck\u0119, teraz mamy audiobooki i o takim chc\u0119 dzisiaj napisa\u0107.<\/p>\n<p>&nbsp;<\/p>\n<p><img loading=\"lazy\" class=\"wp-image-7265 aligncenter\" src=\"http:\/\/www.swiattoli.pl\/wp-content\/uploads\/2023\/01\/321178077_1452034621987898_6049901484657990652_n-300x281.jpg\" alt=\"\" width=\"516\" height=\"483\" srcset=\"http:\/\/www.swiattoli.pl\/wp-content\/uploads\/2023\/01\/321178077_1452034621987898_6049901484657990652_n-300x281.jpg 300w, http:\/\/www.swiattoli.pl\/wp-content\/uploads\/2023\/01\/321178077_1452034621987898_6049901484657990652_n-768x720.jpg 768w, http:\/\/www.swiattoli.pl\/wp-content\/uploads\/2023\/01\/321178077_1452034621987898_6049901484657990652_n-780x731.jpg 780w, http:\/\/www.swiattoli.pl\/wp-content\/uploads\/2023\/01\/321178077_1452034621987898_6049901484657990652_n.jpg 960w\" sizes=\"(max-width: 516px) 100vw, 516px\" \/><\/p>\n<p style=\"text-align: justify;\">,,Kuba Guzik i maszynista \u0141ukasz\u201d jest jedn\u0105 z dw\u00f3ch cz\u0119\u015bci, kt\u00f3re zosta\u0142y wydane w wersji papierowej. Kolejn\u0105 by\u0142a ,,Kuba Guzik i Dzika Trzynastka\u201d.<\/p>\n<p style=\"text-align: justify;\">Ta opowie\u015b\u0107 wr\u0119cz p\u0142ynie, czytana przez Edyt\u0119 Jungowsk\u0105, kt\u00f3ra jest nierozst\u0105pienia. Jej dykcja, barwa g\u0142osu wtapiaj\u0105 si\u0119 wr\u0119cz w nasze uszy i prowadz\u0105 przez przygody naszego bohatera.<\/p>\n<p style=\"text-align: justify;\">\u0141\u0105cznie to ponad ponad 10 godzin anga\u017cuj\u0105cego spektaklu, wci\u0105gaj\u0105cego nas w wir zdarze\u0144.<\/p>\n<p style=\"text-align: justify;\"><strong>Kuba Guzik <\/strong><\/p>\n<p style=\"text-align: justify;\">G\u0142\u00f3wnymi bohaterami audiobooka s\u0105 tytu\u0142owi Kuba Guzik oraz maszynista \u0141ukasz. To niesamowite osobowo\u015bci, kt\u00f3rych losy splataj\u0105 si\u0119 ze sob\u0105 w niebanalny spos\u00f3b. Trafiaj\u0105 do Trochanii \u2013 \u0141ukasz by\u0142 tam maszynist\u0105, a Kuba\u2026 zosta\u0142 przys\u0142any w paczce. Kiedy ch\u0142opiec zacz\u0105\u0142 dorasta\u0107, kr\u00f3l Trochanii zacz\u0105\u0142 si\u0119 obawia\u0107, \u017ce nie wystarczy miejsca, aby tam \u017cy\u0107, poleci\u0142 wi\u0119c \u0141ukaszowi pozby\u0107 si\u0119 ukochanej lokomotywy Emmy.<\/p>\n<p style=\"text-align: justify;\">Zar\u00f3wno \u0141ukasz, jak i Kuba postanawiaj\u0105 opu\u015bci\u0107 wysp\u0119 i uda\u0107 si\u0119 na poszukiwania przyg\u00f3d. Szybko docieraj\u0105 do inspirowanej Chinami krainy o nazwie Mandala. Tam trafiaj\u0105 na spraw\u0119 zaginionej ksi\u0119\u017cniczki.<\/p>\n<p style=\"text-align: justify;\"><strong>Zakulisowa historia Kuby Guzika<\/strong><\/p>\n<p style=\"text-align: justify;\">Ta historia zaczyna si\u0119 od s\u0142\u00f3w: ,,Kraj, w kt\u00f3rym mieszka\u0142 maszynista \u0141ukasz, by\u0142 bardzo ma\u0142y\u201d. Michael Ende najzwyczajniej zasiad\u0142 i zacz\u0105\u0142 pisa\u0107, nie maj\u0105c wcze\u015bniej konkretnego planu, czy zarysu bohater\u00f3w.<\/p>\n<p style=\"text-align: justify;\">Stworzenie tej niesamowitej historii zaj\u0119\u0142o autorowi 10 miesi\u0119cy i w 1960 roku uda\u0142o si\u0119 j\u0105 wyda\u0107, a rok p\u00f3\u017aniej ,,Kuba Guzik i maszynista \u0141ukasz\u201d otrzymali presti\u017cow\u0105\u00a0<em>Der Deutsche Jugendliteraturpreis<\/em>.<\/p>\n<p style=\"text-align: justify;\"><strong>Audiobook dla dzieci<\/strong><\/p>\n<p style=\"text-align: justify;\">,,Kuba Guzik i maszynista \u0141ukasz\u201d to \u015bwietnie przygotowany i wydany audiobook z elementami s\u0142uchowiska, poetycko prowadz\u0105cy s\u0142uchacza przez 27 pasjonuj\u0105cych rozdzia\u0142\u00f3w.<\/p>\n<p style=\"text-align: justify;\">To opowie\u015b\u0107 odpowiednia dla dzieci powy\u017cej 6 roku \u017cycia.<\/p>\n<p><img loading=\"lazy\" class=\"wp-image-7264 aligncenter\" src=\"http:\/\/www.swiattoli.pl\/wp-content\/uploads\/2023\/01\/321291136_554597962857490_1917550472064760609_n-300x247.jpg\" alt=\"\" width=\"370\" height=\"305\" srcset=\"http:\/\/www.swiattoli.pl\/wp-content\/uploads\/2023\/01\/321291136_554597962857490_1917550472064760609_n-300x247.jpg 300w, http:\/\/www.swiattoli.pl\/wp-content\/uploads\/2023\/01\/321291136_554597962857490_1917550472064760609_n-1024x843.jpg 1024w, http:\/\/www.swiattoli.pl\/wp-content\/uploads\/2023\/01\/321291136_554597962857490_1917550472064760609_n-768x632.jpg 768w, http:\/\/www.swiattoli.pl\/wp-content\/uploads\/2023\/01\/321291136_554597962857490_1917550472064760609_n-780x642.jpg 780w, http:\/\/www.swiattoli.pl\/wp-content\/uploads\/2023\/01\/321291136_554597962857490_1917550472064760609_n.jpg 1458w\" sizes=\"(max-width: 370px) 100vw, 370px\" \/><\/p>\n<p>Link do strony Wydawnictwa:\u00a0<a href=\"https:\/\/jungoffska.pl\/kategoria\/kuba-guzik-i-maszynista-lukasz\">https:\/\/jungoffska.pl\/kategoria\/kuba-guzik-i-maszynista-lukasz<\/a><\/p>\n","protected":false},"excerpt":{"rendered":"<p>Od dziesi\u0119cioleci jestem fank\u0105 ksi\u0105\u017cek. Moje dzieci te\u017c ju\u017c wkroczy\u0142y w \u015bwiat literatury. Nawet samodzielnie zaczynaj\u0105 czyta\u0107. Jednak czasem lubi\u0119 wr\u00f3ci\u0107 do wspomnie\u0144 z mojego dzieci\u0144stwa, gdy to zawsze o godzinie 20:30 zasiada\u0142am przy radiu i s\u0142ucha\u0142am s\u0142uchowiska dla dzieci. Dzisiaj nie trzeba ju\u017c czeka\u0107, a\u017c radio zacznie nadawa\u0107 interesuj\u0105c\u0105 nas ksi\u0105\u017ck\u0119, teraz mamy audiobooki &hellip;<\/p>\n","protected":false},"author":1,"featured_media":7265,"comment_status":"open","ping_status":"open","sticky":false,"template":"","format":"standard","meta":[],"categories":[3,4],"tags":[1746,1749,182,337,1114,326,1745,1122,1744,368,1742,1743,1747,338,1754,1748,1615,1752,1753,1755,1756,1751,1750],"_links":{"self":[{"href":"http:\/\/www.swiattoli.pl\/index.php?rest_route=\/wp\/v2\/posts\/7263"}],"collection":[{"href":"http:\/\/www.swiattoli.pl\/index.php?rest_route=\/wp\/v2\/posts"}],"about":[{"href":"http:\/\/www.swiattoli.pl\/index.php?rest_route=\/wp\/v2\/types\/post"}],"author":[{"embeddable":true,"href":"http:\/\/www.swiattoli.pl\/index.php?rest_route=\/wp\/v2\/users\/1"}],"replies":[{"embeddable":true,"href":"http:\/\/www.swiattoli.pl\/index.php?rest_route=%2Fwp%2Fv2%2Fcomments&post=7263"}],"version-history":[{"count":1,"href":"http:\/\/www.swiattoli.pl\/index.php?rest_route=\/wp\/v2\/posts\/7263\/revisions"}],"predecessor-version":[{"id":7266,"href":"http:\/\/www.swiattoli.pl\/index.php?rest_route=\/wp\/v2\/posts\/7263\/revisions\/7266"}],"wp:featuredmedia":[{"embeddable":true,"href":"http:\/\/www.swiattoli.pl\/index.php?rest_route=\/wp\/v2\/media\/7265"}],"wp:attachment":[{"href":"http:\/\/www.swiattoli.pl\/index.php?rest_route=%2Fwp%2Fv2%2Fmedia&parent=7263"}],"wp:term":[{"taxonomy":"category","embeddable":true,"href":"http:\/\/www.swiattoli.pl\/index.php?rest_route=%2Fwp%2Fv2%2Fcategories&post=7263"},{"taxonomy":"post_tag","embeddable":true,"href":"http:\/\/www.swiattoli.pl\/index.php?rest_route=%2Fwp%2Fv2%2Ftags&post=7263"}],"curies":[{"name":"wp","href":"https:\/\/api.w.org\/{rel}","templated":true}]}}