{"id":7208,"date":"2022-02-26T16:36:34","date_gmt":"2022-02-26T16:36:34","guid":{"rendered":"http:\/\/www.swiattoli.pl\/?p=7208"},"modified":"2022-02-26T16:36:34","modified_gmt":"2022-02-26T16:36:34","slug":"pozne-macierzynstwo","status":"publish","type":"post","link":"http:\/\/www.swiattoli.pl\/?p=7208","title":{"rendered":"P\u00f3\u017ane macierzy\u0144stwo"},"content":{"rendered":"<p style=\"text-align: justify;\">P\u00f3\u017ano zdecydowa\u0142am si\u0119 na dzieci. Tak jako\u015b wysz\u0142o i\u00a0 uwa\u017cam, \u017ce sta\u0142o to si\u0119 zbyt p\u00f3\u017ano. Wiem, s\u0105 tego plusy i minusy. Mog\u0142am wcze\u015bniej co\u015b osi\u0105gn\u0105\u0107, mie\u0107 czas na zabaw\u0119, ale chyba wola\u0142abym mie\u0107 to ju\u017c za sob\u0105 i teraz czu\u0107 si\u0119 swobodniej. Nie chodzi o to, \u017ce mam ochot\u0119 buja\u0107 si\u0119 na imprezach, ale chocia\u017cby najzwyczajniej wyj\u015b\u0107 z domu do sklepu. Teraz moje ch\u0142opaki maj\u0105 nieca\u0142e 7 lat i ka\u017cde wyj\u015bcie wi\u0105\u017ce si\u0119 z zabraniem ich z sob\u0105. Od wrze\u015bnia id\u0105 do szko\u0142y i pada na mnie blady strach co, to b\u0119dzie, gdy wprowadz\u0105 nauczanie online. Przecie\u017c samych w domu ich nie zostawi\u0119. Nie wiem jak sobie poradzimy, przecie\u017c pracy nie rzucimy, a nie ma z nimi kto zosta\u0107 pr\u00f3cz nas. Moja pierwsza szefowa mia\u0142a racj\u0119, gdy m\u00f3wi\u0142a, \u017ceby wcze\u015bniej pomy\u015ble\u0107 o potomstwie, gdy jeszcze moja mama by\u0142a na chodzie. Teraz ona ma ju\u017c swoje lata, a moje dzieci maximum energii i my ju\u017c jeste\u015bmy nimi zm\u0119czeni, a co dopiero wiekowa babcia. A je\u015bli chodzi o karier\u0119 zawodowa, to te\u017c \u017cadnej zawrotnej nie zrobi\u0142am i musz\u0119 dorabia\u0107 \u017ceby wi\u0105za\u0107 koniec z ko\u0144cem, wi\u0119c ewidentnie, co\u015b mi posz\u0142o nie tak.<\/p>\n<p><img loading=\"lazy\" class=\"aligncenter wp-image-7209 size-full\" src=\"http:\/\/www.swiattoli.pl\/wp-content\/uploads\/2022\/02\/240_F_83954457_V1FX0leKCcknmnFd5pj1P74B242sU9Bp.jpg\" alt=\"\" width=\"352\" height=\"240\" srcset=\"http:\/\/www.swiattoli.pl\/wp-content\/uploads\/2022\/02\/240_F_83954457_V1FX0leKCcknmnFd5pj1P74B242sU9Bp.jpg 352w, http:\/\/www.swiattoli.pl\/wp-content\/uploads\/2022\/02\/240_F_83954457_V1FX0leKCcknmnFd5pj1P74B242sU9Bp-300x205.jpg 300w\" sizes=\"(max-width: 352px) 100vw, 352px\" \/><\/p>\n<p style=\"text-align: justify;\">Oczywi\u015bcie, p\u00f3\u017ane macierzy\u0144stwo nie jest niczym z\u0142ym. Z tego co obserwuj\u0119, zdarza si\u0119, to coraz cz\u0119\u015bciej. Takie czasy. I to jest faktycznie bardzo cz\u0119sto \u015bwiadomy wyb\u00f3r, ale zdarzaj\u0105 si\u0119 problemy z p\u0142odno\u015bci\u0105. Cz\u0119sto mo\u017cna us\u0142ysze\u0107, \u017ce pary zmagaj\u0105 si\u0119 z problemem zaj\u015bcia w ci\u0105\u017c\u0119. Nie wiem, czy kiedy\u015b by\u0142o, to du\u017co rzadsze zjawisko, takie mam wra\u017cenie. Teoretycznie, teraz jest sporo mo\u017cliwo\u015bci, ale nie ka\u017cdego sta\u0107 na takie rozwi\u0105zanie. Niestety, taka rzeczywisto\u015b\u0107. Wszelkie zmiany wprowadzane przez polityk\u00f3w, mam wra\u017cenie, utrudniaj\u0105 zwyk\u0142ym ludziom korzystanie z osi\u0105gni\u0119\u0107 nauki. Wielka szkoda, bo czasami, to jedyna mo\u017cliwo\u015b\u0107.<\/p>\n<p style=\"text-align: justify;\">A wracaj\u0105c do tematu p\u00f3\u017anego macierzy\u0144stwa. Jak\u0105 jestem przez to matk\u0105? Nie wiem, jak to jest mie\u0107 wcze\u015bniej dzieci, ale mam wra\u017cenie, \u017ce jestem chyba mniej cierpliwa, szybciej si\u0119 m\u0119cz\u0119, nie mam si\u0142y. Boj\u0119 si\u0119, \u017ce nie nadgoni\u0119 i nie b\u0119d\u0119 wiedzia\u0142a o czym m\u00f3wi\u0105 moje dzieci. Ju\u017c si\u0119 tak zdarza, a s\u0105 dopiero w zer\u00f3wce. Ale jestem w pe\u0142ni \u015bwiadoma, \u017ce gdy zaczn\u0105 nauk\u0119, musz\u0119 z nimi siedzie\u0107 i si\u0119 uczy\u0107, \u017ceby w \u017cyciu mieli \u0142atwiej ode mnie, \u017ceby mieli dobr\u0105 prac\u0119 i nie kierowali si\u0119 sentymentami. To, co lubi\u0105, mo\u017ce by\u0107 ich hobby, a praca musi przynie\u015b\u0107 pieni\u0105dze. Fakt, osoba w \u015brednim wieku, ma ju\u017c pewne do\u015bwiadczenie \u017cyciowe i wie, \u017ce \u017cycie, to nie idea\u0142y, \u017ce trzeba twardo st\u0105pa\u0107 po ziemi. Ja, jakbym teraz mia\u0142a wybiera\u0107 kierunek \u017cycia, na pewno bym zdecydowa\u0142a inaczej\u00a0 ni\u017c w wieku nastu \u2013 dwudziestu lat. Wtedy by\u0142y idea\u0142y, teraz jest rzeczywisto\u015b\u0107.<\/p>\n<p><img loading=\"lazy\" class=\"aligncenter wp-image-7210 size-full\" src=\"http:\/\/www.swiattoli.pl\/wp-content\/uploads\/2022\/02\/240_F_64528752_J6VwxnBWF8YLcYVtlJejJH5FJuFChtcr.jpg\" alt=\"\" width=\"342\" height=\"240\" srcset=\"http:\/\/www.swiattoli.pl\/wp-content\/uploads\/2022\/02\/240_F_64528752_J6VwxnBWF8YLcYVtlJejJH5FJuFChtcr.jpg 342w, http:\/\/www.swiattoli.pl\/wp-content\/uploads\/2022\/02\/240_F_64528752_J6VwxnBWF8YLcYVtlJejJH5FJuFChtcr-300x211.jpg 300w\" sizes=\"(max-width: 342px) 100vw, 342px\" \/><\/p>\n<p style=\"text-align: justify;\">Nie \u017ca\u0142uj\u0119, \u017ce mam dzieci, bo niezale\u017cnie od wieku, w kt\u00f3rym si\u0119 je posiada, mo\u017cna da\u0107 im wsparcie, przekaza\u0107 wiedz\u0119, nauczy\u0107 tak wiele. A wiecie czego si\u0119 boj\u0119? \u017beby nie wstydzili si\u0119 w szkole, \u017ce maj\u0105 starszych rodzic\u00f3w, \u017ceby si\u0119 nie ukrywali z tym faktem, bo to by bola\u0142o, ale zrozumia\u0142abym. Dzisiejsze czasy s\u0105 trudne, bardzo na pokaz i moje dzieci b\u0119d\u0105 musia\u0142y si\u0119 do tego dostosowa\u0107. Poza tym, chcia\u0142abym ich jak najd\u0142u\u017cej wspiera\u0107, a przecie\u017c m\u0142odsza nie b\u0119d\u0119.<\/p>\n<p style=\"text-align: justify;\">Ale dajmy spok\u00f3j martwieniu si\u0119. \u017bycie matki w ka\u017cdym wieku jest trudne, s\u0105 rado\u015bci i smutki, bywa lepiej i gorzej. Grunt, to si\u0119 nie poddawa\u0107 i dawa\u0107 z siebie to, co najlepsze.<\/p>\n","protected":false},"excerpt":{"rendered":"<p>P\u00f3\u017ano zdecydowa\u0142am si\u0119 na dzieci. Tak jako\u015b wysz\u0142o i\u00a0 uwa\u017cam, \u017ce sta\u0142o to si\u0119 zbyt p\u00f3\u017ano. Wiem, s\u0105 tego plusy i minusy. Mog\u0142am wcze\u015bniej co\u015b osi\u0105gn\u0105\u0107, mie\u0107 czas na zabaw\u0119, ale chyba wola\u0142abym mie\u0107 to ju\u017c za sob\u0105 i teraz czu\u0107 si\u0119 swobodniej. Nie chodzi o to, \u017ce mam ochot\u0119 buja\u0107 si\u0119 na imprezach, ale &hellip;<\/p>\n","protected":false},"author":1,"featured_media":7211,"comment_status":"open","ping_status":"open","sticky":false,"template":"","format":"standard","meta":[],"categories":[2,1],"tags":[1714,1706,47,1471,1713,1710,1587,1708,1711,1715,1705,1707,1709,1712],"_links":{"self":[{"href":"http:\/\/www.swiattoli.pl\/index.php?rest_route=\/wp\/v2\/posts\/7208"}],"collection":[{"href":"http:\/\/www.swiattoli.pl\/index.php?rest_route=\/wp\/v2\/posts"}],"about":[{"href":"http:\/\/www.swiattoli.pl\/index.php?rest_route=\/wp\/v2\/types\/post"}],"author":[{"embeddable":true,"href":"http:\/\/www.swiattoli.pl\/index.php?rest_route=\/wp\/v2\/users\/1"}],"replies":[{"embeddable":true,"href":"http:\/\/www.swiattoli.pl\/index.php?rest_route=%2Fwp%2Fv2%2Fcomments&post=7208"}],"version-history":[{"count":1,"href":"http:\/\/www.swiattoli.pl\/index.php?rest_route=\/wp\/v2\/posts\/7208\/revisions"}],"predecessor-version":[{"id":7212,"href":"http:\/\/www.swiattoli.pl\/index.php?rest_route=\/wp\/v2\/posts\/7208\/revisions\/7212"}],"wp:featuredmedia":[{"embeddable":true,"href":"http:\/\/www.swiattoli.pl\/index.php?rest_route=\/wp\/v2\/media\/7211"}],"wp:attachment":[{"href":"http:\/\/www.swiattoli.pl\/index.php?rest_route=%2Fwp%2Fv2%2Fmedia&parent=7208"}],"wp:term":[{"taxonomy":"category","embeddable":true,"href":"http:\/\/www.swiattoli.pl\/index.php?rest_route=%2Fwp%2Fv2%2Fcategories&post=7208"},{"taxonomy":"post_tag","embeddable":true,"href":"http:\/\/www.swiattoli.pl\/index.php?rest_route=%2Fwp%2Fv2%2Ftags&post=7208"}],"curies":[{"name":"wp","href":"https:\/\/api.w.org\/{rel}","templated":true}]}}