{"id":7169,"date":"2022-01-05T21:17:50","date_gmt":"2022-01-05T21:17:50","guid":{"rendered":"http:\/\/www.swiattoli.pl\/?p=7169"},"modified":"2022-01-05T21:17:50","modified_gmt":"2022-01-05T21:17:50","slug":"wiecej-przygod-w-dolinie-muminkow","status":"publish","type":"post","link":"http:\/\/www.swiattoli.pl\/?p=7169","title":{"rendered":"Wi\u0119cej przyg\u00f3d w Dolinie Mumink\u00f3w"},"content":{"rendered":"<p style=\"text-align: justify;\">Uwielbiam wraca\u0107 do czas\u00f3w dzieci\u0144stwa. Bajki, ksi\u0105\u017cki, zabawki, kt\u00f3re kojarz\u0105 mi si\u0119 z czasami, gdy by\u0142am ma\u0142a, darze ogromnym sentymentem. Ciesz\u0119 si\u0119 zatem, gdy moi synowie interesuj\u0105 si\u0119 bohaterami z tamtych czas\u00f3w. Mog\u0119 w\u00f3wczas sama poczu\u0107 si\u0119 jak dziecko.<\/p>\n<p style=\"text-align: justify;\">Jak zwykle dzisiaj b\u0119dzie o ksi\u0105\u017cce, bo te bardzo lubi\u0119. Moi ch\u0142opcy r\u00f3wnie\u017c darz\u0105 je gor\u0105cym uczuciem. Zawsze chcia\u0142am mie\u0107 du\u017c\u0105 biblioteczk\u0119, pe\u0142n\u0105 wspania\u0142ych historii i opowie\u015bci. Tak te\u017c si\u0119 sta\u0142o, mam ju\u017c dwa, poka\u017ane rega\u0142y takiego dobra, a tam wi\u0119kszo\u015b\u0107, to opowie\u015bci dla dzieci.<\/p>\n<p style=\"text-align: justify;\">Muminki kojarz\u0105 mi si\u0119 ze szcz\u0119\u015bliwym okresem \u2013 czasami dzieci\u0144stwa. Mam z nimi bardzo przyjemne wspomnienia, takie ciep\u0142o robi mi si\u0119 na sercu, na samo ich wspomnienie. Mamy ju\u017c kilka pozycji opowiadaj\u0105cych o losach tych mi\u0142ych stworze\u0144, a teraz trafi\u0142a nowa pozycja do naszej biblioteczki.<\/p>\n<p><img loading=\"lazy\" class=\"aligncenter wp-image-7170 size-full\" src=\"http:\/\/www.swiattoli.pl\/wp-content\/uploads\/2022\/01\/269896930_10222779602170970_7379260206971046667_n.jpg\" alt=\"\" width=\"600\" height=\"800\" srcset=\"http:\/\/www.swiattoli.pl\/wp-content\/uploads\/2022\/01\/269896930_10222779602170970_7379260206971046667_n.jpg 600w, http:\/\/www.swiattoli.pl\/wp-content\/uploads\/2022\/01\/269896930_10222779602170970_7379260206971046667_n-225x300.jpg 225w\" sizes=\"(max-width: 600px) 100vw, 600px\" \/><\/p>\n<p style=\"text-align: justify;\"><b>\u00a0<\/b><\/p>\n<p style=\"text-align: justify;\">Wydanie pi\u0119kne, w twardej oprawie, oprawione w bardzo przyjemn\u0105 szat\u0119 graficzn\u0105, tak\u0105 klimatyczn\u0105. Napisy i niekt\u00f3re akcenty ozdobne, maj\u0105 z\u0142ote zdobienia. Opowie\u015bci s\u0105 zwarte, inspirowane opowiadaniami\u00a0<em>Tove Jansson<\/em>.<\/p>\n<p><img loading=\"lazy\" class=\"aligncenter wp-image-7175 size-full\" src=\"http:\/\/www.swiattoli.pl\/wp-content\/uploads\/2022\/01\/268833795_10222779600170920_7185904117274633950_n.jpg\" alt=\"\" width=\"600\" height=\"800\" srcset=\"http:\/\/www.swiattoli.pl\/wp-content\/uploads\/2022\/01\/268833795_10222779600170920_7185904117274633950_n.jpg 600w, http:\/\/www.swiattoli.pl\/wp-content\/uploads\/2022\/01\/268833795_10222779600170920_7185904117274633950_n-225x300.jpg 225w\" sizes=\"(max-width: 600px) 100vw, 600px\" \/><\/p>\n<p><img loading=\"lazy\" class=\"aligncenter wp-image-7174 size-full\" src=\"http:\/\/www.swiattoli.pl\/wp-content\/uploads\/2022\/01\/271189286_10222779600690933_8906957380202620982_n.jpg\" alt=\"\" width=\"600\" height=\"800\" srcset=\"http:\/\/www.swiattoli.pl\/wp-content\/uploads\/2022\/01\/271189286_10222779600690933_8906957380202620982_n.jpg 600w, http:\/\/www.swiattoli.pl\/wp-content\/uploads\/2022\/01\/271189286_10222779600690933_8906957380202620982_n-225x300.jpg 225w\" sizes=\"(max-width: 600px) 100vw, 600px\" \/><\/p>\n<p style=\"text-align: justify;\">W ksi\u0105\u017cce znajduje si\u0119 9 opowiada\u0144, ka\u017cde kolorowo ilustrowane. S\u0105 one bardzo wci\u0105gaj\u0105ce i przyjemne podczas czytania, rozwijaj\u0105ce wyobra\u017ani\u0119 i pobudzaj\u0105ce j\u0105 do dzia\u0142ania.<\/p>\n<p><img loading=\"lazy\" class=\"aligncenter wp-image-7173 size-full\" src=\"http:\/\/www.swiattoli.pl\/wp-content\/uploads\/2022\/01\/270248109_10222779601010941_2676562261821492021_n.jpg\" alt=\"\" width=\"600\" height=\"800\" srcset=\"http:\/\/www.swiattoli.pl\/wp-content\/uploads\/2022\/01\/270248109_10222779601010941_2676562261821492021_n.jpg 600w, http:\/\/www.swiattoli.pl\/wp-content\/uploads\/2022\/01\/270248109_10222779601010941_2676562261821492021_n-225x300.jpg 225w\" sizes=\"(max-width: 600px) 100vw, 600px\" \/><\/p>\n<p><img loading=\"lazy\" class=\"aligncenter wp-image-7172 size-full\" src=\"http:\/\/www.swiattoli.pl\/wp-content\/uploads\/2022\/01\/270047557_10222779601610956_4526398196657676002_n.jpg\" alt=\"\" width=\"600\" height=\"800\" srcset=\"http:\/\/www.swiattoli.pl\/wp-content\/uploads\/2022\/01\/270047557_10222779601610956_4526398196657676002_n.jpg 600w, http:\/\/www.swiattoli.pl\/wp-content\/uploads\/2022\/01\/270047557_10222779601610956_4526398196657676002_n-225x300.jpg 225w\" sizes=\"(max-width: 600px) 100vw, 600px\" \/><\/p>\n<p style=\"text-align: justify;\">Poszczeg\u00f3lne historie mo\u017cna czyta\u0107 wieczorem, przed snem. W rodzinie Mumink\u00f3w pojawia si\u0119 nowa gosposia, wywo\u0142uj\u0105ca chaos w ich domu, pojawia si\u0119 duch niewidzialnej dziewczynki.<\/p>\n<p><img loading=\"lazy\" class=\"aligncenter wp-image-7171 size-full\" src=\"http:\/\/www.swiattoli.pl\/wp-content\/uploads\/2022\/01\/270458487_10222779601890963_787372151531145703_n.jpg\" alt=\"\" width=\"600\" height=\"800\" srcset=\"http:\/\/www.swiattoli.pl\/wp-content\/uploads\/2022\/01\/270458487_10222779601890963_787372151531145703_n.jpg 600w, http:\/\/www.swiattoli.pl\/wp-content\/uploads\/2022\/01\/270458487_10222779601890963_787372151531145703_n-225x300.jpg 225w\" sizes=\"(max-width: 600px) 100vw, 600px\" \/><\/p>\n","protected":false},"excerpt":{"rendered":"<p>Uwielbiam wraca\u0107 do czas\u00f3w dzieci\u0144stwa. Bajki, ksi\u0105\u017cki, zabawki, kt\u00f3re kojarz\u0105 mi si\u0119 z czasami, gdy by\u0142am ma\u0142a, darze ogromnym sentymentem. Ciesz\u0119 si\u0119 zatem, gdy moi synowie interesuj\u0105 si\u0119 bohaterami z tamtych czas\u00f3w. Mog\u0119 w\u00f3wczas sama poczu\u0107 si\u0119 jak dziecko. Jak zwykle dzisiaj b\u0119dzie o ksi\u0105\u017cce, bo te bardzo lubi\u0119. Moi ch\u0142opcy r\u00f3wnie\u017c darz\u0105 je gor\u0105cym &hellip;<\/p>\n","protected":false},"author":1,"featured_media":7170,"comment_status":"open","ping_status":"open","sticky":false,"template":"","format":"standard","meta":[],"categories":[2,3,4],"tags":[182,315,326,1412,798,722,831,30,464,368,338,453,832,1682,1681,1683],"_links":{"self":[{"href":"http:\/\/www.swiattoli.pl\/index.php?rest_route=\/wp\/v2\/posts\/7169"}],"collection":[{"href":"http:\/\/www.swiattoli.pl\/index.php?rest_route=\/wp\/v2\/posts"}],"about":[{"href":"http:\/\/www.swiattoli.pl\/index.php?rest_route=\/wp\/v2\/types\/post"}],"author":[{"embeddable":true,"href":"http:\/\/www.swiattoli.pl\/index.php?rest_route=\/wp\/v2\/users\/1"}],"replies":[{"embeddable":true,"href":"http:\/\/www.swiattoli.pl\/index.php?rest_route=%2Fwp%2Fv2%2Fcomments&post=7169"}],"version-history":[{"count":1,"href":"http:\/\/www.swiattoli.pl\/index.php?rest_route=\/wp\/v2\/posts\/7169\/revisions"}],"predecessor-version":[{"id":7176,"href":"http:\/\/www.swiattoli.pl\/index.php?rest_route=\/wp\/v2\/posts\/7169\/revisions\/7176"}],"wp:featuredmedia":[{"embeddable":true,"href":"http:\/\/www.swiattoli.pl\/index.php?rest_route=\/wp\/v2\/media\/7170"}],"wp:attachment":[{"href":"http:\/\/www.swiattoli.pl\/index.php?rest_route=%2Fwp%2Fv2%2Fmedia&parent=7169"}],"wp:term":[{"taxonomy":"category","embeddable":true,"href":"http:\/\/www.swiattoli.pl\/index.php?rest_route=%2Fwp%2Fv2%2Fcategories&post=7169"},{"taxonomy":"post_tag","embeddable":true,"href":"http:\/\/www.swiattoli.pl\/index.php?rest_route=%2Fwp%2Fv2%2Ftags&post=7169"}],"curies":[{"name":"wp","href":"https:\/\/api.w.org\/{rel}","templated":true}]}}