{"id":7148,"date":"2021-11-21T17:31:01","date_gmt":"2021-11-21T17:31:01","guid":{"rendered":"http:\/\/www.swiattoli.pl\/?p=7148"},"modified":"2021-12-12T17:38:09","modified_gmt":"2021-12-12T17:38:09","slug":"tu-jest-nasz-dom-i-mozemy-uratowac-nasza-ziemie-akademia-madrego-dziecka","status":"publish","type":"post","link":"http:\/\/www.swiattoli.pl\/?p=7148","title":{"rendered":"&#8222;Tu jest nasz dom&#8221; i &#8222;Mo\u017cemy uratowa\u0107 nasz\u0105 Ziemi\u0119&#8221;- Akademia M\u0105drego Dziecka"},"content":{"rendered":"<p style=\"text-align: justify;\">Tym razem autorzy Akademii M\u0105drego Dziecka zaproponowali m\u0142odym czytelnikom ksi\u0105\u017cki &#8222;Chc\u0119 wiedzie\u0107!&#8221;, poszerzaj\u0105ce wiedz\u0119 o \u015bwiecie i przekazuj\u0105ce postawy proekologiczne. Ksi\u0105\u017cki s\u0105 zachwycaj\u0105ce, pocz\u0105wszy ju\u017c od ok\u0142adki.<\/p>\n<p><img loading=\"lazy\" class=\"aligncenter wp-image-7149 size-full\" src=\"http:\/\/www.swiattoli.pl\/wp-content\/uploads\/2021\/12\/267396860_10222645409616240_7542886452580798922_n.jpg\" alt=\"\" width=\"800\" height=\"600\" srcset=\"http:\/\/www.swiattoli.pl\/wp-content\/uploads\/2021\/12\/267396860_10222645409616240_7542886452580798922_n.jpg 800w, http:\/\/www.swiattoli.pl\/wp-content\/uploads\/2021\/12\/267396860_10222645409616240_7542886452580798922_n-300x225.jpg 300w, http:\/\/www.swiattoli.pl\/wp-content\/uploads\/2021\/12\/267396860_10222645409616240_7542886452580798922_n-768x576.jpg 768w, http:\/\/www.swiattoli.pl\/wp-content\/uploads\/2021\/12\/267396860_10222645409616240_7542886452580798922_n-780x585.jpg 780w\" sizes=\"(max-width: 800px) 100vw, 800px\" \/><\/p>\n<p style=\"text-align: justify;\"><strong>&#8222;Tu jest nasz dom&#8221;<\/strong> zabiera czytelnik\u00f3w w niesamowit\u0105 podr\u00f3\u017c dooko\u0142a \u015bwiata. Ka\u017cda ze stron pozwala ma\u0142ym czytelnikom pozna\u0107 ich r\u00f3wie\u015bnik\u00f3w, zamieszkuj\u0105cych r\u00f3\u017cne interesuj\u0105ce miejsca na \u015bwiecie. Ka\u017cde z miejsc jest zaprezentowane przez dziecko zamieszkuj\u0105ce je. Odwiedzamy zatem afryka\u0144sk\u0105 wiosk\u0119, zimn\u0105 Syberi\u0119, Nowy York itd. Ksi\u0105\u017cka pozwala pozna\u0107 zwyczaje i spos\u00f3b \u017cycia ludzi w bardzo zr\u00f3\u017cnicowanych \u015brodowiskach. Ta pozycja wzbogaca wiedz\u0119 na temat \u015bwiata, ukazuj\u0105c nasz\u0105 planet\u0119 w spos\u00f3b niezwykle interesuj\u0105cy. Zamieszczona mapa pozwala zobaczy\u0107, gdzie dok\u0142adnie po\u0142o\u017cone jest dane miejsce. To bardzo warto\u015bciowa ksi\u0105\u017cka, mog\u0105ca stanowi\u0107 zacz\u0105tek do poszerzenia wiedzy o \u015bwiecie.<\/p>\n<p><img loading=\"lazy\" class=\"aligncenter wp-image-7150 size-full\" src=\"http:\/\/www.swiattoli.pl\/wp-content\/uploads\/2021\/12\/267174227_10222645409016225_3677504953072487129_n.jpg\" alt=\"\" width=\"800\" height=\"600\" srcset=\"http:\/\/www.swiattoli.pl\/wp-content\/uploads\/2021\/12\/267174227_10222645409016225_3677504953072487129_n.jpg 800w, http:\/\/www.swiattoli.pl\/wp-content\/uploads\/2021\/12\/267174227_10222645409016225_3677504953072487129_n-300x225.jpg 300w, http:\/\/www.swiattoli.pl\/wp-content\/uploads\/2021\/12\/267174227_10222645409016225_3677504953072487129_n-768x576.jpg 768w, http:\/\/www.swiattoli.pl\/wp-content\/uploads\/2021\/12\/267174227_10222645409016225_3677504953072487129_n-780x585.jpg 780w\" sizes=\"(max-width: 800px) 100vw, 800px\" \/><\/p>\n<p><img loading=\"lazy\" class=\"aligncenter wp-image-7151 size-full\" src=\"http:\/\/www.swiattoli.pl\/wp-content\/uploads\/2021\/12\/267466332_10222645407416185_2482946610420099119_n.jpg\" alt=\"\" width=\"800\" height=\"600\" srcset=\"http:\/\/www.swiattoli.pl\/wp-content\/uploads\/2021\/12\/267466332_10222645407416185_2482946610420099119_n.jpg 800w, http:\/\/www.swiattoli.pl\/wp-content\/uploads\/2021\/12\/267466332_10222645407416185_2482946610420099119_n-300x225.jpg 300w, http:\/\/www.swiattoli.pl\/wp-content\/uploads\/2021\/12\/267466332_10222645407416185_2482946610420099119_n-768x576.jpg 768w, http:\/\/www.swiattoli.pl\/wp-content\/uploads\/2021\/12\/267466332_10222645407416185_2482946610420099119_n-780x585.jpg 780w\" sizes=\"(max-width: 800px) 100vw, 800px\" \/><\/p>\n<p><img loading=\"lazy\" class=\"aligncenter wp-image-7152 size-full\" src=\"http:\/\/www.swiattoli.pl\/wp-content\/uploads\/2021\/12\/266969048_10222645406216155_8301650294896737200_n.jpg\" alt=\"\" width=\"800\" height=\"600\" srcset=\"http:\/\/www.swiattoli.pl\/wp-content\/uploads\/2021\/12\/266969048_10222645406216155_8301650294896737200_n.jpg 800w, http:\/\/www.swiattoli.pl\/wp-content\/uploads\/2021\/12\/266969048_10222645406216155_8301650294896737200_n-300x225.jpg 300w, http:\/\/www.swiattoli.pl\/wp-content\/uploads\/2021\/12\/266969048_10222645406216155_8301650294896737200_n-768x576.jpg 768w, http:\/\/www.swiattoli.pl\/wp-content\/uploads\/2021\/12\/266969048_10222645406216155_8301650294896737200_n-780x585.jpg 780w\" sizes=\"(max-width: 800px) 100vw, 800px\" \/><\/p>\n<p><img loading=\"lazy\" class=\"aligncenter wp-image-7153 size-full\" src=\"http:\/\/www.swiattoli.pl\/wp-content\/uploads\/2021\/12\/267135481_10222645405776144_6900101286551616666_n.jpg\" alt=\"\" width=\"800\" height=\"600\" srcset=\"http:\/\/www.swiattoli.pl\/wp-content\/uploads\/2021\/12\/267135481_10222645405776144_6900101286551616666_n.jpg 800w, http:\/\/www.swiattoli.pl\/wp-content\/uploads\/2021\/12\/267135481_10222645405776144_6900101286551616666_n-300x225.jpg 300w, http:\/\/www.swiattoli.pl\/wp-content\/uploads\/2021\/12\/267135481_10222645405776144_6900101286551616666_n-768x576.jpg 768w, http:\/\/www.swiattoli.pl\/wp-content\/uploads\/2021\/12\/267135481_10222645405776144_6900101286551616666_n-780x585.jpg 780w\" sizes=\"(max-width: 800px) 100vw, 800px\" \/><\/p>\n<p><img loading=\"lazy\" class=\"aligncenter wp-image-7154 size-full\" src=\"http:\/\/www.swiattoli.pl\/wp-content\/uploads\/2021\/12\/267765849_10222645405496137_4777193379479237467_n.jpg\" alt=\"\" width=\"800\" height=\"600\" srcset=\"http:\/\/www.swiattoli.pl\/wp-content\/uploads\/2021\/12\/267765849_10222645405496137_4777193379479237467_n.jpg 800w, http:\/\/www.swiattoli.pl\/wp-content\/uploads\/2021\/12\/267765849_10222645405496137_4777193379479237467_n-300x225.jpg 300w, http:\/\/www.swiattoli.pl\/wp-content\/uploads\/2021\/12\/267765849_10222645405496137_4777193379479237467_n-768x576.jpg 768w, http:\/\/www.swiattoli.pl\/wp-content\/uploads\/2021\/12\/267765849_10222645405496137_4777193379479237467_n-780x585.jpg 780w\" sizes=\"(max-width: 800px) 100vw, 800px\" \/><\/p>\n<p style=\"text-align: justify;\"><strong>&#8222;Mo\u017cemy uratowa\u0107 nasz\u0105 Ziemi\u0119&#8221;\u00a0maj\u0105ca na celu wsparcie i wzmocnienie\u00a0 postaw proekologicznych. <\/strong><\/p>\n<p style=\"text-align: justify;\">To 12 historii m\u0142odych ludzi, kt\u00f3rzy za cel postawili sobie walk\u0119 ze zmianami klimatycznymi. Swoj\u0105 determinacj\u0105, odwag\u0105 i pomys\u0142owo\u015bci\u0105 zaanga\u017cowali innych do dzia\u0142a\u0144 na rzecz \u015brodowiska. Prowadz\u0105 walk\u0119 z wycinaniem las\u00f3w, zach\u0119caj\u0105c do ograniczenia u\u017cywania plastiku i ruchu samochodowego, organizuj\u0105 miejsca przyjazne przyrodzie, sprz\u0105taj\u0105 \u015bwiat, prowadz\u0105 dzia\u0142alno\u015b\u0107 edukacyjn\u0105. Ta ksi\u0105\u017cka to zbi\u00f3r pomys\u0142\u00f3w na dzia\u0142ania proekologiczne, inspiruj\u0105ca do podejmowania\u00a0 w\u0142a\u015bciwych krok\u00f3w przez nas samych.<\/p>\n<p>&nbsp;<\/p>\n<p style=\"text-align: justify;\">Ksi\u0105\u017cki kupicie w ksi\u0119garni internetowej Egmont:<\/p>\n<p style=\"text-align: justify;\">&#8222;Mo\u017cemy uratowa\u0107 nasz\u0105 Ziemi\u0119&#8221;\u00a0<a href=\"https:\/\/egmont.pl\/Mozemy-uratowac-nasza-Ziemie.-Akademia-madrego-dziecka.-Chce-wiedziec,58077192,p.html\">kliknij tutaj\u00a0<\/a><\/p>\n<p style=\"text-align: justify;\">&#8222;Tu jest nasz dom&#8221;-\u00a0<a href=\"https:\/\/egmont.pl\/Tu-jest-nasz-dom.-Akademia-madrego-dziecka.-Chce-wiedziec,58077194,p.html\">kliknij tutaj\u00a0<\/a><\/p>\n","protected":false},"excerpt":{"rendered":"<p>Tym razem autorzy Akademii M\u0105drego Dziecka zaproponowali m\u0142odym czytelnikom ksi\u0105\u017cki &#8222;Chc\u0119 wiedzie\u0107!&#8221;, poszerzaj\u0105ce wiedz\u0119 o \u015bwiecie i przekazuj\u0105ce postawy proekologiczne. Ksi\u0105\u017cki s\u0105 zachwycaj\u0105ce, pocz\u0105wszy ju\u017c od ok\u0142adki. &#8222;Tu jest nasz dom&#8221; zabiera czytelnik\u00f3w w niesamowit\u0105 podr\u00f3\u017c dooko\u0142a \u015bwiata. Ka\u017cda ze stron pozwala ma\u0142ym czytelnikom pozna\u0107 ich r\u00f3wie\u015bnik\u00f3w, zamieszkuj\u0105cych r\u00f3\u017cne interesuj\u0105ce miejsca na \u015bwiecie. Ka\u017cde z &hellip;<\/p>\n","protected":false},"author":1,"featured_media":7149,"comment_status":"open","ping_status":"open","sticky":false,"template":"","format":"standard","meta":[],"categories":[2,3,4],"tags":[424,182,1669,1665,722,1668,1667,1666],"_links":{"self":[{"href":"http:\/\/www.swiattoli.pl\/index.php?rest_route=\/wp\/v2\/posts\/7148"}],"collection":[{"href":"http:\/\/www.swiattoli.pl\/index.php?rest_route=\/wp\/v2\/posts"}],"about":[{"href":"http:\/\/www.swiattoli.pl\/index.php?rest_route=\/wp\/v2\/types\/post"}],"author":[{"embeddable":true,"href":"http:\/\/www.swiattoli.pl\/index.php?rest_route=\/wp\/v2\/users\/1"}],"replies":[{"embeddable":true,"href":"http:\/\/www.swiattoli.pl\/index.php?rest_route=%2Fwp%2Fv2%2Fcomments&post=7148"}],"version-history":[{"count":1,"href":"http:\/\/www.swiattoli.pl\/index.php?rest_route=\/wp\/v2\/posts\/7148\/revisions"}],"predecessor-version":[{"id":7155,"href":"http:\/\/www.swiattoli.pl\/index.php?rest_route=\/wp\/v2\/posts\/7148\/revisions\/7155"}],"wp:featuredmedia":[{"embeddable":true,"href":"http:\/\/www.swiattoli.pl\/index.php?rest_route=\/wp\/v2\/media\/7149"}],"wp:attachment":[{"href":"http:\/\/www.swiattoli.pl\/index.php?rest_route=%2Fwp%2Fv2%2Fmedia&parent=7148"}],"wp:term":[{"taxonomy":"category","embeddable":true,"href":"http:\/\/www.swiattoli.pl\/index.php?rest_route=%2Fwp%2Fv2%2Fcategories&post=7148"},{"taxonomy":"post_tag","embeddable":true,"href":"http:\/\/www.swiattoli.pl\/index.php?rest_route=%2Fwp%2Fv2%2Ftags&post=7148"}],"curies":[{"name":"wp","href":"https:\/\/api.w.org\/{rel}","templated":true}]}}