{"id":7039,"date":"2021-09-17T15:19:45","date_gmt":"2021-09-17T15:19:45","guid":{"rendered":"http:\/\/www.swiattoli.pl\/?p=7039"},"modified":"2021-10-04T15:26:09","modified_gmt":"2021-10-04T15:26:09","slug":"akademia-madrego-dziecka-moja-pachnaca-ksiazeczka-z-kolorami","status":"publish","type":"post","link":"http:\/\/www.swiattoli.pl\/?p=7039","title":{"rendered":"AKADEMIA M\u0104DREGO DZIECKA: Moja pachn\u0105ca ksi\u0105\u017ceczka z kolorami"},"content":{"rendered":"<p style=\"text-align: justify;\"><strong>Akademia M\u0105drego Dziecka\u00a0<\/strong>od<strong>\u00a0Harper Kids<\/strong>, to bardzo rozbudowana seria, a jej najnowszym dzieckiem jest <em>&#8222;Moja pachn\u0105ca ksi\u0105\u017ceczka z kolorami&#8221;<\/em>. Ksi\u0105\u017ceczki maj\u0105 tward\u0105 opraw\u0119, tekturowe strony z zaokr\u0105glonymi rogami. Pierwsza strona ma wyci\u0119ty otw\u00f3r, a na ka\u017cdej prawej stronie rozk\u0142ad\u00f3wki znajduje si\u0119 klapka.<\/p>\n<p><img loading=\"lazy\" class=\"aligncenter wp-image-7040 size-full\" src=\"http:\/\/www.swiattoli.pl\/wp-content\/uploads\/2021\/10\/244564966_10222061750185119_5715926865832517683_n.jpg\" alt=\"\" width=\"800\" height=\"600\" srcset=\"http:\/\/www.swiattoli.pl\/wp-content\/uploads\/2021\/10\/244564966_10222061750185119_5715926865832517683_n.jpg 800w, http:\/\/www.swiattoli.pl\/wp-content\/uploads\/2021\/10\/244564966_10222061750185119_5715926865832517683_n-300x225.jpg 300w, http:\/\/www.swiattoli.pl\/wp-content\/uploads\/2021\/10\/244564966_10222061750185119_5715926865832517683_n-768x576.jpg 768w, http:\/\/www.swiattoli.pl\/wp-content\/uploads\/2021\/10\/244564966_10222061750185119_5715926865832517683_n-780x585.jpg 780w\" sizes=\"(max-width: 800px) 100vw, 800px\" \/><\/p>\n<p style=\"text-align: justify;\">Ksi\u0105\u017ceczki zosta\u0142y bardzo \u0142adnie wydane. Bogate w kolory \u2013 jedna rozk\u0142ad\u00f3wka, to jeden kolor. Na danym tle, umieszczone zosta\u0142y obrazki w danym kolorze, opatrzone w podpis.<\/p>\n<p><img loading=\"lazy\" class=\"aligncenter wp-image-7041 size-full\" src=\"http:\/\/www.swiattoli.pl\/wp-content\/uploads\/2021\/10\/244469120_10222061743704957_6961950732431967431_n.jpg\" alt=\"\" width=\"600\" height=\"800\" srcset=\"http:\/\/www.swiattoli.pl\/wp-content\/uploads\/2021\/10\/244469120_10222061743704957_6961950732431967431_n.jpg 600w, http:\/\/www.swiattoli.pl\/wp-content\/uploads\/2021\/10\/244469120_10222061743704957_6961950732431967431_n-225x300.jpg 225w\" sizes=\"(max-width: 600px) 100vw, 600px\" \/><\/p>\n<p><img loading=\"lazy\" class=\"aligncenter wp-image-7042 size-full\" src=\"http:\/\/www.swiattoli.pl\/wp-content\/uploads\/2021\/10\/244516637_10222061741584904_6432199292165548840_n.jpg\" alt=\"\" width=\"600\" height=\"800\" srcset=\"http:\/\/www.swiattoli.pl\/wp-content\/uploads\/2021\/10\/244516637_10222061741584904_6432199292165548840_n.jpg 600w, http:\/\/www.swiattoli.pl\/wp-content\/uploads\/2021\/10\/244516637_10222061741584904_6432199292165548840_n-225x300.jpg 225w\" sizes=\"(max-width: 600px) 100vw, 600px\" \/><\/p>\n<p style=\"text-align: justify;\">Co jest nowo\u015bci\u0105 to uzupe\u0142nienie wra\u017ce\u0144 dotykowych i wzrokowych o zapachowe. Ka\u017cda rozk\u0142ad\u00f3wka, to jeden kolor. Po lewej stronie, w g\u00f3rnym rogu napisano nazw\u0119 koloru, poni\u017cej podpisano ilustracj\u0119. Na prawej za\u015b, jest klapka z napisem<em>\u00a0&#8222;Mam kolor (tu nazwa danego koloru) jak&#8230;&#8221;<\/em>\u00a0i tu uchylamy okienko, aby zobaczy\u0107 co jest pod spodem.<\/p>\n<p><img loading=\"lazy\" class=\"aligncenter wp-image-7043 size-full\" src=\"http:\/\/www.swiattoli.pl\/wp-content\/uploads\/2021\/10\/244469356_10222061739464851_1526509161856405000_n.jpg\" alt=\"\" width=\"600\" height=\"800\" srcset=\"http:\/\/www.swiattoli.pl\/wp-content\/uploads\/2021\/10\/244469356_10222061739464851_1526509161856405000_n.jpg 600w, http:\/\/www.swiattoli.pl\/wp-content\/uploads\/2021\/10\/244469356_10222061739464851_1526509161856405000_n-225x300.jpg 225w\" sizes=\"(max-width: 600px) 100vw, 600px\" \/><\/p>\n<p><img loading=\"lazy\" class=\"aligncenter wp-image-7044 size-full\" src=\"http:\/\/www.swiattoli.pl\/wp-content\/uploads\/2021\/10\/244502431_10222061735024740_7593969237276383888_n.jpg\" alt=\"\" width=\"600\" height=\"800\" srcset=\"http:\/\/www.swiattoli.pl\/wp-content\/uploads\/2021\/10\/244502431_10222061735024740_7593969237276383888_n.jpg 600w, http:\/\/www.swiattoli.pl\/wp-content\/uploads\/2021\/10\/244502431_10222061735024740_7593969237276383888_n-225x300.jpg 225w\" sizes=\"(max-width: 600px) 100vw, 600px\" \/><\/p>\n<p><img loading=\"lazy\" class=\"aligncenter wp-image-7045 size-full\" src=\"http:\/\/www.swiattoli.pl\/wp-content\/uploads\/2021\/10\/244590504_10222061732064666_1893684414798413755_n.jpg\" alt=\"\" width=\"600\" height=\"800\" srcset=\"http:\/\/www.swiattoli.pl\/wp-content\/uploads\/2021\/10\/244590504_10222061732064666_1893684414798413755_n.jpg 600w, http:\/\/www.swiattoli.pl\/wp-content\/uploads\/2021\/10\/244590504_10222061732064666_1893684414798413755_n-225x300.jpg 225w\" sizes=\"(max-width: 600px) 100vw, 600px\" \/><\/p>\n<p style=\"text-align: justify;\">Aby zapobiec zanikaniu zapach\u00f3w, ka\u017cda ksi\u0105\u017cka zosta\u0142a zabezpieczona foli\u0105, kt\u00f3r\u0105 mo\u017cna zdejmowa\u0107 i zak\u0142ada\u0107 ponownie.<\/p>\n<p style=\"text-align: justify;\">Seria ksi\u0105\u017ceczek\u00a0<a href=\"https:\/\/harpercollins.pl\/aktualnosci_harperkids,35,moja-pachnaca-ksiazeczka-z-kolorami.html\"><em>&#8222;Moja pachn\u0105ca ksi\u0105\u017ceczka z kolorami&#8221;<\/em><\/a> nadaje si\u0119 na ka\u017cd\u0105 okazj\u0119, pobudza zmys\u0142y (wzrok, zapach, dotyk), poprawia motoryk\u0119, \u0107wiczy koordynacj\u0119 wzrokowo-ruchow\u0105, wzbogaca s\u0142ownictwo.<\/p>\n","protected":false},"excerpt":{"rendered":"<p>Akademia M\u0105drego Dziecka\u00a0od\u00a0Harper Kids, to bardzo rozbudowana seria, a jej najnowszym dzieckiem jest &#8222;Moja pachn\u0105ca ksi\u0105\u017ceczka z kolorami&#8221;. Ksi\u0105\u017ceczki maj\u0105 tward\u0105 opraw\u0119, tekturowe strony z zaokr\u0105glonymi rogami. Pierwsza strona ma wyci\u0119ty otw\u00f3r, a na ka\u017cdej prawej stronie rozk\u0142ad\u00f3wki znajduje si\u0119 klapka. Ksi\u0105\u017ceczki zosta\u0142y bardzo \u0142adnie wydane. Bogate w kolory \u2013 jedna rozk\u0142ad\u00f3wka, to jeden kolor. &hellip;<\/p>\n","protected":false},"author":1,"featured_media":7040,"comment_status":"open","ping_status":"open","sticky":false,"template":"","format":"standard","meta":[],"categories":[2,3,4],"tags":[315,326,47,272,457,142,512,305,1604,1603,1605],"_links":{"self":[{"href":"http:\/\/www.swiattoli.pl\/index.php?rest_route=\/wp\/v2\/posts\/7039"}],"collection":[{"href":"http:\/\/www.swiattoli.pl\/index.php?rest_route=\/wp\/v2\/posts"}],"about":[{"href":"http:\/\/www.swiattoli.pl\/index.php?rest_route=\/wp\/v2\/types\/post"}],"author":[{"embeddable":true,"href":"http:\/\/www.swiattoli.pl\/index.php?rest_route=\/wp\/v2\/users\/1"}],"replies":[{"embeddable":true,"href":"http:\/\/www.swiattoli.pl\/index.php?rest_route=%2Fwp%2Fv2%2Fcomments&post=7039"}],"version-history":[{"count":1,"href":"http:\/\/www.swiattoli.pl\/index.php?rest_route=\/wp\/v2\/posts\/7039\/revisions"}],"predecessor-version":[{"id":7047,"href":"http:\/\/www.swiattoli.pl\/index.php?rest_route=\/wp\/v2\/posts\/7039\/revisions\/7047"}],"wp:featuredmedia":[{"embeddable":true,"href":"http:\/\/www.swiattoli.pl\/index.php?rest_route=\/wp\/v2\/media\/7040"}],"wp:attachment":[{"href":"http:\/\/www.swiattoli.pl\/index.php?rest_route=%2Fwp%2Fv2%2Fmedia&parent=7039"}],"wp:term":[{"taxonomy":"category","embeddable":true,"href":"http:\/\/www.swiattoli.pl\/index.php?rest_route=%2Fwp%2Fv2%2Fcategories&post=7039"},{"taxonomy":"post_tag","embeddable":true,"href":"http:\/\/www.swiattoli.pl\/index.php?rest_route=%2Fwp%2Fv2%2Ftags&post=7039"}],"curies":[{"name":"wp","href":"https:\/\/api.w.org\/{rel}","templated":true}]}}