{"id":7,"date":"2020-02-08T05:00:00","date_gmt":"2020-02-08T05:00:00","guid":{"rendered":"http:\/\/www.swiattoli.pl\/?p=7"},"modified":"2020-02-12T20:07:20","modified_gmt":"2020-02-12T20:07:20","slug":"opowiesc-wigilijna-nie-tylko-od-swieta","status":"publish","type":"post","link":"http:\/\/www.swiattoli.pl\/?p=7","title":{"rendered":"Opowie\u015b\u0107 Wigilijna nie tylko od \u015bwi\u0119ta"},"content":{"rendered":"<div style=\"background: white; line-height: 150%; margin-bottom: .0001pt; margin: 0cm; text-align: justify;\">\n<p>Czas \u015bwi\u0105t Bo\u017cego Narodzenia za nami, jednak kolejny czeka nas&nbsp; za kilka miesi\u0119cy. Chcia\u0142am dzisiaj nawi\u0105za\u0107 do tego w\u0142a\u015bnie okresu, a konkretnie do ksi\u0105\u017cki &#8222;Opowie\u015b\u0107 wigilijna&#8221;, kt\u00f3r\u0105 chyba zna ka\u017cdy, chocia\u017cby ze s\u0142yszenia. To opowie\u015b\u0107 o Ebenezerze Scroogu, sk\u0105pym, zgorzknia\u0142ym, samotnym cz\u0142owieku, kt\u00f3rego trzy duchy zabieraj\u0105 w niewiarygodn\u0105 podr\u00f3\u017c w czasie, by ukaza\u0107 mu kim by\u0142, kim si\u0119 sta\u0142 i kim b\u0119dzie.<\/p>\n<\/div>\n<div class=\"separator\" style=\"clear: both; text-align: center;\"><a style=\"margin-left: 1em; margin-right: 1em;\" href=\"http:\/\/www.swiattoli.pl\/wp-content\/uploads\/2020\/02\/84409592_10217532205789340_1400114627886448640_n.jpg\"><img loading=\"lazy\" src=\"http:\/\/www.swiattoli.pl\/wp-content\/uploads\/2020\/02\/84409592_10217532205789340_1400114627886448640_n.jpg\" width=\"480\" height=\"640\" border=\"0\" data-original-height=\"800\" data-original-width=\"600\"><\/a><\/div>\n<div class=\"MsoNormal\" style=\"line-height: 150%; margin-bottom: 0cm; text-align: justify;\">\n<p>Akcja ksi\u0105\u017cki dzieje si\u0119 w 1860 r., a dok\u0142adnie 24 grudnia &#8211; w dzie\u0144 wigilii Bo\u017cego Narodzenia. Ebenezer siedzi w swym kantorze, skupiaj\u0105c si\u0119 wy\u0142\u0105cznie na pracy i zyskach. \u015awi\u0119to Bo\u017cego Narodzenia nie obchodzi go wcale, mimo i\u017c ca\u0142y \u015bwiat si\u0119 nim raduje, nawet swemu pracownikowi nie pozwala wcze\u015bniej wyj\u015b\u0107 z pracy, nie odwzajemnia te\u017c \u017cycze\u0144 swego siostrze\u0144ca, gdy ten zachodzi do niego &#8222;z kol\u0119d\u0105&#8221;, nie wspiera datkiem instytucji charytatywnej, kt\u00f3rej przedstawiciele przychodz\u0105 do niego z pro\u015bb\u0105 o pomoc. To wigilia w wydaniu Scrooga. Jest po prostu cz\u0142owiekiem o sercu z kamienia, a jego celem \u017cyciowym jest zbicie fortuny.<\/p>\n<\/div>\n<div class=\"separator\" style=\"clear: both; text-align: center;\"><a style=\"margin-left: 1em; margin-right: 1em;\" href=\"http:\/\/www.swiattoli.pl\/wp-content\/uploads\/2020\/02\/84513042_10217532194749064_3475627938404106240_n.jpg\"><img loading=\"lazy\" src=\"http:\/\/www.swiattoli.pl\/wp-content\/uploads\/2020\/02\/84513042_10217532194749064_3475627938404106240_n.jpg\" width=\"480\" height=\"640\" border=\"0\" data-original-height=\"800\" data-original-width=\"600\"><\/a><\/div>\n<div><\/div>\n<div class=\"separator\" style=\"clear: both; text-align: center;\"><a style=\"margin-left: 1em; margin-right: 1em;\" href=\"http:\/\/www.swiattoli.pl\/wp-content\/uploads\/2020\/02\/84765261_10217532199629186_7417305874768592896_n.jpg\"><img loading=\"lazy\" src=\"http:\/\/www.swiattoli.pl\/wp-content\/uploads\/2020\/02\/84765261_10217532199629186_7417305874768592896_n.jpg\" width=\"480\" height=\"640\" border=\"0\" data-original-height=\"800\" data-original-width=\"600\"><\/a><\/div>\n<div class=\"MsoNormal\" style=\"line-height: 150%; margin-bottom: 0cm; text-align: justify;\"><span style=\"background: white; color: #252525; font-family: 'Arial','sans-serif'; font-size: 14.0pt; line-height: 150%;\">&nbsp;<\/span><\/div>\n<div class=\"MsoNormal\" style=\"line-height: 150%; margin-bottom: 0cm; text-align: justify;\">\n<p>Los jednak chce \u201eporozmawia\u0107\u201d z Ebenezerem i tej nocy nawiedzaj\u0105 go trzy duchy: minionych, obecnych i przysz\u0142ych \u015bwi\u0105t. Wraz z nimi nasz bohater odbywa podr\u00f3\u017c nie tylko w czasie, ale r\u00f3wnie\u017c do wn\u0119trza siebie, uczu\u0107 i emocji. Jak to si\u0119 sko\u0144czy? Chyba wiemy, a jak nie jeste\u015bmy pewni zapraszam do pi\u0119knie wydanej ksi\u0105\u017cki, kt\u00f3ra poruszy nasze zmys\u0142y i zabierze nas w \u015bwiat duch\u00f3w, ukazuj\u0105cych, co w \u017cyciu tak naprawd\u0119 ma znaczenie.<\/p>\n<\/div>\n<div class=\"separator\" style=\"clear: both; text-align: center;\"><a style=\"margin-left: 1em; margin-right: 1em;\" href=\"http:\/\/www.swiattoli.pl\/wp-content\/uploads\/2020\/02\/84404417_10217532208709413_8481730209601552384_n.jpg\"><img loading=\"lazy\" src=\"http:\/\/www.swiattoli.pl\/wp-content\/uploads\/2020\/02\/84404417_10217532208709413_8481730209601552384_n.jpg\" width=\"480\" height=\"640\" border=\"0\" data-original-height=\"800\" data-original-width=\"600\"><\/a><\/div>\n<div><\/div>\n<div class=\"separator\" style=\"clear: both; text-align: center;\"><a style=\"margin-left: 1em; margin-right: 1em;\" href=\"http:\/\/www.swiattoli.pl\/wp-content\/uploads\/2020\/02\/84822259_10217532209029421_1272691499494014976_n.jpg\"><img loading=\"lazy\" src=\"http:\/\/www.swiattoli.pl\/wp-content\/uploads\/2020\/02\/84822259_10217532209029421_1272691499494014976_n.jpg\" width=\"480\" height=\"640\" border=\"0\" data-original-height=\"800\" data-original-width=\"600\"><\/a><a style=\"margin-left: 1em; margin-right: 1em;\" href=\"https:\/\/1.bp.blogspot.com\/-UnBEkm4xHYU\/Xjxam0kj3EI\/AAAAAAAATPk\/Y6eUbaQzoacpbSLCzRPd11kcafgbYmKXgCLcBGAsYHQ\/s1600\/olesiejuk.png\"><img loading=\"lazy\" src=\"http:\/\/www.swiattoli.pl\/wp-content\/uploads\/2020\/02\/olesiejuk-1.png\" width=\"200\" height=\"200\" border=\"0\" data-original-height=\"225\" data-original-width=\"225\"><\/a><\/div>\n<div class=\"separator\" style=\"clear: both; text-align: center;\"><a href=\"https:\/\/www.wydawnictwoolesiejuk.pl\/\" target=\"_blank\" rel=\"noopener noreferrer\"><span style=\"font-size: large;\">https:\/\/www.wydawnictwoolesiejuk.pl\/<\/span><\/a><\/div>\n","protected":false},"excerpt":{"rendered":"<p>Czas \u015bwi\u0105t Bo\u017cego Narodzenia za nami, jednak kolejny czeka nas&nbsp; za kilka miesi\u0119cy. Chcia\u0142am dzisiaj nawi\u0105za\u0107 do tego w\u0142a\u015bnie okresu, a konkretnie do ksi\u0105\u017cki &#8222;Opowie\u015b\u0107 wigilijna&#8221;, kt\u00f3r\u0105 chyba zna ka\u017cdy, chocia\u017cby ze s\u0142yszenia. To opowie\u015b\u0107 o Ebenezerze Scroogu, sk\u0105pym, zgorzknia\u0142ym, samotnym cz\u0142owieku, kt\u00f3rego trzy duchy zabieraj\u0105 w niewiarygodn\u0105 podr\u00f3\u017c w czasie, by ukaza\u0107 mu kim &hellip;<\/p>\n","protected":false},"author":2,"featured_media":4916,"comment_status":"open","ping_status":"open","sticky":false,"template":"","format":"standard","meta":[],"categories":[2,3,4],"tags":[],"_links":{"self":[{"href":"http:\/\/www.swiattoli.pl\/index.php?rest_route=\/wp\/v2\/posts\/7"}],"collection":[{"href":"http:\/\/www.swiattoli.pl\/index.php?rest_route=\/wp\/v2\/posts"}],"about":[{"href":"http:\/\/www.swiattoli.pl\/index.php?rest_route=\/wp\/v2\/types\/post"}],"author":[{"embeddable":true,"href":"http:\/\/www.swiattoli.pl\/index.php?rest_route=\/wp\/v2\/users\/2"}],"replies":[{"embeddable":true,"href":"http:\/\/www.swiattoli.pl\/index.php?rest_route=%2Fwp%2Fv2%2Fcomments&post=7"}],"version-history":[{"count":4,"href":"http:\/\/www.swiattoli.pl\/index.php?rest_route=\/wp\/v2\/posts\/7\/revisions"}],"predecessor-version":[{"id":4969,"href":"http:\/\/www.swiattoli.pl\/index.php?rest_route=\/wp\/v2\/posts\/7\/revisions\/4969"}],"wp:featuredmedia":[{"embeddable":true,"href":"http:\/\/www.swiattoli.pl\/index.php?rest_route=\/wp\/v2\/media\/4916"}],"wp:attachment":[{"href":"http:\/\/www.swiattoli.pl\/index.php?rest_route=%2Fwp%2Fv2%2Fmedia&parent=7"}],"wp:term":[{"taxonomy":"category","embeddable":true,"href":"http:\/\/www.swiattoli.pl\/index.php?rest_route=%2Fwp%2Fv2%2Fcategories&post=7"},{"taxonomy":"post_tag","embeddable":true,"href":"http:\/\/www.swiattoli.pl\/index.php?rest_route=%2Fwp%2Fv2%2Ftags&post=7"}],"curies":[{"name":"wp","href":"https:\/\/api.w.org\/{rel}","templated":true}]}}