{"id":6823,"date":"2021-04-20T17:52:28","date_gmt":"2021-04-20T17:52:28","guid":{"rendered":"http:\/\/www.swiattoli.pl\/?p=6823"},"modified":"2021-05-17T17:59:57","modified_gmt":"2021-05-17T17:59:57","slug":"sylwia-markiewicz-czerwony-kalendarz","status":"publish","type":"post","link":"http:\/\/www.swiattoli.pl\/?p=6823","title":{"rendered":"Sylwia Markiewicz \u201eCzerwony kalendarz\u201d"},"content":{"rendered":"<p style=\"text-align: justify;\"><a href=\"http:\/\/oficynka.pl\/pl\/searchquery\/czerwony+kalendarz+-\/1\/phot\/5?url=czerwony,kalendarz,-\">\u201eCzerwony kalendarz\u201d<\/a> jest opowie\u015bci\u0105 o ma\u0142\u017ce\u0144stwie, po\u015bwi\u0119ceniu swoich pragnie\u0144 i marze\u0144, rezygnacji z w\u0142asnych potrzeb i o skutkach, do jakich prowadzi taka postawa jednej ze stron zwi\u0105zku.<\/p>\n<p><img loading=\"lazy\" class=\"aligncenter wp-image-6824 size-full\" src=\"http:\/\/www.swiattoli.pl\/wp-content\/uploads\/2021\/05\/186547943_10221193530800177_1813217129248202315_n.jpg\" alt=\"\" width=\"1511\" height=\"2015\" srcset=\"http:\/\/www.swiattoli.pl\/wp-content\/uploads\/2021\/05\/186547943_10221193530800177_1813217129248202315_n.jpg 1511w, http:\/\/www.swiattoli.pl\/wp-content\/uploads\/2021\/05\/186547943_10221193530800177_1813217129248202315_n-225x300.jpg 225w, http:\/\/www.swiattoli.pl\/wp-content\/uploads\/2021\/05\/186547943_10221193530800177_1813217129248202315_n-768x1024.jpg 768w, http:\/\/www.swiattoli.pl\/wp-content\/uploads\/2021\/05\/186547943_10221193530800177_1813217129248202315_n-1152x1536.jpg 1152w, http:\/\/www.swiattoli.pl\/wp-content\/uploads\/2021\/05\/186547943_10221193530800177_1813217129248202315_n-780x1040.jpg 780w\" sizes=\"(max-width: 1511px) 100vw, 1511px\" \/><\/p>\n<p style=\"text-align: justify;\">Amelia, wydawa\u0107 by si\u0119 mog\u0142o, wiedzie \u017cycie jak z bajki. Wspania\u0142y syn, m\u0105\u017c na wysokim stanowisku, pi\u0119kny dom z ogrodem, a ona? Ona ma tylko zajmowa\u0107 si\u0119 domem. Mo\u017cna powiedzie\u0107, pe\u0142ne beztroski \u017cycie. Czy aby na pewno? Kobieta od d\u0142u\u017cszego czasu bije si\u0119 z my\u015blami, czuje si\u0119 nieszcz\u0119\u015bliwa, chce odej\u015b\u0107 od m\u0119\u017ca. W podj\u0119ciu decyzji pomocnym jej jest kalendarz, w kt\u00f3rym na koniec dnia zaznacza odpowiednimi kolorami daty \u2013 zielonym, je\u015bli by\u0142 to dzie\u0144 szcz\u0119\u015bliwy, czerwonym \u2013 gdy nie by\u0142a szcz\u0119\u015bliwa. Jak si\u0119 mo\u017cna domy\u015bli\u0107, tych czerwonych dni jest znacznie wi\u0119cej. Pewnego dnia postanawia wi\u0119c spakowa\u0107 rzeczy swoje oraz syna i pod pretekstem wyjazdu do kogo\u015b z rodziny udaje si\u0119 do miasta, by tam szuka\u0107 szcz\u0119\u015bcia i\u2026 pracy. Nie jest \u0142atwo, szczeg\u00f3lnie na pocz\u0105tku, mo\u017cna rzec, \u017ce jest bardzo trudno, ale bohaterka nie poddaje si\u0119 i prze na prz\u00f3d.<\/p>\n<p style=\"text-align: justify;\">To ksi\u0105\u017cka dla ka\u017cdego z nas, gdy\u017c opowiada, \u017ce zawsze warto zawalczy\u0107 o swoje, nie poddawa\u0107 si\u0119 i robi\u0107 wszystko, aby osi\u0105gn\u0105\u0107 cel, \u017ce nie musimy tkwi\u0107 w tym, co jest, co znamy, i czujemy si\u0119 z tym \u017ale. Trzeba zmienia\u0107 \u017cycie, nasz \u015bwiat, nie ba\u0107 si\u0119 tego. Czasem najpierw trzeba co\u015b straci\u0107, aby p\u00f3\u017aniej zyska\u0107 o wiele wi\u0119cej.<\/p>\n<p><img loading=\"lazy\" class=\"wp-image-6825 aligncenter\" src=\"http:\/\/www.swiattoli.pl\/wp-content\/uploads\/2021\/05\/logo.jpg\" alt=\"\" width=\"153\" height=\"66\" \/><\/p>\n","protected":false},"excerpt":{"rendered":"<p>\u201eCzerwony kalendarz\u201d jest opowie\u015bci\u0105 o ma\u0142\u017ce\u0144stwie, po\u015bwi\u0119ceniu swoich pragnie\u0144 i marze\u0144, rezygnacji z w\u0142asnych potrzeb i o skutkach, do jakich prowadzi taka postawa jednej ze stron zwi\u0105zku. Amelia, wydawa\u0107 by si\u0119 mog\u0142o, wiedzie \u017cycie jak z bajki. Wspania\u0142y syn, m\u0105\u017c na wysokim stanowisku, pi\u0119kny dom z ogrodem, a ona? Ona ma tylko zajmowa\u0107 si\u0119 domem. &hellip;<\/p>\n","protected":false},"author":1,"featured_media":6824,"comment_status":"open","ping_status":"open","sticky":false,"template":"","format":"standard","meta":[],"categories":[2,3,4],"tags":[1454,337,326,55,557,30,1459,31,1458,1457,856,1455,1456],"_links":{"self":[{"href":"http:\/\/www.swiattoli.pl\/index.php?rest_route=\/wp\/v2\/posts\/6823"}],"collection":[{"href":"http:\/\/www.swiattoli.pl\/index.php?rest_route=\/wp\/v2\/posts"}],"about":[{"href":"http:\/\/www.swiattoli.pl\/index.php?rest_route=\/wp\/v2\/types\/post"}],"author":[{"embeddable":true,"href":"http:\/\/www.swiattoli.pl\/index.php?rest_route=\/wp\/v2\/users\/1"}],"replies":[{"embeddable":true,"href":"http:\/\/www.swiattoli.pl\/index.php?rest_route=%2Fwp%2Fv2%2Fcomments&post=6823"}],"version-history":[{"count":1,"href":"http:\/\/www.swiattoli.pl\/index.php?rest_route=\/wp\/v2\/posts\/6823\/revisions"}],"predecessor-version":[{"id":6826,"href":"http:\/\/www.swiattoli.pl\/index.php?rest_route=\/wp\/v2\/posts\/6823\/revisions\/6826"}],"wp:featuredmedia":[{"embeddable":true,"href":"http:\/\/www.swiattoli.pl\/index.php?rest_route=\/wp\/v2\/media\/6824"}],"wp:attachment":[{"href":"http:\/\/www.swiattoli.pl\/index.php?rest_route=%2Fwp%2Fv2%2Fmedia&parent=6823"}],"wp:term":[{"taxonomy":"category","embeddable":true,"href":"http:\/\/www.swiattoli.pl\/index.php?rest_route=%2Fwp%2Fv2%2Fcategories&post=6823"},{"taxonomy":"post_tag","embeddable":true,"href":"http:\/\/www.swiattoli.pl\/index.php?rest_route=%2Fwp%2Fv2%2Ftags&post=6823"}],"curies":[{"name":"wp","href":"https:\/\/api.w.org\/{rel}","templated":true}]}}