{"id":658,"date":"2016-06-02T06:00:00","date_gmt":"2016-06-02T06:00:00","guid":{"rendered":"http:\/\/www.swiattoli.pl\/?p=658"},"modified":"2020-02-07T12:30:04","modified_gmt":"2020-02-07T12:30:04","slug":"jak-dbac-o-delikatna-skore","status":"publish","type":"post","link":"http:\/\/www.swiattoli.pl\/?p=658","title":{"rendered":"Jak dba\u0107 o delikatn\u0105 sk\u00f3r\u0119 niemowl\u0119cia\/dziecka"},"content":{"rendered":"<div style=\"background: white; line-height: 150%; margin-bottom: .0001pt; margin: 0cm; text-align: justify;\">\n<span style=\"color: #141412; font-size: 14.0pt; line-height: 150%;\">Mimo<br \/>\ni\u017c sami czasem nie stosujemy balsam\u00f3w czy mase\u0142 do cia\u0142a, dziecku nale\u017cy<br \/>\nstosowa\u0107 odpowiednie kosmetyki maj\u0105ce nawil\u017cy\u0107 i nat\u0142u\u015bci\u0107 sk\u00f3r\u0119. Na sk\u00f3r\u0119 pupy<br \/>\nnajlepiej stosowa\u0107 kosmetyki zawieraj\u0105ce panthenol. Do k\u0105pieli najlepiej u\u017cywa\u0107<br \/>\nemolient\u00f3w, w\u00f3wczas nie ma potrzeby stosowania po k\u0105pieli balsamu, chocia\u017c ja i<br \/>\ntak stosuj\u0119. Mo\u017cna te\u017c wypr\u00f3bowa\u0107 kostk\u0119 myj\u0105c\u0105 o zasadowym pH, ale ja nie<br \/>\nsprawdza\u0142am wi\u0119c nie wypowiem si\u0119 na jej temat. Po k\u0105pieli stosujemy specjalne<br \/>\nbalsamy, oliwki itp. Jest tego sporo w sklepach. Wyj\u0105tkowo such\u0105 sk\u00f3r\u0119 mo\u017cna smarowa\u0107<br \/>\nkilka razy dziennie. <\/span><\/div>\n<div style=\"background: white; line-height: 150%; margin-bottom: .0001pt; margin: 0cm; text-align: justify;\">\n<span style=\"color: #141412; font-size: 14.0pt; line-height: 150%;\">Aby<br \/>\nochroni\u0107 delikatn\u0105 sk\u00f3r\u0119 dziecka nie nale\u017cy go przegrzewa\u0107 czy przebywa\u0107 z<br \/>\ndzieckiem w zbyt wysokich temperaturach.<\/span><\/div>\n<p><\/p>\n<div style=\"background: white; line-height: 150%; margin-bottom: .0001pt; margin: 0cm; text-align: justify;\">\n<span style=\"color: #141412; font-size: 14.0pt; line-height: 150%;\">Je\u015bli<br \/>\nchodzi o ubranka to powinno si\u0119 je pra\u0107 w specjalnie przeznaczonych dla dzieci<br \/>\nproszkach i p\u0142ynach oraz dok\u0142adnie p\u0142uka\u0107.<\/span><\/div>\n<div style=\"background: white; line-height: 150%; margin-bottom: .0001pt; margin: 0cm; text-align: justify;\">\n<img src=\"http:\/\/www.swiattoli.pl\/wp-content\/uploads\/2016\/06\/Bambino-oliwka-dla-dzieci-i-niemowl\u0105t.jpg\" \/><\/div>\n","protected":false},"excerpt":{"rendered":"<p>Mimo i\u017c sami czasem nie stosujemy balsam\u00f3w czy mase\u0142 do cia\u0142a, dziecku nale\u017cy stosowa\u0107 odpowiednie kosmetyki maj\u0105ce nawil\u017cy\u0107 i nat\u0142u\u015bci\u0107 sk\u00f3r\u0119. Na sk\u00f3r\u0119 pupy najlepiej stosowa\u0107 kosmetyki zawieraj\u0105ce panthenol. Do k\u0105pieli najlepiej u\u017cywa\u0107 emolient\u00f3w, w\u00f3wczas nie ma potrzeby stosowania po k\u0105pieli balsamu, chocia\u017c ja i tak stosuj\u0119. Mo\u017cna te\u017c wypr\u00f3bowa\u0107 kostk\u0119 myj\u0105c\u0105 o zasadowym pH, &hellip;<\/p>\n","protected":false},"author":2,"featured_media":0,"comment_status":"open","ping_status":"open","sticky":false,"template":"","format":"standard","meta":[],"categories":[8,1],"tags":[],"_links":{"self":[{"href":"http:\/\/www.swiattoli.pl\/index.php?rest_route=\/wp\/v2\/posts\/658"}],"collection":[{"href":"http:\/\/www.swiattoli.pl\/index.php?rest_route=\/wp\/v2\/posts"}],"about":[{"href":"http:\/\/www.swiattoli.pl\/index.php?rest_route=\/wp\/v2\/types\/post"}],"author":[{"embeddable":true,"href":"http:\/\/www.swiattoli.pl\/index.php?rest_route=\/wp\/v2\/users\/2"}],"replies":[{"embeddable":true,"href":"http:\/\/www.swiattoli.pl\/index.php?rest_route=%2Fwp%2Fv2%2Fcomments&post=658"}],"version-history":[{"count":1,"href":"http:\/\/www.swiattoli.pl\/index.php?rest_route=\/wp\/v2\/posts\/658\/revisions"}],"predecessor-version":[{"id":1546,"href":"http:\/\/www.swiattoli.pl\/index.php?rest_route=\/wp\/v2\/posts\/658\/revisions\/1546"}],"wp:attachment":[{"href":"http:\/\/www.swiattoli.pl\/index.php?rest_route=%2Fwp%2Fv2%2Fmedia&parent=658"}],"wp:term":[{"taxonomy":"category","embeddable":true,"href":"http:\/\/www.swiattoli.pl\/index.php?rest_route=%2Fwp%2Fv2%2Fcategories&post=658"},{"taxonomy":"post_tag","embeddable":true,"href":"http:\/\/www.swiattoli.pl\/index.php?rest_route=%2Fwp%2Fv2%2Ftags&post=658"}],"curies":[{"name":"wp","href":"https:\/\/api.w.org\/{rel}","templated":true}]}}