{"id":647,"date":"2016-06-16T12:25:00","date_gmt":"2016-06-16T12:25:00","guid":{"rendered":"http:\/\/www.swiattoli.pl\/?p=647"},"modified":"2020-02-07T12:30:24","modified_gmt":"2020-02-07T12:30:24","slug":"moda-na-nie-szczepienie","status":"publish","type":"post","link":"http:\/\/www.swiattoli.pl\/?p=647","title":{"rendered":"Moda na nie szczepienie"},"content":{"rendered":"<div class=\"MsoNormal\" style=\"line-height: 150%; text-align: justify;\">\n<span style=\"font-size: 14.0pt; line-height: 150%;\">Mo\u017ce nara\u017c\u0119 si\u0119 na fal\u0119 krytyki ale ostatnio<br \/>\ncoraz cz\u0119\u015bciej spotykam si\u0119 z dziwaczn\u0105 mod\u0105 na nie szczepienie. Jest to dla<br \/>\nmnie dziwne i niezrozumia\u0142e. Dlaczego rezygnowa\u0107 z mo\u017cliwo\u015bci zabezpieczenia<br \/>\ndziecka przed chorob\u0105? Zarzuty, \u017ce szczepienia s\u0105 szkodliwe to wyssane z palca<br \/>\nwizje i pomys\u0142y. Jest kilku naukowc\u00f3w, kt\u00f3rzy naginaj\u0105 wyniki a\u017ceby pogrozi\u0107 palcem<br \/>\nkoncernom farmaceutycznym, \u017ceby zdoby\u0107 s\u0142aw\u0119 i pieni\u0105dze. Wszelkie powik\u0142ania poszczepienne<br \/>\ntak naprawd\u0119 nimi nie s\u0105 a stanowi\u0105 zwyk\u0142e nast\u0119pstwo braku kompetencji<br \/>\nbadaj\u0105cych lekarzy albo udawania rodzic\u00f3w, kt\u00f3rzy nie chc\u0105 zauwa\u017cy\u0107, ze ich<br \/>\ndziecko ma jaki\u015b defekt zdrowotny. Szczepionki to najlepiej przebadany specyfik<br \/>\nna rynku farmaceutycznym. Skoro jest tak wiele przypadk\u00f3w powik\u0142a\u0144 poszczepiennych<br \/>\nto dlaczego nie tocz\u0105 si\u0119 sprawy przeciw tym\u017ce koncernom.<\/span><\/div>\n<div class=\"MsoNormal\" style=\"line-height: 150%; text-align: justify;\">\n<\/div>\n<div style=\"background: white; line-height: 150%; margin-bottom: .0001pt; margin: 0cm; text-align: justify;\">\n<span style=\"font-size: 14.0pt; line-height: 150%;\">Istnieje strona<br \/>\npogromy mit\u00f3w medycznych i tam znalaz\u0142am bardzo \u0142adnie opisany przez Karolin\u0119 G.<br \/>\nprzyk\u0142ad takiego k\u0142amstwa. Mit na ten temat pojawi\u0142 si\u0119 pod wp\u0142ywem publikacji<br \/>\nAndrew Wakefielda w The Lancet. Andrew Wakefield opisa\u0142 12 przypadk\u00f3w dzieci z<br \/>\nzaburzeniami zachowania ze spektrum autyzmu, u kt\u00f3rych objawy tej choroby mia\u0142y<br \/>\n\u2013 wed\u0142ug relacji rodzic\u00f3w &#8211; wyst\u0105pi\u0107 kr\u00f3tko po podaniu szczepionki MMR<br \/>\n(szczepionka skojarzona przeciwko odrze, \u015bwince i r\u00f3\u017cyczce). Wszystkie mia\u0142y<br \/>\nte\u017c cierpie\u0107 na zaburzenia jelitowe \u2013 te te\u017c mia\u0142y wyst\u0105pi\u0107 pierwszy raz po<br \/>\npodaniu szczepionki. Wakefield zasugerowa\u0142 wi\u0119c, \u017ce odpowiedzialna za obie przypad\u0142o\u015bci<br \/>\nmo\u017ce by\u0107 w\u0142a\u015bnie szczepionka MMR. Przeprowadzono wiele rzetelnych bada\u0144<br \/>\nnaukowych, z kt\u00f3rych \u017cadne nie potwierdzi\u0142o twierdze\u0144 Wakefielda. Jednocze\u015bnie<br \/>\ndziennikarz Brian Deer przeprowadzi\u0142 \u015bledztwo, kt\u00f3re wykaza\u0142o, i\u017c artyku\u0142<br \/>\nWakefielda by\u0142 oszustwem, spreparowanym specjalnie dla potrzeb przysz\u0142ego<br \/>\npost\u0119powania s\u0105dowego, a tak\u017ce dla intratnych zysk\u00f3w, jakie Wakefield osi\u0105gn\u0105\u0142<br \/>\nz powodu przera\u017cenia opinii publicznej. Wakefield zawar\u0142 porozumienie z<br \/>\nprawnikiem Richardem Barrem, kt\u00f3ry planowa\u0142 wnie\u015b\u0107 pozew zbiorowy przeciwko<br \/>\nproducentom szczepionek MMR. Zadaniem Wakefileda mia\u0142o by\u0107 znalezienie symptomu<br \/>\ndotychczas niekojarzonego z MMR. Wakefield wybra\u0142 autyzm \u2013 jeszcze przed<br \/>\nprzyst\u0105pieniem do jakichkolwiek bada\u0144, przed przyj\u0119ciem dzieci, kt\u00f3re p\u00f3\u017aniej zosta\u0142y<br \/>\nprzez niego rzekomo opisane. Co wi\u0119cej, kilka miesi\u0119cy przed swoj\u0105 konferencj\u0105<br \/>\nprasow\u0105, Wakefield wyst\u0105pi\u0142 o patent na stworzon\u0105 przez siebie osobn\u0105<br \/>\nszczepionk\u0119 przeciwko odrze. Otrzyma\u0142 on r\u00f3wnie\u017c od Barra ok. 400 tysi\u0119cy<br \/>\nfunt\u00f3w, nie licz\u0105c zwrotu wydatk\u00f3w. R\u00f3wnie\u017c opisy przypadk\u00f3w w badaniu okaza\u0142y<br \/>\nsi\u0119 by\u0107 oszustwem. Badacz sfabrykowa\u0142 wi\u0119kszo\u015b\u0107 informacji na temat opisywanych<br \/>\nprzypadk\u00f3w. Wakefield nie uzyska\u0142 ponadto zgody komitetu etycznego na<br \/>\nprzeprowadzenie bada\u0144 na dzieciach. Naczelna Izba Lekarska ( General Medical<br \/>\nCouncil) przeprowadzi\u0142a wobec Wakefielda post\u0119powanie dotycz\u0105ce utrzymania<br \/>\nprawa do wykonywania zawodu na skutek kt\u00f3rego w 2010 r. zosta\u0142 go pozbawiony. W<br \/>\ntym samym roku The Lancet wycofa\u0142 oficjalnie jego artyku\u0142.<\/span><\/div>\n<div style=\"background: white; line-height: 150%; margin: 0cm 0cm 0.0001pt; text-align: justify;\">\n<span style=\"font-size: 14.0pt; line-height: 150%;\">Mit ten jest<br \/>\ndobr\u0105 egzemplifikacj\u0105 b\u0142\u0119du w my\u015bleniu post hoc ergo propter hoc (\u0142ac. po tym,<br \/>\nwi\u0119c wskutek tego), gdzie wyci\u0105ga si\u0119 wnioski na temat kauzalnego powi\u0105zania<br \/>\nzdarze\u0144 z samego tylko faktu, \u017ce jedno z nich wyst\u0105pi\u0142o po drugim. Okres<br \/>\npodania szczepionki MMR i zauwa\u017cenia pierwszych objaw\u00f3w autyzmu jest mniej<br \/>\nwi\u0119cej podobny, co mo\u017ce rodzi\u0107 u niekt\u00f3rych rodzic\u00f3w wniosek, \u017ce to szczepionka<br \/>\nspowodowa\u0142a chorob\u0119.<\/span><\/div>\n<div style=\"background: white; line-height: 150%; margin: 0cm 0cm 0.0001pt; text-align: justify;\">\n<span style=\"font-size: 14.0pt; line-height: 150%;\">Nie ma jednak<br \/>\n\u017cadnego racjonalnego wyt\u0142umaczenia dlaczego MMR mia\u0142aby powodowa\u0107 autyzm,<br \/>\nponadto nie udowodniono takiej wsp\u00f3\u0142zale\u017cno\u015bci.<\/span><\/div>\n<div style=\"background: white; line-height: 150%; margin: 0cm 0cm 0.0001pt; text-align: justify;\">\n<span lang=\"EN-US\" style=\"font-size: 14.0pt; line-height: 150%; mso-ansi-language: EN-US;\">\u0179r\u00f3d\u0142a: P.A. Offit, Deadly Choices: How the<br \/>\nAnti-Vaccine Movement Threatens Us All, Basic Books; 1 edition<\/span><\/div>\n<div style=\"background: white; line-height: 150%; margin: 0cm 0cm 0.0001pt; text-align: justify;\">\n<span style=\"font-size: 14.0pt; line-height: 150%;\"><a href=\"http:\/\/briandeer.com\/mmr\/lancet-summary.htm\" target=\"_blank\" rel=\"noopener noreferrer\"><b><span lang=\"EN-US\" style=\"color: windowtext; mso-ansi-language: EN-US; text-decoration: none; text-underline: none;\">http:\/\/briandeer.com\/mmr\/lancet-summary.htm<\/span><\/b><\/a><\/span><span lang=\"EN-US\" style=\"font-size: 14.0pt; line-height: 150%; mso-ansi-language: EN-US;\"><\/span><\/div>\n<p><\/p>\n<div class=\"MsoNormal\" style=\"line-height: 150%; text-align: justify;\">\n<span lang=\"EN-US\" style=\"font-size: 14.0pt; line-height: 150%; mso-ansi-language: EN-US;\">(http:\/\/pogromcymitowmedycznych.pl\/myth\/128\/szczepionki-powoduj%C4%85-autyzm\/)<\/span><\/div>\n","protected":false},"excerpt":{"rendered":"<p>Mo\u017ce nara\u017c\u0119 si\u0119 na fal\u0119 krytyki ale ostatnio coraz cz\u0119\u015bciej spotykam si\u0119 z dziwaczn\u0105 mod\u0105 na nie szczepienie. Jest to dla mnie dziwne i niezrozumia\u0142e. Dlaczego rezygnowa\u0107 z mo\u017cliwo\u015bci zabezpieczenia dziecka przed chorob\u0105? Zarzuty, \u017ce szczepienia s\u0105 szkodliwe to wyssane z palca wizje i pomys\u0142y. Jest kilku naukowc\u00f3w, kt\u00f3rzy naginaj\u0105 wyniki a\u017ceby pogrozi\u0107 palcem koncernom &hellip;<\/p>\n","protected":false},"author":2,"featured_media":0,"comment_status":"open","ping_status":"open","sticky":false,"template":"","format":"standard","meta":[],"categories":[8,1],"tags":[],"_links":{"self":[{"href":"http:\/\/www.swiattoli.pl\/index.php?rest_route=\/wp\/v2\/posts\/647"}],"collection":[{"href":"http:\/\/www.swiattoli.pl\/index.php?rest_route=\/wp\/v2\/posts"}],"about":[{"href":"http:\/\/www.swiattoli.pl\/index.php?rest_route=\/wp\/v2\/types\/post"}],"author":[{"embeddable":true,"href":"http:\/\/www.swiattoli.pl\/index.php?rest_route=\/wp\/v2\/users\/2"}],"replies":[{"embeddable":true,"href":"http:\/\/www.swiattoli.pl\/index.php?rest_route=%2Fwp%2Fv2%2Fcomments&post=647"}],"version-history":[{"count":1,"href":"http:\/\/www.swiattoli.pl\/index.php?rest_route=\/wp\/v2\/posts\/647\/revisions"}],"predecessor-version":[{"id":1568,"href":"http:\/\/www.swiattoli.pl\/index.php?rest_route=\/wp\/v2\/posts\/647\/revisions\/1568"}],"wp:attachment":[{"href":"http:\/\/www.swiattoli.pl\/index.php?rest_route=%2Fwp%2Fv2%2Fmedia&parent=647"}],"wp:term":[{"taxonomy":"category","embeddable":true,"href":"http:\/\/www.swiattoli.pl\/index.php?rest_route=%2Fwp%2Fv2%2Fcategories&post=647"},{"taxonomy":"post_tag","embeddable":true,"href":"http:\/\/www.swiattoli.pl\/index.php?rest_route=%2Fwp%2Fv2%2Ftags&post=647"}],"curies":[{"name":"wp","href":"https:\/\/api.w.org\/{rel}","templated":true}]}}