{"id":6466,"date":"2021-02-21T11:23:01","date_gmt":"2021-02-21T11:23:01","guid":{"rendered":"http:\/\/www.swiattoli.pl\/?p=6466"},"modified":"2021-02-21T11:23:01","modified_gmt":"2021-02-21T11:23:01","slug":"czarny-maciek-i-wenecki-starodruk","status":"publish","type":"post","link":"http:\/\/www.swiattoli.pl\/?p=6466","title":{"rendered":"Czarny Maciek i wenecki starodruk"},"content":{"rendered":"<p style=\"margin: 0cm 0cm 0.0001pt; background: white; text-align: justify;\"><span style=\"font-size: 14.5pt; font-family: 'Arial','sans-serif'; color: #042337;\">Ksi\u0105\u017cki dla dzieci i m\u0142odzie\u017cy goszcz\u0105 u mnie w domu w poka\u017anych ilo\u015bciach. Niekt\u00f3re s\u0105 ju\u017c odpowiednie dla moich pociech, inne czekaj\u0105 na to, a\u017c b\u0119d\u0105 starsi, ale to nie szkodzi, ja je czytam z ogromn\u0105 przyjemno\u015bci\u0105. Szczeg\u00f3lnie uwielbiam te, gdzie jest zagadka, \u015bledztwo, tajemnica. <\/span><\/p>\n<p style=\"margin: 0cm 0cm 0.0001pt; background: white; text-align: justify;\"><span style=\"font-size: 14.5pt; font-family: 'Arial','sans-serif'; color: #042337;\"> <img loading=\"lazy\" class=\"aligncenter wp-image-6468 size-full\" src=\"http:\/\/www.swiattoli.pl\/wp-content\/uploads\/2021\/02\/152622166_10220592322170337_947701512122624479_n.jpg\" alt=\"\" width=\"600\" height=\"800\" srcset=\"http:\/\/www.swiattoli.pl\/wp-content\/uploads\/2021\/02\/152622166_10220592322170337_947701512122624479_n.jpg 600w, http:\/\/www.swiattoli.pl\/wp-content\/uploads\/2021\/02\/152622166_10220592322170337_947701512122624479_n-225x300.jpg 225w\" sizes=\"(max-width: 600px) 100vw, 600px\" \/><\/span><\/p>\n<p style=\"margin: 0cm 0cm 0.0001pt; background: white; text-align: justify;\"><span style=\"font-size: 14.5pt; font-family: 'Arial','sans-serif'; color: #042337;\">Bohaterami ksi\u0105\u017cki, o kt\u00f3rej dzisiaj mowa s\u0105: Maciek(Czarny) oraz Pawe\u0142 (Kisiel), koledzy, ucz\u0119szczaj\u0105cy do gimnazjum. To normlani nastolatkowie, chodz\u0105cy do szko\u0142y, kt\u00f3rych \u017cycie wygl\u0105da ca\u0142kowicie normalnie, a\u017c do pewnego dnia. Ich szkolna kole\u017canka &#8211; Ka\u015bka, za pomoc\u0105 szyfru sprowadza ich do tajnej bazy, tam zostaj\u0105 przekonani do stworzenia grupy detektywistycznej o nazwie &#8222;Herkules&#8221;. Szybko staj\u0105 si\u0119 prawdziwymi tropicielami, szukaj\u0105cymi przest\u0119pc\u00f3w w ca\u0142ej Polsce. Od tego momentu zaczyna si\u0119 ich niesamowita przygoda, kt\u00f3r\u0105 chcia\u0142by prze\u017cy\u0107 ka\u017cdy m\u0142ody cz\u0142owiek.<\/span><\/p>\n<p style=\"margin: 0cm 0cm 0.0001pt; background: white; text-align: justify;\"><span style=\"font-size: 14.5pt; font-family: 'Arial','sans-serif'; color: #042337;\"> <img loading=\"lazy\" class=\"aligncenter wp-image-6471 size-full\" src=\"http:\/\/www.swiattoli.pl\/wp-content\/uploads\/2021\/02\/152354055_10220592320530296_8241000870515089738_n.jpg\" alt=\"\" width=\"600\" height=\"800\" srcset=\"http:\/\/www.swiattoli.pl\/wp-content\/uploads\/2021\/02\/152354055_10220592320530296_8241000870515089738_n.jpg 600w, http:\/\/www.swiattoli.pl\/wp-content\/uploads\/2021\/02\/152354055_10220592320530296_8241000870515089738_n-225x300.jpg 225w\" sizes=\"(max-width: 600px) 100vw, 600px\" \/><\/span><\/p>\n<p><img loading=\"lazy\" class=\"aligncenter wp-image-6470 size-full\" src=\"http:\/\/www.swiattoli.pl\/wp-content\/uploads\/2021\/02\/152751409_10220592321010308_3231581233840908249_n.jpg\" alt=\"\" width=\"600\" height=\"800\" srcset=\"http:\/\/www.swiattoli.pl\/wp-content\/uploads\/2021\/02\/152751409_10220592321010308_3231581233840908249_n.jpg 600w, http:\/\/www.swiattoli.pl\/wp-content\/uploads\/2021\/02\/152751409_10220592321010308_3231581233840908249_n-225x300.jpg 225w\" sizes=\"(max-width: 600px) 100vw, 600px\" \/><\/p>\n<p style=\"margin: 0cm 0cm 0.0001pt; background: white; text-align: justify;\"><span style=\"font-size: 14.5pt; font-family: 'Arial','sans-serif'; color: #042337;\">\u201eCzarny Maciek\u201d to na prawd\u0119 \u015bwietna ksi\u0105\u017cka, osadzona w polskich realiach, co sprawia, \u017ce dzieci \u0142atwo mog\u0105 uto\u017csami\u0107 si\u0119 z bohaterami. Stanowi \u015bwietny pretekst do zabaw. K<span style=\"background: white;\">si\u0105\u017ck\u0119 czyta si\u0119 z zapartym tchem, gdzie akcja rozwija si\u0119 z ka\u017cd\u0105 stron\u0105. <\/span>Fabu\u0142a i akcja s\u0105 wartkie i naprawd\u0119 wci\u0105gaj\u0105ce. J\u0119zyk dostosowany do m\u0142odzie\u017cowego odbiorcy. <\/span><\/p>\n<p style=\"margin: 0cm 0cm 0.0001pt; background: white; text-align: justify;\"><span style=\"font-size: 14.5pt; font-family: 'Arial','sans-serif'; color: #042337;\">Polecamy!<\/span><\/p>\n<p><img loading=\"lazy\" class=\"aligncenter wp-image-6469 size-full\" src=\"http:\/\/www.swiattoli.pl\/wp-content\/uploads\/2021\/02\/151058605_10220592321490320_6358976125740113731_n.jpg\" alt=\"\" width=\"600\" height=\"800\" srcset=\"http:\/\/www.swiattoli.pl\/wp-content\/uploads\/2021\/02\/151058605_10220592321490320_6358976125740113731_n.jpg 600w, http:\/\/www.swiattoli.pl\/wp-content\/uploads\/2021\/02\/151058605_10220592321490320_6358976125740113731_n-225x300.jpg 225w\" sizes=\"(max-width: 600px) 100vw, 600px\" \/><\/p>\n<p><span style=\"font-size: 20px;\"><a title=\"Ksi\u0105\u017ck\u0119 kupisz tutaj\" href=\"https:\/\/wydawnictwo-tandem.pl\/ksiazki\/czarny-maciek-i-wenecki-starodruk\/\">https:\/\/wydawnictwo-tandem.pl\/ksiazki\/czarny-maciek-i-wenecki-starodruk\/<\/a><\/span><\/p>\n<p><img loading=\"lazy\" class=\"wp-image-6467 aligncenter\" src=\"http:\/\/www.swiattoli.pl\/wp-content\/uploads\/2021\/02\/cropped-logo-300x300.png\" alt=\"\" width=\"198\" height=\"198\" srcset=\"http:\/\/www.swiattoli.pl\/wp-content\/uploads\/2021\/02\/cropped-logo-300x300.png 300w, http:\/\/www.swiattoli.pl\/wp-content\/uploads\/2021\/02\/cropped-logo-150x150.png 150w, http:\/\/www.swiattoli.pl\/wp-content\/uploads\/2021\/02\/cropped-logo.png 512w\" sizes=\"(max-width: 198px) 100vw, 198px\" \/><\/p>\n","protected":false},"excerpt":{"rendered":"<p>Ksi\u0105\u017cki dla dzieci i m\u0142odzie\u017cy goszcz\u0105 u mnie w domu w poka\u017anych ilo\u015bciach. Niekt\u00f3re s\u0105 ju\u017c odpowiednie dla moich pociech, inne czekaj\u0105 na to, a\u017c b\u0119d\u0105 starsi, ale to nie szkodzi, ja je czytam z ogromn\u0105 przyjemno\u015bci\u0105. Szczeg\u00f3lnie uwielbiam te, gdzie jest zagadka, \u015bledztwo, tajemnica. Bohaterami ksi\u0105\u017cki, o kt\u00f3rej dzisiaj mowa s\u0105: Maciek(Czarny) oraz Pawe\u0142 &hellip;<\/p>\n","protected":false},"author":1,"featured_media":6468,"comment_status":"open","ping_status":"open","sticky":false,"template":"","format":"standard","meta":[],"categories":[1],"tags":[182,1177,1181,315,222,326,55,341,1180,368,31,1179,282,1178,1175,1176],"_links":{"self":[{"href":"http:\/\/www.swiattoli.pl\/index.php?rest_route=\/wp\/v2\/posts\/6466"}],"collection":[{"href":"http:\/\/www.swiattoli.pl\/index.php?rest_route=\/wp\/v2\/posts"}],"about":[{"href":"http:\/\/www.swiattoli.pl\/index.php?rest_route=\/wp\/v2\/types\/post"}],"author":[{"embeddable":true,"href":"http:\/\/www.swiattoli.pl\/index.php?rest_route=\/wp\/v2\/users\/1"}],"replies":[{"embeddable":true,"href":"http:\/\/www.swiattoli.pl\/index.php?rest_route=%2Fwp%2Fv2%2Fcomments&post=6466"}],"version-history":[{"count":1,"href":"http:\/\/www.swiattoli.pl\/index.php?rest_route=\/wp\/v2\/posts\/6466\/revisions"}],"predecessor-version":[{"id":6472,"href":"http:\/\/www.swiattoli.pl\/index.php?rest_route=\/wp\/v2\/posts\/6466\/revisions\/6472"}],"wp:featuredmedia":[{"embeddable":true,"href":"http:\/\/www.swiattoli.pl\/index.php?rest_route=\/wp\/v2\/media\/6468"}],"wp:attachment":[{"href":"http:\/\/www.swiattoli.pl\/index.php?rest_route=%2Fwp%2Fv2%2Fmedia&parent=6466"}],"wp:term":[{"taxonomy":"category","embeddable":true,"href":"http:\/\/www.swiattoli.pl\/index.php?rest_route=%2Fwp%2Fv2%2Fcategories&post=6466"},{"taxonomy":"post_tag","embeddable":true,"href":"http:\/\/www.swiattoli.pl\/index.php?rest_route=%2Fwp%2Fv2%2Ftags&post=6466"}],"curies":[{"name":"wp","href":"https:\/\/api.w.org\/{rel}","templated":true}]}}