{"id":645,"date":"2016-06-17T16:44:00","date_gmt":"2016-06-17T16:44:00","guid":{"rendered":"http:\/\/www.swiattoli.pl\/?p=645"},"modified":"2020-02-07T12:30:29","modified_gmt":"2020-02-07T12:30:29","slug":"przedogrodek","status":"publish","type":"post","link":"http:\/\/www.swiattoli.pl\/?p=645","title":{"rendered":"Przedogr\u00f3dek"},"content":{"rendered":"<div class=\"MsoNormal\" style=\"line-height: 150%; text-align: justify;\">\n<span style=\"font-size: 14.0pt; line-height: 150%;\">A oto m\u00f3j przedogr\u00f3dek, jak to m\u00f3wi<br \/>\nMaja Popielarska <\/span><span style=\"font-family: Wingdings; font-size: 14.0pt; line-height: 150%; mso-ascii-font-family: &quot;Times New Roman&quot;; mso-char-type: symbol; mso-hansi-font-family: &quot;Times New Roman&quot;; mso-symbol-font-family: Wingdings;\">J<\/span><span style=\"font-size: 14.0pt; line-height: 150%;\">. W zwi\u0105zku z tym, i\u017c jako\u015b nie mam<br \/>\nr\u0119ki do siania wprost do grunty, wi\u0119kszo\u015b\u0107 kwiat\u00f3w ro\u015bnie w doniczkach i ca\u0142kiem<br \/>\ndobrze si\u0119 maj\u0105. Dzi\u0119ki temu mo\u017cemy si\u0119 wreszcie cieszy\u0107 kolorami kwitn\u0105cego<br \/>\nkwiecia <\/span><span style=\"font-family: Wingdings; font-size: 14.0pt; line-height: 150%; mso-ascii-font-family: &quot;Times New Roman&quot;; mso-char-type: symbol; mso-hansi-font-family: &quot;Times New Roman&quot;; mso-symbol-font-family: Wingdings;\">J<\/span><span style=\"font-size: 14.0pt; line-height: 150%;\">.<\/span><\/div>\n<div class=\"separator\" style=\"clear: both; text-align: center;\">\n<a href=\"http:\/\/www.swiattoli.pl\/wp-content\/uploads\/2016\/06\/IMAG4739-1024x582.jpg\" imageanchor=\"1\" style=\"margin-left: 1em; margin-right: 1em;\"><img loading=\"lazy\" border=\"0\" height=\"362\" src=\"http:\/\/www.swiattoli.pl\/wp-content\/uploads\/2016\/06\/IMAG4739-1024x582.jpg\" width=\"640\" \/><\/a><\/div>\n<p><\/p>\n<div class=\"separator\" style=\"clear: both; text-align: center;\">\n<a href=\"http:\/\/www.swiattoli.pl\/wp-content\/uploads\/2016\/06\/IMAG4740-1024x582.jpg\" imageanchor=\"1\" style=\"margin-left: 1em; margin-right: 1em;\"><img loading=\"lazy\" border=\"0\" height=\"362\" src=\"http:\/\/www.swiattoli.pl\/wp-content\/uploads\/2016\/06\/IMAG4740-1024x582.jpg\" width=\"640\" \/><\/a><\/div>\n<div class=\"MsoNormal\" style=\"line-height: 150%; text-align: justify;\">\n<span style=\"font-size: 14.0pt; line-height: 150%;\"><br \/><\/span><\/div>\n","protected":false},"excerpt":{"rendered":"<p>A oto m\u00f3j przedogr\u00f3dek, jak to m\u00f3wi Maja Popielarska J. W zwi\u0105zku z tym, i\u017c jako\u015b nie mam r\u0119ki do siania wprost do grunty, wi\u0119kszo\u015b\u0107 kwiat\u00f3w ro\u015bnie w doniczkach i ca\u0142kiem dobrze si\u0119 maj\u0105. Dzi\u0119ki temu mo\u017cemy si\u0119 wreszcie cieszy\u0107 kolorami kwitn\u0105cego kwiecia J.<\/p>\n","protected":false},"author":2,"featured_media":0,"comment_status":"open","ping_status":"open","sticky":false,"template":"","format":"standard","meta":[],"categories":[2,1],"tags":[],"_links":{"self":[{"href":"http:\/\/www.swiattoli.pl\/index.php?rest_route=\/wp\/v2\/posts\/645"}],"collection":[{"href":"http:\/\/www.swiattoli.pl\/index.php?rest_route=\/wp\/v2\/posts"}],"about":[{"href":"http:\/\/www.swiattoli.pl\/index.php?rest_route=\/wp\/v2\/types\/post"}],"author":[{"embeddable":true,"href":"http:\/\/www.swiattoli.pl\/index.php?rest_route=\/wp\/v2\/users\/2"}],"replies":[{"embeddable":true,"href":"http:\/\/www.swiattoli.pl\/index.php?rest_route=%2Fwp%2Fv2%2Fcomments&post=645"}],"version-history":[{"count":1,"href":"http:\/\/www.swiattoli.pl\/index.php?rest_route=\/wp\/v2\/posts\/645\/revisions"}],"predecessor-version":[{"id":1573,"href":"http:\/\/www.swiattoli.pl\/index.php?rest_route=\/wp\/v2\/posts\/645\/revisions\/1573"}],"wp:attachment":[{"href":"http:\/\/www.swiattoli.pl\/index.php?rest_route=%2Fwp%2Fv2%2Fmedia&parent=645"}],"wp:term":[{"taxonomy":"category","embeddable":true,"href":"http:\/\/www.swiattoli.pl\/index.php?rest_route=%2Fwp%2Fv2%2Fcategories&post=645"},{"taxonomy":"post_tag","embeddable":true,"href":"http:\/\/www.swiattoli.pl\/index.php?rest_route=%2Fwp%2Fv2%2Ftags&post=645"}],"curies":[{"name":"wp","href":"https:\/\/api.w.org\/{rel}","templated":true}]}}