{"id":639,"date":"2016-06-26T17:22:00","date_gmt":"2016-06-26T17:22:00","guid":{"rendered":"http:\/\/www.swiattoli.pl\/?p=639"},"modified":"2020-02-07T12:30:34","modified_gmt":"2020-02-07T12:30:34","slug":"wkurza-mnie-liczenie-kalorii","status":"publish","type":"post","link":"http:\/\/www.swiattoli.pl\/?p=639","title":{"rendered":"Wkurza mnie liczenie kalorii"},"content":{"rendered":"<div class=\"MsoNormal\" style=\"line-height: 150%; text-align: justify;\">\n<span style=\"font-size: 14.0pt; line-height: 150%;\">Nawi\u0105zuj\u0105c do mojego liczenia kalorii,<br \/>\nwkurza mnie to, \u017ce ja ci\u0105gle uwa\u017cam na to, co je. Czasem, jak pozwol\u0119 sobie na co\u015b s\u0142odkiego mam ogromne wyrzuty sumienia, denerwuj\u0105 si\u0119 i \u017ca\u0142uj\u0119. Dzisiaj obok<br \/>\nmnie ch\u0142opak jad\u0142 ciastko, takie du\u017ce i smacznie wygl\u0105daj\u0105ce. Ja sobie mog\u0119 popatrze\u0107<br \/>\ni powspomina\u0107, jak to by\u0142o kiedy\u015b, gdy mog\u0142am normalnie je\u015b\u0107 a nie tylko<br \/>\nwszystkiego sobie odmawia\u0107. Jakie to niesprawiedliwe <\/span><span style=\"font-family: Wingdings; font-size: 14.0pt; line-height: 150%; mso-ascii-font-family: &quot;Times New Roman&quot;; mso-char-type: symbol; mso-hansi-font-family: &quot;Times New Roman&quot;; mso-symbol-font-family: Wingdings;\">L<\/span><span style=\"font-size: 14.0pt; line-height: 150%;\">. Nie<br \/>\nchodzi mi o to \u017ceby si\u0119 objada\u0107, przejada\u0107 i ob\u017cera\u0107 ale chcia\u0142abym powrotu<br \/>\nczas\u00f3w, kiedy normalnie jem i nie licz\u0119 ka\u017cdej kaloryjki.<\/span><\/div>\n","protected":false},"excerpt":{"rendered":"<p>Nawi\u0105zuj\u0105c do mojego liczenia kalorii, wkurza mnie to, \u017ce ja ci\u0105gle uwa\u017cam na to, co je. Czasem, jak pozwol\u0119 sobie na co\u015b s\u0142odkiego mam ogromne wyrzuty sumienia, denerwuj\u0105 si\u0119 i \u017ca\u0142uj\u0119. Dzisiaj obok mnie ch\u0142opak jad\u0142 ciastko, takie du\u017ce i smacznie wygl\u0105daj\u0105ce. Ja sobie mog\u0119 popatrze\u0107 i powspomina\u0107, jak to by\u0142o kiedy\u015b, gdy mog\u0142am normalnie &hellip;<\/p>\n","protected":false},"author":2,"featured_media":0,"comment_status":"open","ping_status":"open","sticky":false,"template":"","format":"standard","meta":[],"categories":[2,1],"tags":[],"_links":{"self":[{"href":"http:\/\/www.swiattoli.pl\/index.php?rest_route=\/wp\/v2\/posts\/639"}],"collection":[{"href":"http:\/\/www.swiattoli.pl\/index.php?rest_route=\/wp\/v2\/posts"}],"about":[{"href":"http:\/\/www.swiattoli.pl\/index.php?rest_route=\/wp\/v2\/types\/post"}],"author":[{"embeddable":true,"href":"http:\/\/www.swiattoli.pl\/index.php?rest_route=\/wp\/v2\/users\/2"}],"replies":[{"embeddable":true,"href":"http:\/\/www.swiattoli.pl\/index.php?rest_route=%2Fwp%2Fv2%2Fcomments&post=639"}],"version-history":[{"count":1,"href":"http:\/\/www.swiattoli.pl\/index.php?rest_route=\/wp\/v2\/posts\/639\/revisions"}],"predecessor-version":[{"id":1581,"href":"http:\/\/www.swiattoli.pl\/index.php?rest_route=\/wp\/v2\/posts\/639\/revisions\/1581"}],"wp:attachment":[{"href":"http:\/\/www.swiattoli.pl\/index.php?rest_route=%2Fwp%2Fv2%2Fmedia&parent=639"}],"wp:term":[{"taxonomy":"category","embeddable":true,"href":"http:\/\/www.swiattoli.pl\/index.php?rest_route=%2Fwp%2Fv2%2Fcategories&post=639"},{"taxonomy":"post_tag","embeddable":true,"href":"http:\/\/www.swiattoli.pl\/index.php?rest_route=%2Fwp%2Fv2%2Ftags&post=639"}],"curies":[{"name":"wp","href":"https:\/\/api.w.org\/{rel}","templated":true}]}}