{"id":6385,"date":"2021-01-24T13:30:33","date_gmt":"2021-01-24T13:30:33","guid":{"rendered":"http:\/\/www.swiattoli.pl\/?p=6385"},"modified":"2021-01-24T18:32:11","modified_gmt":"2021-01-24T18:32:11","slug":"damy-dziewuchy-dziewczyny-historia-w-spodnicy","status":"publish","type":"post","link":"http:\/\/www.swiattoli.pl\/?p=6385","title":{"rendered":"Damy, dziewuchy, dziewczyny. Historia w sp\u00f3dnicy"},"content":{"rendered":"<p style=\"text-align: justify;\">Historia obfituje w opowie\u015bci o wspania\u0142ych i genialnych m\u0119\u017cczyznach, o kobietach m\u00f3wi si\u0119 zdecydowanie mniej, a one przecie\u017c te\u017c dokonywa\u0142y wielkich rzeczy. Anna Dziewit-Meller w ksi\u0105\u017cce <a href=\"https:\/\/www.znak.com.pl\/ksiazka\/damy-dziewuchy-dziewczyny-historia-w-spodnicy-anna-dziewit-meller-97292\">\u201eDamy, dziewuchy, dziewczyny. Historia w sp\u00f3dnicy\u201d<\/a> przedstawia takie oto postaci. To ksi\u0105\u017cka, kt\u00f3r\u0105 powinny pozna\u0107 wszystkie nastolatki, ale i ch\u0142opcy. To pozycja o Polkach, o kt\u00f3rych i my doro\u015bli powinni\u015bmy wiedzie\u0107.<\/p>\n<p style=\"text-align: justify;\"><img loading=\"lazy\" class=\"aligncenter wp-image-6386 size-full\" src=\"http:\/\/www.swiattoli.pl\/wp-content\/uploads\/2021\/01\/142479363_10220376921905465_1163828495911619075_n.jpg\" alt=\"\" width=\"600\" height=\"800\" srcset=\"http:\/\/www.swiattoli.pl\/wp-content\/uploads\/2021\/01\/142479363_10220376921905465_1163828495911619075_n.jpg 600w, http:\/\/www.swiattoli.pl\/wp-content\/uploads\/2021\/01\/142479363_10220376921905465_1163828495911619075_n-225x300.jpg 225w\" sizes=\"(max-width: 600px) 100vw, 600px\" \/><br \/>\nRazem z Heni\u0105 Pustow\u00f3jt\u00f3wn\u0105, jedyn\u0105 dziewczyn\u0105 walcz\u0105c\u0105 w powstaniu listopadowym, poznamy inne postaci, z czego przyznaj\u0119, nie zna\u0142am wszystkich. Najbardziej znane Maria Sk\u0142odowska-Curie, Irena Sendlerowa, czy kr\u00f3lowa Jadwiga, jednak Magdalenie Bendzis\u0142awskiej \u2013 pierwszej kobiecie chirurg, czy Krystynie Skarbek \u2013 kobiecie szpieg nie s\u0142ysza\u0142am. Te, wspomniane i inne wymienione w ksi\u0105\u017cce bohaterki odnosi\u0142y sukcesy, para\u0142y si\u0119 profesjami, cz\u0119sto uznanymi za \u015bci\u015ble m\u0119skie, a jednak cz\u0119sto pozosta\u0142y zapomniane.<\/p>\n<p style=\"text-align: justify;\"><img loading=\"lazy\" class=\"aligncenter wp-image-6387 size-full\" src=\"http:\/\/www.swiattoli.pl\/wp-content\/uploads\/2021\/01\/142118537_10220376921625458_8297748437811844616_n.jpg\" alt=\"\" width=\"600\" height=\"800\" srcset=\"http:\/\/www.swiattoli.pl\/wp-content\/uploads\/2021\/01\/142118537_10220376921625458_8297748437811844616_n.jpg 600w, http:\/\/www.swiattoli.pl\/wp-content\/uploads\/2021\/01\/142118537_10220376921625458_8297748437811844616_n-225x300.jpg 225w\" sizes=\"(max-width: 600px) 100vw, 600px\" \/><\/p>\n<p><img loading=\"lazy\" class=\"aligncenter wp-image-6389 size-full\" src=\"http:\/\/www.swiattoli.pl\/wp-content\/uploads\/2021\/01\/142102040_10220376920985442_4504654678718754462_n.jpg\" alt=\"\" width=\"600\" height=\"800\" srcset=\"http:\/\/www.swiattoli.pl\/wp-content\/uploads\/2021\/01\/142102040_10220376920985442_4504654678718754462_n.jpg 600w, http:\/\/www.swiattoli.pl\/wp-content\/uploads\/2021\/01\/142102040_10220376920985442_4504654678718754462_n-225x300.jpg 225w\" sizes=\"(max-width: 600px) 100vw, 600px\" \/><\/p>\n<p style=\"text-align: justify;\">Teraz s\u0105 inne czasy, kobietom \u0142atwiej osi\u0105gn\u0105\u0107 sukces, ale nadal nie jest to tak proste, dlatego warto pokazywa\u0107 i udowadnia\u0107, \u017ce warto marzy\u0107, wierzy\u0107 i d\u0105\u017cy\u0107 do celu, wbrew przeciwno\u015bciom, a czas przyniesie sukces.<\/p>\n<p style=\"text-align: justify;\">Ta ksi\u0105\u017cka pozwala uwierzy\u0107 w siebie, pozna\u0107 histori\u0119, czasami tak\u0105, o kt\u00f3rej nie pisze si\u0119 w podr\u0119cznikach szkolnych.<\/p>\n<p style=\"text-align: justify;\"><img loading=\"lazy\" class=\"aligncenter wp-image-6390 size-full\" src=\"http:\/\/www.swiattoli.pl\/wp-content\/uploads\/2021\/01\/142521236_10220376920705435_5916615139848504635_n.jpg\" alt=\"\" width=\"600\" height=\"800\" srcset=\"http:\/\/www.swiattoli.pl\/wp-content\/uploads\/2021\/01\/142521236_10220376920705435_5916615139848504635_n.jpg 600w, http:\/\/www.swiattoli.pl\/wp-content\/uploads\/2021\/01\/142521236_10220376920705435_5916615139848504635_n-225x300.jpg 225w\" sizes=\"(max-width: 600px) 100vw, 600px\" \/><\/p>\n<p><img loading=\"lazy\" class=\"aligncenter wp-image-6388 size-full\" src=\"http:\/\/www.swiattoli.pl\/wp-content\/uploads\/2021\/01\/142341831_10220376921345451_3503173268014081259_n.jpg\" alt=\"\" width=\"600\" height=\"800\" srcset=\"http:\/\/www.swiattoli.pl\/wp-content\/uploads\/2021\/01\/142341831_10220376921345451_3503173268014081259_n.jpg 600w, http:\/\/www.swiattoli.pl\/wp-content\/uploads\/2021\/01\/142341831_10220376921345451_3503173268014081259_n-225x300.jpg 225w\" sizes=\"(max-width: 600px) 100vw, 600px\" \/><\/p>\n<p style=\"text-align: justify;\">Samo wydanie jest pi\u0119kne, estetyczne, w twardej oprawie, wzbogacone ilustracjami. J\u0119zyk jest odpowiedni dla m\u0142odzie\u017cy, spajaj\u0105cy poszczeg\u00f3lne historie w jedn\u0105 ca\u0142o\u015b\u0107.<\/p>\n<p style=\"text-align: justify;\">Ksi\u0105\u017ck\u0119 polecam wszystkim, tym m\u0142odszym, jak i doros\u0142ym!<\/p>\n<p><img loading=\"lazy\" class=\"wp-image-6391 aligncenter\" src=\"http:\/\/www.swiattoli.pl\/wp-content\/uploads\/2021\/01\/znak-300x300.jpg\" alt=\"\" width=\"105\" height=\"105\" srcset=\"http:\/\/www.swiattoli.pl\/wp-content\/uploads\/2021\/01\/znak-300x300.jpg 300w, http:\/\/www.swiattoli.pl\/wp-content\/uploads\/2021\/01\/znak-150x150.jpg 150w, http:\/\/www.swiattoli.pl\/wp-content\/uploads\/2021\/01\/znak-768x768.jpg 768w, http:\/\/www.swiattoli.pl\/wp-content\/uploads\/2021\/01\/znak-780x780.jpg 780w, http:\/\/www.swiattoli.pl\/wp-content\/uploads\/2021\/01\/znak.jpg 900w\" sizes=\"(max-width: 105px) 100vw, 105px\" \/><\/p>\n","protected":false},"excerpt":{"rendered":"<p>Historia obfituje w opowie\u015bci o wspania\u0142ych i genialnych m\u0119\u017cczyznach, o kobietach m\u00f3wi si\u0119 zdecydowanie mniej, a one przecie\u017c te\u017c dokonywa\u0142y wielkich rzeczy. Anna Dziewit-Meller w ksi\u0105\u017cce \u201eDamy, dziewuchy, dziewczyny. Historia w sp\u00f3dnicy\u201d przedstawia takie oto postaci. To ksi\u0105\u017cka, kt\u00f3r\u0105 powinny pozna\u0107 wszystkie nastolatki, ale i ch\u0142opcy. To pozycja o Polkach, o kt\u00f3rych i my doro\u015bli &hellip;<\/p>\n","protected":false},"author":1,"featured_media":6386,"comment_status":"open","ping_status":"open","sticky":false,"template":"","format":"standard","meta":[],"categories":[2,3,4],"tags":[1121,337,326,1117,1122,1118,29,110,30,1125,1119,368,338,1123,1120,1124,1127,1126],"_links":{"self":[{"href":"http:\/\/www.swiattoli.pl\/index.php?rest_route=\/wp\/v2\/posts\/6385"}],"collection":[{"href":"http:\/\/www.swiattoli.pl\/index.php?rest_route=\/wp\/v2\/posts"}],"about":[{"href":"http:\/\/www.swiattoli.pl\/index.php?rest_route=\/wp\/v2\/types\/post"}],"author":[{"embeddable":true,"href":"http:\/\/www.swiattoli.pl\/index.php?rest_route=\/wp\/v2\/users\/1"}],"replies":[{"embeddable":true,"href":"http:\/\/www.swiattoli.pl\/index.php?rest_route=%2Fwp%2Fv2%2Fcomments&post=6385"}],"version-history":[{"count":2,"href":"http:\/\/www.swiattoli.pl\/index.php?rest_route=\/wp\/v2\/posts\/6385\/revisions"}],"predecessor-version":[{"id":6393,"href":"http:\/\/www.swiattoli.pl\/index.php?rest_route=\/wp\/v2\/posts\/6385\/revisions\/6393"}],"wp:featuredmedia":[{"embeddable":true,"href":"http:\/\/www.swiattoli.pl\/index.php?rest_route=\/wp\/v2\/media\/6386"}],"wp:attachment":[{"href":"http:\/\/www.swiattoli.pl\/index.php?rest_route=%2Fwp%2Fv2%2Fmedia&parent=6385"}],"wp:term":[{"taxonomy":"category","embeddable":true,"href":"http:\/\/www.swiattoli.pl\/index.php?rest_route=%2Fwp%2Fv2%2Fcategories&post=6385"},{"taxonomy":"post_tag","embeddable":true,"href":"http:\/\/www.swiattoli.pl\/index.php?rest_route=%2Fwp%2Fv2%2Ftags&post=6385"}],"curies":[{"name":"wp","href":"https:\/\/api.w.org\/{rel}","templated":true}]}}