{"id":633,"date":"2016-07-15T09:37:00","date_gmt":"2016-07-15T09:37:00","guid":{"rendered":"http:\/\/www.swiattoli.pl\/?p=633"},"modified":"2020-02-07T12:30:36","modified_gmt":"2020-02-07T12:30:36","slug":"czy-z-rozcieciem-czoa-dziecka-jechac-na","status":"publish","type":"post","link":"http:\/\/www.swiattoli.pl\/?p=633","title":{"rendered":"Czy z rozci\u0119ciem czo\u0142a dziecka jecha\u0107 na pogotowie?"},"content":{"rendered":"<div class=\"MsoNormal\" style=\"line-height: 150%; text-align: justify;\">\n<span style=\"font-size: 14.0pt; line-height: 150%;\">Ale ostatnio pogoda, pada, wieje, a\u017c<br \/>\npsy by\u0142y w strachu. Moje ch\u0142opaki po staremu. Rozci\u0119cie czo\u0142a si\u0119 goi. Drugi syn<br \/>\nnadal sprz\u0105ta <\/span><span style=\"font-family: Wingdings; font-size: 14.0pt; line-height: 150%; mso-ascii-font-family: &quot;Times New Roman&quot;; mso-char-type: symbol; mso-hansi-font-family: &quot;Times New Roman&quot;; mso-symbol-font-family: Wingdings;\">J<\/span><span style=\"font-size: 14.0pt; line-height: 150%;\">. Ja w\u0142a\u015bnie siedz\u0119 i si\u0142\u0105 woli nie zasypiam <\/span><span style=\"font-family: Wingdings; font-size: 14.0pt; line-height: 150%; mso-ascii-font-family: &quot;Times New Roman&quot;; mso-char-type: symbol; mso-hansi-font-family: &quot;Times New Roman&quot;; mso-symbol-font-family: Wingdings;\">J<\/span><span style=\"font-size: 14.0pt; line-height: 150%;\">. <\/span><\/div>\n<p><\/p>\n<div class=\"MsoNormal\" style=\"line-height: 150%; text-align: justify;\">\n<span style=\"font-size: 14.0pt; line-height: 150%;\">Teraz drobna rada w zwi\u0105zku z<br \/>\nrozci\u0119ciem czo\u0142a dziecka. Mo\u017ce nie wygl\u0105da to powa\u017cnie ale je\u017celi jest rozci\u0119te<br \/>\nczo\u0142o czy inna cz\u0119\u015b\u0107 cia\u0142a, warto pojecha\u0107 na pogotowie. Za\u0142o\u017c\u0105 tam plasterki<br \/>\nzbli\u017caj\u0105ce do siebie kraw\u0119dzie sk\u00f3ry. Uchroni to przed powstaniem blizny albo<br \/>\nj\u0105 zminimalizuje. Kole\u017canka ma ju\u017c wi\u0119ksze dziecko, kt\u00f3re te\u017c kiedy\u015b rozci\u0119\u0142o<br \/>\nsobie czo\u0142o ale pojechali na pogotowie dopiero nast\u0119pnego dnia. By\u0142o ju\u017c za p\u00f3\u017ano<br \/>\nna plasterki i dzisiaj ch\u0142opiec ma blizn\u0119.<\/span><\/div>\n<div class=\"separator\" style=\"clear: both; text-align: center;\">\n<a href=\"http:\/\/www.swiattoli.pl\/wp-content\/uploads\/2016\/07\/13671928_1021734257861755_329013559_n28129-819x1024.jpg\" imageanchor=\"1\" style=\"margin-left: 1em; margin-right: 1em;\"><img loading=\"lazy\" border=\"0\" height=\"640\" src=\"http:\/\/www.swiattoli.pl\/wp-content\/uploads\/2016\/07\/13671928_1021734257861755_329013559_n28129-819x1024.jpg\" width=\"512\" \/><\/a><\/div>\n","protected":false},"excerpt":{"rendered":"<p>Ale ostatnio pogoda, pada, wieje, a\u017c psy by\u0142y w strachu. Moje ch\u0142opaki po staremu. Rozci\u0119cie czo\u0142a si\u0119 goi. Drugi syn nadal sprz\u0105ta J. Ja w\u0142a\u015bnie siedz\u0119 i si\u0142\u0105 woli nie zasypiam J. Teraz drobna rada w zwi\u0105zku z rozci\u0119ciem czo\u0142a dziecka. Mo\u017ce nie wygl\u0105da to powa\u017cnie ale je\u017celi jest rozci\u0119te czo\u0142o czy inna cz\u0119\u015b\u0107 cia\u0142a, &hellip;<\/p>\n","protected":false},"author":2,"featured_media":0,"comment_status":"open","ping_status":"open","sticky":false,"template":"","format":"standard","meta":[],"categories":[8,2,1],"tags":[],"_links":{"self":[{"href":"http:\/\/www.swiattoli.pl\/index.php?rest_route=\/wp\/v2\/posts\/633"}],"collection":[{"href":"http:\/\/www.swiattoli.pl\/index.php?rest_route=\/wp\/v2\/posts"}],"about":[{"href":"http:\/\/www.swiattoli.pl\/index.php?rest_route=\/wp\/v2\/types\/post"}],"author":[{"embeddable":true,"href":"http:\/\/www.swiattoli.pl\/index.php?rest_route=\/wp\/v2\/users\/2"}],"replies":[{"embeddable":true,"href":"http:\/\/www.swiattoli.pl\/index.php?rest_route=%2Fwp%2Fv2%2Fcomments&post=633"}],"version-history":[{"count":1,"href":"http:\/\/www.swiattoli.pl\/index.php?rest_route=\/wp\/v2\/posts\/633\/revisions"}],"predecessor-version":[{"id":1590,"href":"http:\/\/www.swiattoli.pl\/index.php?rest_route=\/wp\/v2\/posts\/633\/revisions\/1590"}],"wp:attachment":[{"href":"http:\/\/www.swiattoli.pl\/index.php?rest_route=%2Fwp%2Fv2%2Fmedia&parent=633"}],"wp:term":[{"taxonomy":"category","embeddable":true,"href":"http:\/\/www.swiattoli.pl\/index.php?rest_route=%2Fwp%2Fv2%2Fcategories&post=633"},{"taxonomy":"post_tag","embeddable":true,"href":"http:\/\/www.swiattoli.pl\/index.php?rest_route=%2Fwp%2Fv2%2Ftags&post=633"}],"curies":[{"name":"wp","href":"https:\/\/api.w.org\/{rel}","templated":true}]}}