{"id":6270,"date":"2020-12-11T15:43:40","date_gmt":"2020-12-11T15:43:40","guid":{"rendered":"http:\/\/www.swiattoli.pl\/?p=6270"},"modified":"2020-12-11T15:43:40","modified_gmt":"2020-12-11T15:43:40","slug":"nawet-nie-wiesz-jak-bardzo-cie-kocham","status":"publish","type":"post","link":"http:\/\/www.swiattoli.pl\/?p=6270","title":{"rendered":"Nawet nie wiesz jak bardzo Ci\u0119 kocham"},"content":{"rendered":"<p style=\"text-align: justify;\">Pierwszy raz widzia\u0142am t\u0105 bajk\u0119 w telewizji. Cudowna, pi\u0119kna, ciep\u0142a, o mi\u0142o\u015bci rodzicielskiej i mi\u0142o\u015bci dziecka. To historia o rodzinie zaj\u0119cy: Ma\u0142ym Br\u0105zowym Zaj\u0105czku oraz jego tacie Du\u017cym Zaj\u0105cu.<\/p>\n<p style=\"text-align: justify;\">Bardzo chcia\u0142am aby\u015bmy stali si\u0119 posiadaczami ksi\u0105\u017ckowego wydania tej historii. Jak bardzo si\u0119 ucieszy\u0142am, gdy ruszy\u0142 dodruk tej opowie\u015bci.<br \/>\n<img loading=\"lazy\" class=\"aligncenter wp-image-6275 size-full\" src=\"http:\/\/www.swiattoli.pl\/wp-content\/uploads\/2020\/12\/20201211_142222.jpg\" alt=\"\" width=\"600\" height=\"800\" srcset=\"http:\/\/www.swiattoli.pl\/wp-content\/uploads\/2020\/12\/20201211_142222.jpg 600w, http:\/\/www.swiattoli.pl\/wp-content\/uploads\/2020\/12\/20201211_142222-225x300.jpg 225w\" sizes=\"(max-width: 600px) 100vw, 600px\" \/><\/p>\n<p style=\"text-align: center;\"><strong><a href=\"https:\/\/egmont.pl\/Nawet-nie-wiesz-jak-bardzo-Cie-kocham,37089282,p.html\">&#8222;Nawet nie wiesz, jak bardzo ci\u0119 kocham&#8221;<\/a><\/strong><\/p>\n<p style=\"text-align: justify;\">Ta ksi\u0105\u017cka w cudowny spos\u00f3b uczy dzieci, jak m\u00f3wi\u0107 o swoich emocjach.<\/p>\n<p><img loading=\"lazy\" class=\"aligncenter wp-image-6274 size-full\" src=\"http:\/\/www.swiattoli.pl\/wp-content\/uploads\/2020\/12\/20201211_142241.jpg\" alt=\"\" width=\"600\" height=\"800\" srcset=\"http:\/\/www.swiattoli.pl\/wp-content\/uploads\/2020\/12\/20201211_142241.jpg 600w, http:\/\/www.swiattoli.pl\/wp-content\/uploads\/2020\/12\/20201211_142241-225x300.jpg 225w\" sizes=\"(max-width: 600px) 100vw, 600px\" \/><\/p>\n<p><img loading=\"lazy\" class=\"aligncenter wp-image-6273 size-full\" src=\"http:\/\/www.swiattoli.pl\/wp-content\/uploads\/2020\/12\/20201211_142246.jpg\" alt=\"\" width=\"600\" height=\"800\" srcset=\"http:\/\/www.swiattoli.pl\/wp-content\/uploads\/2020\/12\/20201211_142246.jpg 600w, http:\/\/www.swiattoli.pl\/wp-content\/uploads\/2020\/12\/20201211_142246-225x300.jpg 225w\" sizes=\"(max-width: 600px) 100vw, 600px\" \/><\/p>\n<p style=\"text-align: justify;\">Bohaterami jest tata i synek. Ma\u0142y Br\u0105zowy Zaj\u0105czek, zanim po\u0142o\u017cy si\u0119 spa\u0107, zadaje pytanie tacie, czy wie, jak bardzo go kocha. Tata zawsze chce si\u0119 tego dowiedzie\u0107, jak i okaza\u0107 to samo synkowi. Jak bardzo kochamy? Przeczytajcie z dzie\u0107mi ta ksi\u0105\u017ck\u0119.<\/p>\n<p><img loading=\"lazy\" class=\"aligncenter wp-image-6272 size-full\" src=\"http:\/\/www.swiattoli.pl\/wp-content\/uploads\/2020\/12\/20201211_142251.jpg\" alt=\"\" width=\"600\" height=\"800\" srcset=\"http:\/\/www.swiattoli.pl\/wp-content\/uploads\/2020\/12\/20201211_142251.jpg 600w, http:\/\/www.swiattoli.pl\/wp-content\/uploads\/2020\/12\/20201211_142251-225x300.jpg 225w\" sizes=\"(max-width: 600px) 100vw, 600px\" \/><\/p>\n<p><img loading=\"lazy\" class=\"aligncenter wp-image-6271 size-full\" src=\"http:\/\/www.swiattoli.pl\/wp-content\/uploads\/2020\/12\/20201211_142259.jpg\" alt=\"\" width=\"800\" height=\"600\" srcset=\"http:\/\/www.swiattoli.pl\/wp-content\/uploads\/2020\/12\/20201211_142259.jpg 800w, http:\/\/www.swiattoli.pl\/wp-content\/uploads\/2020\/12\/20201211_142259-300x225.jpg 300w, http:\/\/www.swiattoli.pl\/wp-content\/uploads\/2020\/12\/20201211_142259-768x576.jpg 768w, http:\/\/www.swiattoli.pl\/wp-content\/uploads\/2020\/12\/20201211_142259-780x585.jpg 780w\" sizes=\"(max-width: 800px) 100vw, 800px\" \/><\/p>\n<p style=\"text-align: justify;\">To wspania\u0142a, m\u0105dra, ciep\u0142a, poruszaj\u0105ca, weso\u0142a opowie\u015b\u0107 o rodzicielstwie oraz wi\u0119zi istniej\u0105ca mi\u0119dzy ojcem i synem.\u00a0Wspania\u0142y tekst wzbogacony zosta\u0142 o\u00a0 pi\u0119kne i delikatne ilustracje.<u> To ksi\u0105\u017cka idealna do czytania przed snem.<\/u><\/p>\n<p>Polecamy!!!!<\/p>\n<p><img loading=\"lazy\" class=\"wp-image-6169 aligncenter\" src=\"http:\/\/www.swiattoli.pl\/wp-content\/uploads\/2020\/11\/logo-harper-kids-300x131.jpg\" alt=\"\" width=\"208\" height=\"91\" srcset=\"http:\/\/www.swiattoli.pl\/wp-content\/uploads\/2020\/11\/logo-harper-kids-300x131.jpg 300w, http:\/\/www.swiattoli.pl\/wp-content\/uploads\/2020\/11\/logo-harper-kids-1024x447.jpg 1024w, http:\/\/www.swiattoli.pl\/wp-content\/uploads\/2020\/11\/logo-harper-kids-768x335.jpg 768w, http:\/\/www.swiattoli.pl\/wp-content\/uploads\/2020\/11\/logo-harper-kids-780x340.jpg 780w, http:\/\/www.swiattoli.pl\/wp-content\/uploads\/2020\/11\/logo-harper-kids.jpg 1045w\" sizes=\"(max-width: 208px) 100vw, 208px\" \/><\/p>\n","protected":false},"excerpt":{"rendered":"<p>Pierwszy raz widzia\u0142am t\u0105 bajk\u0119 w telewizji. Cudowna, pi\u0119kna, ciep\u0142a, o mi\u0142o\u015bci rodzicielskiej i mi\u0142o\u015bci dziecka. To historia o rodzinie zaj\u0119cy: Ma\u0142ym Br\u0105zowym Zaj\u0105czku oraz jego tacie Du\u017cym Zaj\u0105cu. Bardzo chcia\u0142am aby\u015bmy stali si\u0119 posiadaczami ksi\u0105\u017ckowego wydania tej historii. Jak bardzo si\u0119 ucieszy\u0142am, gdy ruszy\u0142 dodruk tej opowie\u015bci. &#8222;Nawet nie wiesz, jak bardzo ci\u0119 kocham&#8221; &hellip;<\/p>\n","protected":false},"author":1,"featured_media":6275,"comment_status":"open","ping_status":"open","sticky":false,"template":"","format":"standard","meta":[],"categories":[2,3,4],"tags":[1028,315,181,508,55,464,107,415,815,1027,282,1024,106,1026,1025],"_links":{"self":[{"href":"http:\/\/www.swiattoli.pl\/index.php?rest_route=\/wp\/v2\/posts\/6270"}],"collection":[{"href":"http:\/\/www.swiattoli.pl\/index.php?rest_route=\/wp\/v2\/posts"}],"about":[{"href":"http:\/\/www.swiattoli.pl\/index.php?rest_route=\/wp\/v2\/types\/post"}],"author":[{"embeddable":true,"href":"http:\/\/www.swiattoli.pl\/index.php?rest_route=\/wp\/v2\/users\/1"}],"replies":[{"embeddable":true,"href":"http:\/\/www.swiattoli.pl\/index.php?rest_route=%2Fwp%2Fv2%2Fcomments&post=6270"}],"version-history":[{"count":1,"href":"http:\/\/www.swiattoli.pl\/index.php?rest_route=\/wp\/v2\/posts\/6270\/revisions"}],"predecessor-version":[{"id":6276,"href":"http:\/\/www.swiattoli.pl\/index.php?rest_route=\/wp\/v2\/posts\/6270\/revisions\/6276"}],"wp:featuredmedia":[{"embeddable":true,"href":"http:\/\/www.swiattoli.pl\/index.php?rest_route=\/wp\/v2\/media\/6275"}],"wp:attachment":[{"href":"http:\/\/www.swiattoli.pl\/index.php?rest_route=%2Fwp%2Fv2%2Fmedia&parent=6270"}],"wp:term":[{"taxonomy":"category","embeddable":true,"href":"http:\/\/www.swiattoli.pl\/index.php?rest_route=%2Fwp%2Fv2%2Fcategories&post=6270"},{"taxonomy":"post_tag","embeddable":true,"href":"http:\/\/www.swiattoli.pl\/index.php?rest_route=%2Fwp%2Fv2%2Ftags&post=6270"}],"curies":[{"name":"wp","href":"https:\/\/api.w.org\/{rel}","templated":true}]}}