{"id":623,"date":"2016-08-17T13:00:00","date_gmt":"2016-08-17T13:00:00","guid":{"rendered":"http:\/\/www.swiattoli.pl\/?p=623"},"modified":"2020-02-07T12:30:45","modified_gmt":"2020-02-07T12:30:45","slug":"krotka-refleksja-szukam-przyjacio","status":"publish","type":"post","link":"http:\/\/www.swiattoli.pl\/?p=623","title":{"rendered":"Kr\u00f3tka refleksja &#8211; szukam przyjaci\u00f3\u0142"},"content":{"rendered":"<div class=\"MsoNormal\" style=\"line-height: 150%; text-align: justify;\">\n<span style=\"font-size: 14.0pt; line-height: 150%;\">Ostatnio ogl\u0105dam serial \u201ePrzyjaci\u00f3\u0142ki\u201d.<br \/>\nJu\u017c od dawna zastanawia\u0142am si\u0119 czy by go nie zobaczy\u0107 ale nie o to idzie. Chodzi<br \/>\nmi o przyja\u017a\u0144. Ju\u017c nie raz rozwodzi\u0142am si\u0119 na temat przyja\u017ani w dzisiejszych<br \/>\nczasach, tego jak \u017cyjemy, jak wygl\u0105daj\u0105 nasze kontakty mi\u0119dzyludzkie. Ogl\u0105daj\u0105c<br \/>\nten serial zat\u0119skni\u0142o mi si\u0119 za cho\u0107by jedn\u0105, ma\u0142\u0105 przyjaci\u00f3\u0142k\u0105, z kt\u00f3r\u0105 mog\u0119<br \/>\nspotka\u0107 si\u0119 na chwilk\u0119, pogada\u0107 o pierdo\u0142ach i o wa\u017cnych sprawach. Mnie i<br \/>\npewnie nie tylko mnie brakuje takiej bli\u017cszej wi\u0119zi, wi\u0119zi czysto kole\u017ce\u0144skiej.<br \/>\nGdy by\u0142am dzieckiem, nastolatk\u0105 i studentk\u0105 mia\u0142am przyjaci\u00f3\u0142, cz\u0119\u015b\u0107 z nich<br \/>\nby\u0142o ze mn\u0105 ju\u017c od pierwszej klasy szko\u0142y podstawowej. Trzymali\u015bmy si\u0119 razem,<br \/>\nzawsze na siebie mogli\u015bmy liczy\u0107 ale z czasem wszystko si\u0119 zmieni\u0142o. Wszyscy \u201erozjechali<br \/>\nsi\u0119\u201d, za\u0142o\u017cyli rodziny, ka\u017cdy ma swoje \u017cycie i ju\u017c nawet nie kontaktujemy si\u0119 z<br \/>\nsob\u0105 a nasza przyja\u017a\u0144 trwa\u0142a ponad 20 lat. Nie jest powiedziane, \u017ce ju\u017c teraz w<br \/>\ndoros\u0142ym \u017cyciu nie uda si\u0119 znale\u017a\u0107 przyjaciela. Mam bardzo dobr\u0105 kole\u017cank\u0119, z<br \/>\nkt\u00f3r\u0105 rozumiem si\u0119 bez s\u0142\u00f3w, my\u015bl\u0105c\u0105 w podobny spos\u00f3b i maj\u0105ca podobne<br \/>\nzainteresowania do moich. Niestety, mieszkamy teraz od siebie bardzo daleko i widzimy<br \/>\nsi\u0119 sporadycznie. Jak to si\u0119 dzieje, \u017ce czujemy si\u0119 czasem jak na bezludnej<br \/>\nwyspie. Chcia\u0142abym poznawa\u0107 ludzi, mie\u0107 znajomych, koleg\u00f3w i przyjaci\u00f3\u0142 ale mam<br \/>\nwra\u017cenie, \u017ce w dzisiejszych czasach to niesamowicie trudne. Po pierwsze, \u017cyjemy<br \/>\nw \u015bwiecie wirtualnym. Tak wiele czynno\u015bci wykonujemy online i cz\u0119sto sytuacje,<br \/>\nkiedy mo\u017cna by\u0142o pozna\u0107 chocia\u017cby kogo\u015b w kolejce, odesz\u0142y w niepami\u0119\u0107. Ponadto,<br \/>\nludzie obecnie s\u0105 bardzo nieufni wzgl\u0119dem siebie, zazdro\u015bni, zawistni, boj\u0105 si\u0119<br \/>\ninnych, bo przecie\u017c nigdy nic nie wiadomo. Kiedy jeszcze by\u0142am dzieckiem<br \/>\npami\u0119tam, jak s\u0105siedzi wychodzili przed blok, siadali na \u0142awce i po prostu<br \/>\nrozmawiali. Z rozrzewnieniem wspominam widok na wsiach, gdy pod domami sta\u0142y<br \/>\ntakie drewniane \u0142awy a na nich pe\u0142no kobiet i m\u0119\u017cczyzn, kt\u00f3rzy po pracy<br \/>\nspotykali si\u0119 \u017ceby po prostu porozmawia\u0107. Teraz ju\u017c nawet \u0142awek i \u0142aw nie ma. Dzisiaj<br \/>\nbyli\u015bmy w galerii i ch\u0142opak\u00f3w pu\u015bcili\u015bmy na taki placach zabaw. By\u0142o par\u0119 os\u00f3b<br \/>\nale kiedy\u015b, typowe place zabaw gromadzi\u0142y tabuny doros\u0142ych i dzieci. Teraz ju\u017c<br \/>\ntak nie ma. Zamykamy si\u0119 w domach a jedyne nasze wyj\u015bcia to po zakupy, kt\u00f3rych<br \/>\nnie zrobimy przez Internet. Praca, dom i tyle. Mam wra\u017cenie, \u017ce stajemy si\u0119<br \/>\ntroch\u0119 aspo\u0142eczni, wycofani i zamkni\u0119ci i bardzo trudno nam wyrwa\u0107 si\u0119 z tego<br \/>\nmarazmu. Po prostu ju\u017c nie potrafimy by\u0107 istotami spo\u0142ecznymi. Dodatkowym utrudnieniem jest nasza doros\u0142o\u015b\u0107, kt\u00f3ra wprowadza bariery, ograniczenia, konwenanse. to wypada a tamto nie. I jak tu by\u0107 cz\u0142owiekiem?<\/span><\/div>\n<div class=\"separator\" style=\"clear: both; text-align: center;\">\n<a href=\"http:\/\/www.swiattoli.pl\/wp-content\/uploads\/2016\/08\/13920927_10208037304462741_5942691402078294915_n.jpg\" imageanchor=\"1\" style=\"margin-left: 1em; margin-right: 1em;\"><img loading=\"lazy\" border=\"0\" height=\"640\" src=\"http:\/\/www.swiattoli.pl\/wp-content\/uploads\/2016\/08\/13920927_10208037304462741_5942691402078294915_n.jpg\" width=\"640\" \/><\/a><\/div>\n<div class=\"MsoNormal\" style=\"line-height: 150%; text-align: justify;\">\n<span style=\"font-size: 14.0pt; line-height: 150%;\"><br \/><\/span><\/div>\n","protected":false},"excerpt":{"rendered":"<p>Ostatnio ogl\u0105dam serial \u201ePrzyjaci\u00f3\u0142ki\u201d. Ju\u017c od dawna zastanawia\u0142am si\u0119 czy by go nie zobaczy\u0107 ale nie o to idzie. Chodzi mi o przyja\u017a\u0144. Ju\u017c nie raz rozwodzi\u0142am si\u0119 na temat przyja\u017ani w dzisiejszych czasach, tego jak \u017cyjemy, jak wygl\u0105daj\u0105 nasze kontakty mi\u0119dzyludzkie. Ogl\u0105daj\u0105c ten serial zat\u0119skni\u0142o mi si\u0119 za cho\u0107by jedn\u0105, ma\u0142\u0105 przyjaci\u00f3\u0142k\u0105, z kt\u00f3r\u0105 &hellip;<\/p>\n","protected":false},"author":2,"featured_media":0,"comment_status":"open","ping_status":"open","sticky":false,"template":"","format":"standard","meta":[],"categories":[2,1],"tags":[],"_links":{"self":[{"href":"http:\/\/www.swiattoli.pl\/index.php?rest_route=\/wp\/v2\/posts\/623"}],"collection":[{"href":"http:\/\/www.swiattoli.pl\/index.php?rest_route=\/wp\/v2\/posts"}],"about":[{"href":"http:\/\/www.swiattoli.pl\/index.php?rest_route=\/wp\/v2\/types\/post"}],"author":[{"embeddable":true,"href":"http:\/\/www.swiattoli.pl\/index.php?rest_route=\/wp\/v2\/users\/2"}],"replies":[{"embeddable":true,"href":"http:\/\/www.swiattoli.pl\/index.php?rest_route=%2Fwp%2Fv2%2Fcomments&post=623"}],"version-history":[{"count":1,"href":"http:\/\/www.swiattoli.pl\/index.php?rest_route=\/wp\/v2\/posts\/623\/revisions"}],"predecessor-version":[{"id":1607,"href":"http:\/\/www.swiattoli.pl\/index.php?rest_route=\/wp\/v2\/posts\/623\/revisions\/1607"}],"wp:attachment":[{"href":"http:\/\/www.swiattoli.pl\/index.php?rest_route=%2Fwp%2Fv2%2Fmedia&parent=623"}],"wp:term":[{"taxonomy":"category","embeddable":true,"href":"http:\/\/www.swiattoli.pl\/index.php?rest_route=%2Fwp%2Fv2%2Fcategories&post=623"},{"taxonomy":"post_tag","embeddable":true,"href":"http:\/\/www.swiattoli.pl\/index.php?rest_route=%2Fwp%2Fv2%2Ftags&post=623"}],"curies":[{"name":"wp","href":"https:\/\/api.w.org\/{rel}","templated":true}]}}