{"id":6139,"date":"2020-11-15T06:45:32","date_gmt":"2020-11-15T06:45:32","guid":{"rendered":"http:\/\/www.swiattoli.pl\/?p=6139"},"modified":"2020-11-14T19:00:05","modified_gmt":"2020-11-14T19:00:05","slug":"nasza-paczka-i-niepodleglosc-o-szesciu-polskich-swietach","status":"publish","type":"post","link":"http:\/\/www.swiattoli.pl\/?p=6139","title":{"rendered":"Nasza paczka i niepodleg\u0142o\u015b\u0107. O sze\u015bciu polskich \u015bwi\u0119tach"},"content":{"rendered":"<p style=\"text-align: justify;\">Dopiero co obchodzili\u015bmy \u015awi\u0119to Niepodleg\u0142o\u015bci \u2013 11 listopada. Nie jest to jedyne \u015bwi\u0119to w naszym kraju, o kt\u00f3rym warto powiedzie\u0107, przekaza\u0107 informacje m\u0142odszemu pokoleniu. Opowiadanie o historii nie jest dla mnie ani \u0142atwe, ani pomys\u0142owe. Szko\u0142\u0119 sko\u0144czy\u0142am dawno temu i nie wszystko pami\u0119tam. W moje r\u0119ce wpad\u0142a \u015bwietna ksi\u0105\u017cka, kt\u00f3ra mi w tym pomog\u0142a.<\/p>\n<p><img loading=\"lazy\" class=\"aligncenter wp-image-6148 size-full\" src=\"http:\/\/www.swiattoli.pl\/wp-content\/uploads\/2020\/11\/20201114_132240.jpg\" alt=\"\" width=\"600\" height=\"800\" srcset=\"http:\/\/www.swiattoli.pl\/wp-content\/uploads\/2020\/11\/20201114_132240.jpg 600w, http:\/\/www.swiattoli.pl\/wp-content\/uploads\/2020\/11\/20201114_132240-225x300.jpg 225w\" sizes=\"(max-width: 600px) 100vw, 600px\" \/><\/p>\n<p><img loading=\"lazy\" class=\"aligncenter wp-image-6147 size-full\" src=\"http:\/\/www.swiattoli.pl\/wp-content\/uploads\/2020\/11\/20201114_132249.jpg\" alt=\"\" width=\"600\" height=\"800\" srcset=\"http:\/\/www.swiattoli.pl\/wp-content\/uploads\/2020\/11\/20201114_132249.jpg 600w, http:\/\/www.swiattoli.pl\/wp-content\/uploads\/2020\/11\/20201114_132249-225x300.jpg 225w\" sizes=\"(max-width: 600px) 100vw, 600px\" \/><\/p>\n<p><img loading=\"lazy\" class=\"aligncenter wp-image-6146 size-full\" src=\"http:\/\/www.swiattoli.pl\/wp-content\/uploads\/2020\/11\/20201114_132254.jpg\" alt=\"\" width=\"600\" height=\"800\" srcset=\"http:\/\/www.swiattoli.pl\/wp-content\/uploads\/2020\/11\/20201114_132254.jpg 600w, http:\/\/www.swiattoli.pl\/wp-content\/uploads\/2020\/11\/20201114_132254-225x300.jpg 225w\" sizes=\"(max-width: 600px) 100vw, 600px\" \/><\/p>\n<p style=\"text-align: justify;\"><strong>&#8222;Nasza paczka i niepodleg\u0142o\u015b\u0107. O sze\u015bciu polskich \u015bwi\u0119tach&#8221;<\/strong> to ksi\u0105\u017cka, kt\u00f3ra jest po\u0142\u0105czeniem opowie\u015bci o paczce przyjaci\u00f3\u0142 z ksi\u0105\u017ck\u0105 edukacyjn\u0105. Bohaterami s\u0105 dzieci: Jacek, Malinowski, Jagoda i jej m\u0142odsza siostra Ma\u015bka, Wiktor oraz dziadek Wiktora. Ten ostatni nie nale\u017cy do paczki, jest doros\u0142y, ale ci\u0105gle znajduje si\u0119 gdzie\u015b w pobli\u017cu. To cz\u0142owiek b\u0119d\u0105cy skarbnic\u0105 wiedzy historycznej o Polsce, kt\u00f3r\u0105 ch\u0119tnie si\u0119 dzieli z wnukiem i jego przyjaci\u00f3\u0142mi. Tutaj nauka o wa\u017cnych faktach przychodzi niejako sama, tak przy okazji.<\/p>\n<p style=\"text-align: justify;\"><img loading=\"lazy\" class=\"aligncenter wp-image-6145 size-full\" src=\"http:\/\/www.swiattoli.pl\/wp-content\/uploads\/2020\/11\/20201114_132309.jpg\" alt=\"\" width=\"600\" height=\"800\" srcset=\"http:\/\/www.swiattoli.pl\/wp-content\/uploads\/2020\/11\/20201114_132309.jpg 600w, http:\/\/www.swiattoli.pl\/wp-content\/uploads\/2020\/11\/20201114_132309-225x300.jpg 225w\" sizes=\"(max-width: 600px) 100vw, 600px\" \/><\/p>\n<p><img loading=\"lazy\" class=\"aligncenter wp-image-6144 size-full\" src=\"http:\/\/www.swiattoli.pl\/wp-content\/uploads\/2020\/11\/20201114_132316.jpg\" alt=\"\" width=\"600\" height=\"800\" srcset=\"http:\/\/www.swiattoli.pl\/wp-content\/uploads\/2020\/11\/20201114_132316.jpg 600w, http:\/\/www.swiattoli.pl\/wp-content\/uploads\/2020\/11\/20201114_132316-225x300.jpg 225w\" sizes=\"(max-width: 600px) 100vw, 600px\" \/><\/p>\n<p style=\"text-align: justify;\">Ksi\u0105\u017ck\u0119 skonstruowano w ten spos\u00f3b, \u017ce najpierw jest opowiadanie o wspomnianej paczce przyjaci\u00f3\u0142, nast\u0119pnie po cztery strony odnosz\u0105ce si\u0119 do konkretnego \u015bwi\u0119ta. To nie tylko suche informacje, ale i ciekawostki z tamtych czas\u00f3w.<\/p>\n<p style=\"text-align: justify;\">Zaprezentowano w ksi\u0105\u017cce nast\u0119puj\u0105ce \u015bwi\u0119ta: \u015awi\u0119to Niepodleg\u0142o\u015bci, 1,2 oraz 3 Maja, 4 czerwca, czyli Dzie\u0144 Wolno\u015bci i Praw Obywatelskich oraz 15 sierpnia, czyli \u015awi\u0119to Wojska Polskiego.<\/p>\n<p><img loading=\"lazy\" class=\"aligncenter wp-image-6143 size-full\" src=\"http:\/\/www.swiattoli.pl\/wp-content\/uploads\/2020\/11\/20201114_132331.jpg\" alt=\"\" width=\"600\" height=\"800\" srcset=\"http:\/\/www.swiattoli.pl\/wp-content\/uploads\/2020\/11\/20201114_132331.jpg 600w, http:\/\/www.swiattoli.pl\/wp-content\/uploads\/2020\/11\/20201114_132331-225x300.jpg 225w\" sizes=\"(max-width: 600px) 100vw, 600px\" \/><\/p>\n<p><img loading=\"lazy\" class=\"aligncenter wp-image-6142 size-full\" src=\"http:\/\/www.swiattoli.pl\/wp-content\/uploads\/2020\/11\/20201114_132359.jpg\" alt=\"\" width=\"600\" height=\"800\" srcset=\"http:\/\/www.swiattoli.pl\/wp-content\/uploads\/2020\/11\/20201114_132359.jpg 600w, http:\/\/www.swiattoli.pl\/wp-content\/uploads\/2020\/11\/20201114_132359-225x300.jpg 225w\" sizes=\"(max-width: 600px) 100vw, 600px\" \/><\/p>\n<p><img loading=\"lazy\" class=\"aligncenter wp-image-6141 size-full\" src=\"http:\/\/www.swiattoli.pl\/wp-content\/uploads\/2020\/11\/20201114_132415.jpg\" alt=\"\" width=\"600\" height=\"800\" srcset=\"http:\/\/www.swiattoli.pl\/wp-content\/uploads\/2020\/11\/20201114_132415.jpg 600w, http:\/\/www.swiattoli.pl\/wp-content\/uploads\/2020\/11\/20201114_132415-225x300.jpg 225w\" sizes=\"(max-width: 600px) 100vw, 600px\" \/><\/p>\n<p style=\"text-align: justify;\">Po\u0142\u0105czenie historii przyjaci\u00f3\u0142 z histori\u0105 naszego kraju sprawiaj\u0105, \u017ce wiedza niejako sama wchodzi do g\u0142owy. Na uwag\u0119 zas\u0142uguj\u0105 tutaj r\u00f3wnie\u017c rewelacyjne ilustracje.<\/p>\n<p style=\"text-align: justify;\">Mnie samej ksi\u0105\u017cka spodoba\u0142a si\u0119 niesamowicie, a co dopiero dzieciom. Jest naprawd\u0119 genialna!<\/p>\n<p style=\"text-align: justify;\">Ksi\u0105\u017ck\u0119 mo\u017cna kupi\u0107<a href=\"https:\/\/egmont.pl\/Nasza-paczka-i-niepodleglosc.-O-szesciu-polskich-swietach,34405398,p.html\">\u00a0kliknij tutaj<\/a>.<\/p>\n<p style=\"text-align: justify;\">\n","protected":false},"excerpt":{"rendered":"<p>Dopiero co obchodzili\u015bmy \u015awi\u0119to Niepodleg\u0142o\u015bci \u2013 11 listopada. Nie jest to jedyne \u015bwi\u0119to w naszym kraju, o kt\u00f3rym warto powiedzie\u0107, przekaza\u0107 informacje m\u0142odszemu pokoleniu. Opowiadanie o historii nie jest dla mnie ani \u0142atwe, ani pomys\u0142owe. Szko\u0142\u0119 sko\u0144czy\u0142am dawno temu i nie wszystko pami\u0119tam. W moje r\u0119ce wpad\u0142a \u015bwietna ksi\u0105\u017cka, kt\u00f3ra mi w tym pomog\u0142a. &#8222;Nasza &hellip;<\/p>\n","protected":false},"author":1,"featured_media":6148,"comment_status":"open","ping_status":"open","sticky":false,"template":"","format":"standard","meta":[],"categories":[2,3,4],"tags":[26,326,901,508,903,29,359,896,902,895,899,897,898,900],"_links":{"self":[{"href":"http:\/\/www.swiattoli.pl\/index.php?rest_route=\/wp\/v2\/posts\/6139"}],"collection":[{"href":"http:\/\/www.swiattoli.pl\/index.php?rest_route=\/wp\/v2\/posts"}],"about":[{"href":"http:\/\/www.swiattoli.pl\/index.php?rest_route=\/wp\/v2\/types\/post"}],"author":[{"embeddable":true,"href":"http:\/\/www.swiattoli.pl\/index.php?rest_route=\/wp\/v2\/users\/1"}],"replies":[{"embeddable":true,"href":"http:\/\/www.swiattoli.pl\/index.php?rest_route=%2Fwp%2Fv2%2Fcomments&post=6139"}],"version-history":[{"count":1,"href":"http:\/\/www.swiattoli.pl\/index.php?rest_route=\/wp\/v2\/posts\/6139\/revisions"}],"predecessor-version":[{"id":6149,"href":"http:\/\/www.swiattoli.pl\/index.php?rest_route=\/wp\/v2\/posts\/6139\/revisions\/6149"}],"wp:featuredmedia":[{"embeddable":true,"href":"http:\/\/www.swiattoli.pl\/index.php?rest_route=\/wp\/v2\/media\/6148"}],"wp:attachment":[{"href":"http:\/\/www.swiattoli.pl\/index.php?rest_route=%2Fwp%2Fv2%2Fmedia&parent=6139"}],"wp:term":[{"taxonomy":"category","embeddable":true,"href":"http:\/\/www.swiattoli.pl\/index.php?rest_route=%2Fwp%2Fv2%2Fcategories&post=6139"},{"taxonomy":"post_tag","embeddable":true,"href":"http:\/\/www.swiattoli.pl\/index.php?rest_route=%2Fwp%2Fv2%2Ftags&post=6139"}],"curies":[{"name":"wp","href":"https:\/\/api.w.org\/{rel}","templated":true}]}}