{"id":613,"date":"2016-09-04T09:06:00","date_gmt":"2016-09-04T09:06:00","guid":{"rendered":"http:\/\/www.swiattoli.pl\/?p=613"},"modified":"2020-02-07T12:30:50","modified_gmt":"2020-02-07T12:30:50","slug":"reakcja-spoeczna-na","status":"publish","type":"post","link":"http:\/\/www.swiattoli.pl\/?p=613","title":{"rendered":"Reakcja spo\u0142eczna na&#8230;"},"content":{"rendered":"<div class=\"MsoNormal\" style=\"line-height: 150%; text-align: justify;\">\n<span style=\"font-size: 14.0pt; line-height: 150%;\">Wczoraj by\u0142am \u015bwiadkiem, cho\u0107 to mo\u017ce<br \/>\nzbyt mocno powiedziane, sytuacji, gdy wkurzony na maksa ojciec krzykn\u0105\u0142 na<br \/>\nswoje dziecko. Po tym fakcie z przestrachem rozejrza\u0142 si\u0119 dooko\u0142a i szybko<br \/>\nodszed\u0142. Niby nic niezwyk\u0142ego nie zrobi\u0142 ale\u2026 W obecnych czasach spo\u0142ecze\u0144stwo jest<br \/>\nwyczulone na tego typu reakcje. Krzyk, podniesiony ton i nie daj Bo\u017ce klaps,<br \/>\nstanowi\u0105 powa\u017cne wykroczenie. Nie raz s\u0142ucha\u0142am opowie\u015bci rodzic\u00f3w, dziadk\u00f3w,<br \/>\nkt\u00f3rzy doprowadzeni do granic wytrzyma\u0142o\u015bci, krzykn\u0119li na dziecko, dali klapsa,<br \/>\nszarpn\u0119li i dostawali reprymend\u0119 od otoczenia. Oczywi\u015bcie, nie powinno si\u0119<br \/>\nstosowa\u0107 \u017cadnych \u015brodk\u00f3w przymusu, przemocy wobec kogokolwiek, tym bardziej<br \/>\nwobec dzieci ale nie dajmy si\u0119 te\u017c zwariowa\u0107. Czasem dziecko si\u0119 tak zaprze,<br \/>\njest niezno\u015bne, \u017ce nie dziwi\u0119 si\u0119 rodzicom, szczeg\u00f3lnie w miejscu publicznym,<br \/>\n\u017ce puszczaj\u0105 im nerwy, cho\u0107 z w\u0142asnego do\u015bwiadczenia wiem, i\u017c wraz z up\u0142ywem<br \/>\nczasu kiedy posiada si\u0119 dzieci, pr\u00f3g wytrzyma\u0142o\u015bci psychicznej, odporno\u015bci na<br \/>\nkrzyki i p\u0142acze wzrasta. Ale wr\u00f3\u0107my do tematu. Tak wi\u0119c, og\u00f3lne oburzenie<br \/>\nwidnieje na twarzach ludzi obserwuj\u0105cych zmaganie si\u0119 z dzieckiem. W\u00f3wczas potrafi\u0105<br \/>\nzareagowa\u0107, zwr\u00f3ci\u0107 uwag\u0119 i by\u0107 zniesmaczeni. Ok., wszystko w porz\u0105dku tylko<br \/>\npytam si\u0119 dlaczego ci sami ludzie milcz\u0105, gdy dzieje si\u0119 naprawd\u0119 co\u015b z\u0142ego. Ile<br \/>\nrazy w TV s\u0142yszymy, \u017ce s\u0105siedzi nic nie widzieli, \u017ce to by\u0142a spokojna rodzina itd.<br \/>\nOdwracaj\u0105 wzrok, udaj\u0105, i\u017c to ich nie dotyczy, nie chc\u0105 si\u0119 miesza\u0107. To dlaczego<br \/>\nmieszaj\u0105 si\u0119 w sytuacje, kt\u00f3re wygl\u0105daj\u0105ce gro\u017anie? Naj\u0142atwiej jest reagowa\u0107 i<br \/>\nodzywa\u0107 si\u0119 w\u00f3wczas, gdy nie wymaga to od cz\u0142owieka jakiego\u015b wysi\u0142ku, odpowiedzialno\u015bci,<br \/>\nproblem\u00f3w, bo ludzie po prostu nie chc\u0105 mie\u0107 problemu. Nasze spo\u0142ecze\u0144stwo udaje<br \/>\nodpowiedzialno\u015b\u0107, poczucie obowi\u0105zku spo\u0142ecznego a tak naprawd\u0119 tylko nieliczne<br \/>\njednostki takimi w\u0142a\u015bnie s\u0105.<\/span><\/div>\n","protected":false},"excerpt":{"rendered":"<p>Wczoraj by\u0142am \u015bwiadkiem, cho\u0107 to mo\u017ce zbyt mocno powiedziane, sytuacji, gdy wkurzony na maksa ojciec krzykn\u0105\u0142 na swoje dziecko. Po tym fakcie z przestrachem rozejrza\u0142 si\u0119 dooko\u0142a i szybko odszed\u0142. Niby nic niezwyk\u0142ego nie zrobi\u0142 ale\u2026 W obecnych czasach spo\u0142ecze\u0144stwo jest wyczulone na tego typu reakcje. Krzyk, podniesiony ton i nie daj Bo\u017ce klaps, stanowi\u0105 &hellip;<\/p>\n","protected":false},"author":2,"featured_media":0,"comment_status":"open","ping_status":"open","sticky":false,"template":"","format":"standard","meta":[],"categories":[2,1],"tags":[],"_links":{"self":[{"href":"http:\/\/www.swiattoli.pl\/index.php?rest_route=\/wp\/v2\/posts\/613"}],"collection":[{"href":"http:\/\/www.swiattoli.pl\/index.php?rest_route=\/wp\/v2\/posts"}],"about":[{"href":"http:\/\/www.swiattoli.pl\/index.php?rest_route=\/wp\/v2\/types\/post"}],"author":[{"embeddable":true,"href":"http:\/\/www.swiattoli.pl\/index.php?rest_route=\/wp\/v2\/users\/2"}],"replies":[{"embeddable":true,"href":"http:\/\/www.swiattoli.pl\/index.php?rest_route=%2Fwp%2Fv2%2Fcomments&post=613"}],"version-history":[{"count":1,"href":"http:\/\/www.swiattoli.pl\/index.php?rest_route=\/wp\/v2\/posts\/613\/revisions"}],"predecessor-version":[{"id":1621,"href":"http:\/\/www.swiattoli.pl\/index.php?rest_route=\/wp\/v2\/posts\/613\/revisions\/1621"}],"wp:attachment":[{"href":"http:\/\/www.swiattoli.pl\/index.php?rest_route=%2Fwp%2Fv2%2Fmedia&parent=613"}],"wp:term":[{"taxonomy":"category","embeddable":true,"href":"http:\/\/www.swiattoli.pl\/index.php?rest_route=%2Fwp%2Fv2%2Fcategories&post=613"},{"taxonomy":"post_tag","embeddable":true,"href":"http:\/\/www.swiattoli.pl\/index.php?rest_route=%2Fwp%2Fv2%2Ftags&post=613"}],"curies":[{"name":"wp","href":"https:\/\/api.w.org\/{rel}","templated":true}]}}