{"id":611,"date":"2016-09-05T06:00:00","date_gmt":"2016-09-05T06:00:00","guid":{"rendered":"http:\/\/www.swiattoli.pl\/?p=611"},"modified":"2020-02-07T12:30:53","modified_gmt":"2020-02-07T12:30:53","slug":"pierwszy-dzien-szkoy-wspomnienie-wasne","status":"publish","type":"post","link":"http:\/\/www.swiattoli.pl\/?p=611","title":{"rendered":"Pierwszy dzie\u0144 szko\u0142y, wspomnienie w\u0142asne"},"content":{"rendered":"<div class=\"MsoNormal\" style=\"line-height: 150%; text-align: justify;\">\n<span style=\"font-size: 14.0pt; line-height: 150%;\">Ju\u017c wrzesie\u0144, dzieciaki do szko\u0142y, przedszkolaki<br \/>\ndo przedszkola. U mnie jeszcze spok\u00f3j, wszystko przede mn\u0105 ale pami\u0119tam sw\u00f3j<br \/>\npierwszy dzie\u0144 w szkole, tzn. rozpocz\u0119cie roku szkolnego. Mama zaprowadzi\u0142a<br \/>\nmnie do szko\u0142y. Mia\u0142am na sobie bia\u0142\u0105 bluzk\u0119 i granatow\u0105, plisowan\u0105 sp\u00f3dnic\u0119. Tak,<br \/>\npami\u0119tam to dok\u0142adnie. Byli\u015bmy wyczytywani i w ten spos\u00f3b przydzielano dzieci<br \/>\ndo poszczeg\u00f3lnych klas. Ustawiano nas parami. Pami\u0119tam, \u017ce sta\u0142am z ch\u0142opcem. W<br \/>\ntamtym czasie by\u0142o to troch\u0119 nie po mojej my\u015bli bo dziewczynka z ch\u0142opcem w<br \/>\njednej parze, to niepolityczne. P\u00f3\u017aniej przydzieleni wychowawcy odprowadzili uczni\u00f3w<br \/>\ndo klas i na tym moje wspomnienie si\u0119 urywa. Je\u015bli chodzi o emocje to chyba<br \/>\nprzewa\u017ca\u0142a ciekawo\u015b\u0107. Nie ba\u0142am si\u0119 jak to b\u0119dzie. Bardziej prze\u017cywa\u0142a to mama.<br \/>\nPrzypomina mi si\u0119 tu odcinek z \u201eRodzinak.pl\u201d, kiedy ogl\u0105dali zdj\u0119cia z<br \/>\nrozpocz\u0119cia szko\u0142y dzieci, kiedy to przy najstarszym Tomku p\u0142akali, przy<br \/>\n\u015brednim Kubie po prostu byli a najm\u0142odszy Kacperek nie mia\u0142 nawet zrobionego<br \/>\nzdj\u0119cia. Z czasem rodzice przestaj\u0105 si\u0119 tak trz\u0105\u015b\u0107 nad dzie\u0107mi. Pierwsze sytuacje<br \/>\ns\u0105 najbardziej prze\u017cywane. Ciekawe jak to b\u0119dzie z moimi ch\u0142opcami. Podejrzewam,<br \/>\n\u017ce si\u0119 up\u0142acz\u0119, urycz\u0119 i zrobi\u0119 ze sto zdj\u0119\u0107 upami\u0119tniaj\u0105cych t\u0105 chwil\u0119. Wszystko<br \/>\nb\u0119dzie ze zdwojon\u0105 si\u0142\u0105 bo dw\u00f3ch na raz. Na razie mam jeszcze czas, poczekam<br \/>\nwi\u0119c z lamentami. Najpierw b\u0119dzie pierwszy dzie\u0144 przedszkola, te\u017c b\u0119d\u0119 wy\u0142a i<br \/>\nrobi\u0142a zdj\u0119cia.<\/span><\/div>\n","protected":false},"excerpt":{"rendered":"<p>Ju\u017c wrzesie\u0144, dzieciaki do szko\u0142y, przedszkolaki do przedszkola. U mnie jeszcze spok\u00f3j, wszystko przede mn\u0105 ale pami\u0119tam sw\u00f3j pierwszy dzie\u0144 w szkole, tzn. rozpocz\u0119cie roku szkolnego. Mama zaprowadzi\u0142a mnie do szko\u0142y. Mia\u0142am na sobie bia\u0142\u0105 bluzk\u0119 i granatow\u0105, plisowan\u0105 sp\u00f3dnic\u0119. Tak, pami\u0119tam to dok\u0142adnie. Byli\u015bmy wyczytywani i w ten spos\u00f3b przydzielano dzieci do poszczeg\u00f3lnych klas. &hellip;<\/p>\n","protected":false},"author":2,"featured_media":0,"comment_status":"open","ping_status":"open","sticky":false,"template":"","format":"standard","meta":[],"categories":[2,1],"tags":[],"_links":{"self":[{"href":"http:\/\/www.swiattoli.pl\/index.php?rest_route=\/wp\/v2\/posts\/611"}],"collection":[{"href":"http:\/\/www.swiattoli.pl\/index.php?rest_route=\/wp\/v2\/posts"}],"about":[{"href":"http:\/\/www.swiattoli.pl\/index.php?rest_route=\/wp\/v2\/types\/post"}],"author":[{"embeddable":true,"href":"http:\/\/www.swiattoli.pl\/index.php?rest_route=\/wp\/v2\/users\/2"}],"replies":[{"embeddable":true,"href":"http:\/\/www.swiattoli.pl\/index.php?rest_route=%2Fwp%2Fv2%2Fcomments&post=611"}],"version-history":[{"count":1,"href":"http:\/\/www.swiattoli.pl\/index.php?rest_route=\/wp\/v2\/posts\/611\/revisions"}],"predecessor-version":[{"id":1624,"href":"http:\/\/www.swiattoli.pl\/index.php?rest_route=\/wp\/v2\/posts\/611\/revisions\/1624"}],"wp:attachment":[{"href":"http:\/\/www.swiattoli.pl\/index.php?rest_route=%2Fwp%2Fv2%2Fmedia&parent=611"}],"wp:term":[{"taxonomy":"category","embeddable":true,"href":"http:\/\/www.swiattoli.pl\/index.php?rest_route=%2Fwp%2Fv2%2Fcategories&post=611"},{"taxonomy":"post_tag","embeddable":true,"href":"http:\/\/www.swiattoli.pl\/index.php?rest_route=%2Fwp%2Fv2%2Ftags&post=611"}],"curies":[{"name":"wp","href":"https:\/\/api.w.org\/{rel}","templated":true}]}}