{"id":609,"date":"2016-09-06T06:00:00","date_gmt":"2016-09-06T06:00:00","guid":{"rendered":"http:\/\/www.swiattoli.pl\/?p=609"},"modified":"2020-02-07T12:30:53","modified_gmt":"2020-02-07T12:30:53","slug":"maz-i-zona-maja-rowne-prawa-i-obowiazki","status":"publish","type":"post","link":"http:\/\/www.swiattoli.pl\/?p=609","title":{"rendered":"M\u0105\u017c i \u017cona maj\u0105 r\u00f3wne prawa i obowi\u0105zki"},"content":{"rendered":"<div class=\"MsoNormal\" style=\"line-height: 150%; text-align: justify;\">\n<span style=\"font-size: 14.0pt; line-height: 150%;\">Nie tylko u nas istnieje stereotyp,<br \/>\n\u017ce dzie\u0107mi i domem zajmuje si\u0119 kobieta a m\u0119\u017cczyzna nie kala swoich r\u0105k takim<br \/>\nzaj\u0119ciami. Wiadomo, korzenie takich przekona\u0144 si\u0119gaj\u0105 dawnych czas\u00f3w, kiedy to<br \/>\nm\u0119\u017cczyzna \u2013 \u0142owca zajmowa\u0142 si\u0119 zdobywaniem po\u017cywienia a kobieta \u2013 matka opiekowa\u0142a<br \/>\nsi\u0119 potomstwem. Takie by\u0142y czasy ale czasy si\u0119 zmieni\u0142y. Rozw\u00f3j cywilizacyjny obj\u0105\u0142<br \/>\nwszystkie sfery \u017cycia jednak nie ka\u017cdego on dotyczy. Bardzo cz\u0119sto mam zadawane<br \/>\npytanie, jak radz\u0119 sobie maj\u0105c bli\u017aniaki. Przecie\u017c jest i ich ojciec. Dla wielu<br \/>\nzadziwiaj\u0105ce jest, gdy m\u00f3wi\u0119, \u017ce tak naprawd\u0119 m\u00f3j m\u0105\u017c zajmuje si\u0119 dzie\u0107mi<br \/>\nbardziej ni\u017c ja. Potrafi ich nakarmi\u0107, przewin\u0105\u0107, wyk\u0105pa\u0107, ubra\u0107, chodzi z nimi<br \/>\nna spacery itp. Nie robi tego z przymusu tylko z potrzeby, chce i nie widzi w<br \/>\ntym problemu. To chyba normalne w ko\u0144cu jest ich tat\u0105. Nie wyobra\u017cam sobie, \u017ce<br \/>\nmieszkam z ch\u0142opem, kt\u00f3ry swoje obowi\u0105zki ko\u0144czy na pracy zawodowej, siada w<br \/>\nfotelu i czeka z gazet\u0105 na obiad. U nas w domu to w\u0142a\u015bnie on gotuje i to<br \/>\nca\u0142kiem nie\u017ale. Wa\u017cne jest, aby dzieli\u0107 si\u0119 obowi\u0105zkami i robi\u0107 to, co si\u0119 lubi<br \/>\ni co si\u0119 potrafi. Ka\u017cdy powinien wnie\u015b\u0107 co\u015b od siebie i by\u0107 dla innych a nie<br \/>\ntylko oczekiwa\u0107, \u017ce inni b\u0119d\u0105 dla niego.<\/span><\/div>\n<div class=\"separator\" style=\"clear: both; text-align: center;\">\n<a href=\"http:\/\/www.swiattoli.pl\/wp-content\/uploads\/2016\/09\/440x330zona.jpeg\" imageanchor=\"1\" style=\"margin-left: 1em; margin-right: 1em;\"><img loading=\"lazy\" border=\"0\" height=\"240\" src=\"http:\/\/www.swiattoli.pl\/wp-content\/uploads\/2016\/09\/440x330zona.jpeg\" width=\"320\" \/><\/a><\/div>\n<div class=\"MsoNormal\" style=\"line-height: 150%; text-align: justify;\">\n<span style=\"font-size: 14.0pt; line-height: 150%;\"><br \/><\/span><\/div>\n","protected":false},"excerpt":{"rendered":"<p>Nie tylko u nas istnieje stereotyp, \u017ce dzie\u0107mi i domem zajmuje si\u0119 kobieta a m\u0119\u017cczyzna nie kala swoich r\u0105k takim zaj\u0119ciami. Wiadomo, korzenie takich przekona\u0144 si\u0119gaj\u0105 dawnych czas\u00f3w, kiedy to m\u0119\u017cczyzna \u2013 \u0142owca zajmowa\u0142 si\u0119 zdobywaniem po\u017cywienia a kobieta \u2013 matka opiekowa\u0142a si\u0119 potomstwem. Takie by\u0142y czasy ale czasy si\u0119 zmieni\u0142y. Rozw\u00f3j cywilizacyjny obj\u0105\u0142 wszystkie &hellip;<\/p>\n","protected":false},"author":2,"featured_media":0,"comment_status":"open","ping_status":"open","sticky":false,"template":"","format":"standard","meta":[],"categories":[2,1],"tags":[],"_links":{"self":[{"href":"http:\/\/www.swiattoli.pl\/index.php?rest_route=\/wp\/v2\/posts\/609"}],"collection":[{"href":"http:\/\/www.swiattoli.pl\/index.php?rest_route=\/wp\/v2\/posts"}],"about":[{"href":"http:\/\/www.swiattoli.pl\/index.php?rest_route=\/wp\/v2\/types\/post"}],"author":[{"embeddable":true,"href":"http:\/\/www.swiattoli.pl\/index.php?rest_route=\/wp\/v2\/users\/2"}],"replies":[{"embeddable":true,"href":"http:\/\/www.swiattoli.pl\/index.php?rest_route=%2Fwp%2Fv2%2Fcomments&post=609"}],"version-history":[{"count":1,"href":"http:\/\/www.swiattoli.pl\/index.php?rest_route=\/wp\/v2\/posts\/609\/revisions"}],"predecessor-version":[{"id":1627,"href":"http:\/\/www.swiattoli.pl\/index.php?rest_route=\/wp\/v2\/posts\/609\/revisions\/1627"}],"wp:attachment":[{"href":"http:\/\/www.swiattoli.pl\/index.php?rest_route=%2Fwp%2Fv2%2Fmedia&parent=609"}],"wp:term":[{"taxonomy":"category","embeddable":true,"href":"http:\/\/www.swiattoli.pl\/index.php?rest_route=%2Fwp%2Fv2%2Fcategories&post=609"},{"taxonomy":"post_tag","embeddable":true,"href":"http:\/\/www.swiattoli.pl\/index.php?rest_route=%2Fwp%2Fv2%2Ftags&post=609"}],"curies":[{"name":"wp","href":"https:\/\/api.w.org\/{rel}","templated":true}]}}