{"id":606,"date":"2016-09-07T22:00:00","date_gmt":"2016-09-07T22:00:00","guid":{"rendered":"http:\/\/www.swiattoli.pl\/?p=606"},"modified":"2020-02-07T12:30:57","modified_gmt":"2020-02-07T12:30:57","slug":"gupota-moja-nie-zna-granic","status":"publish","type":"post","link":"http:\/\/www.swiattoli.pl\/?p=606","title":{"rendered":"G\u0142upota moja nie zna granic"},"content":{"rendered":"<div style=\"text-align: justify;\">\n<span style=\"font-size: large;\">W Polsce pojawi\u0142 si\u0119 program \u201eDamy i wie\u015bniaczki\u201d. Zasadniczo<br \/>\nnie przepadam za tego typu programami ale obejrza\u0142am ostatnio odcinek i<br \/>\nnasun\u0119\u0142a mi si\u0119 refleksja. Reasumuj\u0105c to: w dupach si\u0119 nam przewraca. Mo\u017ce to<br \/>\nzbyt dosadne ale \u201ewie\u015bniaczka\u201d sprawi\u0142a, \u017ce poczu\u0142am si\u0119 bardzo \u017ale i g\u0142upio. Dziewczyna<br \/>\nma niewiele, ma marzenia o tym, co u nas jest tak oczywiste, \u017ce nawet nie<br \/>\nzastanowimy si\u0119 na tym, jak mo\u017cna \u017cy\u0107 bez takich udogodnie\u0144 jak \u0142azienka, bie\u017c\u0105ca<br \/>\ni ciep\u0142a woda itp. Ci\u0105gle narzekamy, ci\u0105gle nam ma\u0142o i chcemy wi\u0119cej a jak mamy<br \/>\nju\u017c to wi\u0119cej to i tak nie jest to wystarczaj\u0105ce i znowu jeste\u015bmy nieszcz\u0119\u015bliwi.<br \/>\nWiem, nie wszyscy tak maj\u0105 ale spora grupa spo\u0142ecze\u0144stwa taka jest. I ja nale\u017c\u0119<br \/>\ndo niej. Bo cz\u0142owiek jest g\u0142upi. Zamiast cieszy\u0107 si\u0119 z tego, co ma, zamiast po<br \/>\nprostu \u017cy\u0107 z pie\u015bni\u0105 rado\u015bci na ustach, cz\u0119sto si\u0119 zamartwiam o tym, co b\u0119dzie,<br \/>\ngdy b\u0119dzie albo nie b\u0119dzie. Szczyt g\u0142upoty, bo jeszcze si\u0119 nic nie sta\u0142o,<br \/>\nproblem jeszcze nie istnieje a ja ju\u017c, tak na zapas, martwi\u0119 si\u0119 tym, \u017ce mo\u017ce<br \/>\nwyst\u0105pi\u0107. No g\u0142upota jak nic. Na pewno na takie podej\u015bcie do \u017cycia wp\u0142yw ma<br \/>\nnasza przesz\u0142o\u015b\u0107, tradycje i do\u015bwiadczenia narodowe, nie zapomnijmy o klimacie.<br \/>\nTak, klimat a raczej wiele bezs\u0142onecznych dni, wp\u0142ywa na nas depresyjnie. Wracaj\u0105c<br \/>\nwi\u0119c, te wszystkie elementy utrudniaj\u0105 nam jednak metamorfoz\u0119 z czarno widz\u0105cej<br \/>\nzrz\u0119dy w pe\u0142n\u0105 rado\u015bci i optymizmu jednostk\u0119, kt\u00f3ra otwieraj\u0105c oczy ka\u017cdego<br \/>\ndnia rano, ma ochot\u0119 wsta\u0107 i ta\u0144czy\u0107. Nam rano to chce si\u0119 mie\u0107 weekend, \u017ceby<br \/>\nnie musie\u0107 wstawa\u0107. C\u00f3\u017c, mo\u017ce wystarczy kilka pokole\u0144 i staniemy si\u0119 jak po\u0142udniowcy<br \/>\notwarci i u\u015bmiechni\u0119ci.<\/span><\/div>\n<div class=\"separator\" style=\"clear: both; text-align: center;\">\n<a href=\"http:\/\/www.swiattoli.pl\/wp-content\/uploads\/2016\/09\/damy.jpg\" imageanchor=\"1\" style=\"margin-left: 1em; margin-right: 1em;\"><img loading=\"lazy\" border=\"0\" height=\"225\" src=\"http:\/\/www.swiattoli.pl\/wp-content\/uploads\/2016\/09\/damy.jpg\" width=\"400\" \/><\/a><\/div>\n<div class=\"separator\" style=\"clear: both; text-align: justify;\">\n\u0179r\u00f3d\u0142o:&nbsp;http:\/\/www.vodbox.pl\/program\/305051-damy-i-wiesniaczki\/<\/div>\n","protected":false},"excerpt":{"rendered":"<p>W Polsce pojawi\u0142 si\u0119 program \u201eDamy i wie\u015bniaczki\u201d. Zasadniczo nie przepadam za tego typu programami ale obejrza\u0142am ostatnio odcinek i nasun\u0119\u0142a mi si\u0119 refleksja. Reasumuj\u0105c to: w dupach si\u0119 nam przewraca. Mo\u017ce to zbyt dosadne ale \u201ewie\u015bniaczka\u201d sprawi\u0142a, \u017ce poczu\u0142am si\u0119 bardzo \u017ale i g\u0142upio. Dziewczyna ma niewiele, ma marzenia o tym, co u nas &hellip;<\/p>\n","protected":false},"author":2,"featured_media":0,"comment_status":"open","ping_status":"open","sticky":false,"template":"","format":"standard","meta":[],"categories":[2,1],"tags":[],"_links":{"self":[{"href":"http:\/\/www.swiattoli.pl\/index.php?rest_route=\/wp\/v2\/posts\/606"}],"collection":[{"href":"http:\/\/www.swiattoli.pl\/index.php?rest_route=\/wp\/v2\/posts"}],"about":[{"href":"http:\/\/www.swiattoli.pl\/index.php?rest_route=\/wp\/v2\/types\/post"}],"author":[{"embeddable":true,"href":"http:\/\/www.swiattoli.pl\/index.php?rest_route=\/wp\/v2\/users\/2"}],"replies":[{"embeddable":true,"href":"http:\/\/www.swiattoli.pl\/index.php?rest_route=%2Fwp%2Fv2%2Fcomments&post=606"}],"version-history":[{"count":1,"href":"http:\/\/www.swiattoli.pl\/index.php?rest_route=\/wp\/v2\/posts\/606\/revisions"}],"predecessor-version":[{"id":1633,"href":"http:\/\/www.swiattoli.pl\/index.php?rest_route=\/wp\/v2\/posts\/606\/revisions\/1633"}],"wp:attachment":[{"href":"http:\/\/www.swiattoli.pl\/index.php?rest_route=%2Fwp%2Fv2%2Fmedia&parent=606"}],"wp:term":[{"taxonomy":"category","embeddable":true,"href":"http:\/\/www.swiattoli.pl\/index.php?rest_route=%2Fwp%2Fv2%2Fcategories&post=606"},{"taxonomy":"post_tag","embeddable":true,"href":"http:\/\/www.swiattoli.pl\/index.php?rest_route=%2Fwp%2Fv2%2Ftags&post=606"}],"curies":[{"name":"wp","href":"https:\/\/api.w.org\/{rel}","templated":true}]}}