{"id":595,"date":"2016-09-17T17:44:00","date_gmt":"2016-09-17T17:44:00","guid":{"rendered":"http:\/\/www.swiattoli.pl\/?p=595"},"modified":"2020-02-07T12:31:05","modified_gmt":"2020-02-07T12:31:05","slug":"chce-mi-sie-pakac","status":"publish","type":"post","link":"http:\/\/www.swiattoli.pl\/?p=595","title":{"rendered":"Chce mi si\u0119 p\u0142aka\u0107"},"content":{"rendered":"<div class=\"MsoNormal\" style=\"line-height: 150%; text-align: justify;\">\n<span style=\"font-size: 14.0pt; line-height: 150%;\">Dzisiaj nastr\u00f3j kiepski. Mo\u017ce to<br \/>\nprzez pogod\u0119 a mo\u017ce tak po prostu. Wybrali\u015bmy si\u0119 na festyn nieopodal. W momencie,<br \/>\ngdy tam dotarli\u015bmy wszystko si\u0119 sko\u0144czy\u0142o. Na zakupy wydali\u015bmy kup\u0119 kasy, ale<br \/>\nje\u015b\u0107 co\u015b trzeba i \u017ceby tego by\u0142o ma\u0142o rozlaz\u0142a si\u0119 na zamku, na moich plecach<br \/>\nsukienka, kt\u00f3ra 1,5 miesi\u0105ca temu by\u0142a na mnie lu\u017ana. Chyba to mnie najbardziej<br \/>\ndobi\u0142o. Pomys\u0142\u00f3w nie mam od dawna a teraz to ju\u017c wcale nie wiem, co powoduje<br \/>\nmoje nieustanne tycie. Na zako\u0144czenie dzisiejszego festynu za\u0142apa\u0142am si\u0119 na<br \/>\npomiar cukru i cholesterolu. Okaza\u0142o si\u0119, \u017ce cukier mam niezbyt wysoki. Pani powiedzia\u0142a,<br \/>\n\u017ce je\u017celi bym nie zjad\u0142a, bo by\u0142am jaki\u015b czas po posi\u0142ku, to bym pad\u0142a, gdy\u017c cukier<br \/>\nby\u0142by taki niski. Czyli je\u015b\u0107 musz\u0119, nie mog\u0119 si\u0119 g\u0142odzi\u0107. Ja nie tylko nie powinnam<br \/>\nchyba patrze\u0107 na jedzenie ale przebywa\u0107 w jego pobli\u017cu, bo w ten spos\u00f3b prawdopodobnie<br \/>\ntyj\u0119. Jem przecie\u017c niewiele wi\u0119c sk\u0105d te dodatkowe centymetry?!<\/span><\/div>\n","protected":false},"excerpt":{"rendered":"<p>Dzisiaj nastr\u00f3j kiepski. Mo\u017ce to przez pogod\u0119 a mo\u017ce tak po prostu. Wybrali\u015bmy si\u0119 na festyn nieopodal. W momencie, gdy tam dotarli\u015bmy wszystko si\u0119 sko\u0144czy\u0142o. Na zakupy wydali\u015bmy kup\u0119 kasy, ale je\u015b\u0107 co\u015b trzeba i \u017ceby tego by\u0142o ma\u0142o rozlaz\u0142a si\u0119 na zamku, na moich plecach sukienka, kt\u00f3ra 1,5 miesi\u0105ca temu by\u0142a na mnie lu\u017ana. &hellip;<\/p>\n","protected":false},"author":2,"featured_media":0,"comment_status":"open","ping_status":"open","sticky":false,"template":"","format":"standard","meta":[],"categories":[2,1],"tags":[],"_links":{"self":[{"href":"http:\/\/www.swiattoli.pl\/index.php?rest_route=\/wp\/v2\/posts\/595"}],"collection":[{"href":"http:\/\/www.swiattoli.pl\/index.php?rest_route=\/wp\/v2\/posts"}],"about":[{"href":"http:\/\/www.swiattoli.pl\/index.php?rest_route=\/wp\/v2\/types\/post"}],"author":[{"embeddable":true,"href":"http:\/\/www.swiattoli.pl\/index.php?rest_route=\/wp\/v2\/users\/2"}],"replies":[{"embeddable":true,"href":"http:\/\/www.swiattoli.pl\/index.php?rest_route=%2Fwp%2Fv2%2Fcomments&post=595"}],"version-history":[{"count":1,"href":"http:\/\/www.swiattoli.pl\/index.php?rest_route=\/wp\/v2\/posts\/595\/revisions"}],"predecessor-version":[{"id":1651,"href":"http:\/\/www.swiattoli.pl\/index.php?rest_route=\/wp\/v2\/posts\/595\/revisions\/1651"}],"wp:attachment":[{"href":"http:\/\/www.swiattoli.pl\/index.php?rest_route=%2Fwp%2Fv2%2Fmedia&parent=595"}],"wp:term":[{"taxonomy":"category","embeddable":true,"href":"http:\/\/www.swiattoli.pl\/index.php?rest_route=%2Fwp%2Fv2%2Fcategories&post=595"},{"taxonomy":"post_tag","embeddable":true,"href":"http:\/\/www.swiattoli.pl\/index.php?rest_route=%2Fwp%2Fv2%2Ftags&post=595"}],"curies":[{"name":"wp","href":"https:\/\/api.w.org\/{rel}","templated":true}]}}