{"id":592,"date":"2016-09-22T15:24:00","date_gmt":"2016-09-22T15:24:00","guid":{"rendered":"http:\/\/www.swiattoli.pl\/?p=592"},"modified":"2020-02-07T12:31:07","modified_gmt":"2020-02-07T12:31:07","slug":"rytm-dnia-dziecka","status":"publish","type":"post","link":"http:\/\/www.swiattoli.pl\/?p=592","title":{"rendered":"Rytm dnia dziecka"},"content":{"rendered":"<div class=\"MsoNormal\" style=\"line-height: 150%; text-align: justify;\">\n<span style=\"font-size: 14pt; line-height: 150%;\">Czyta\u0142am ostatnio jak jedna z matek<br \/>\nchwali\u0142a wprowadzenie harmonogramu dnia dziecka. Popieram i stosuj\u0119. Wyznaczenie<br \/>\nram, zasad funkcjonowania dziecka jest dla nas u\u0142atwieniem a dla dziecka planem<br \/>\ndnia. Wie, czego mo\u017ce si\u0119 spodziewa\u0107, czego b\u0119dziemy od niego oczekiwa\u0107. Nie jest<br \/>\nzaskoczone, zdezorientowane, bo ka\u017cdy dzie\u0144 rz\u0105dzi si\u0119 podobnymi prawami. Pora karmienia,<br \/>\nsnu, drzemki pozwalaj\u0105 dziecku na organizacj\u0119 \u017cycia. Dzi\u0119ki temu czuje si\u0119<br \/>\nbezpieczne. U nas dzie\u0144 zaczyna si\u0119 w godzinach 6 \u2013 7. Wtedy jest pora na<br \/>\nmleko. Po mleku mo\u017ce by\u0107 drzemka, cho\u0107 z tym r\u00f3\u017cnie bywa. Po ok. 3 godzinach ma<br \/>\nmiejsce drugie \u015bniadanie i wtedy nadchodzi pora na sen. Trwa to ok. 2 godziny. Gdy<br \/>\ndzieci wstan\u0105 zjadaj\u0105 obiad. P\u00f3\u017aniej jest zabawa, spacer. Po takiej ilo\u015bci ruchu<br \/>\ntrzeba zje\u015b\u0107, jest wi\u0119c deser. Przed snem jedz\u0105 kolacj\u0119 i id\u0105 ok. godz. 21<br \/>\nspa\u0107. Zaburzenie kt\u00f3regokolwiek elementu sprawia, \u017ce dzieci staj\u0105 si\u0119 p\u0142aczliwe<br \/>\ni dra\u017cliwe. Najgorzej jest, kiedy si\u0119 \u201erozje\u017cd\u017caj\u0105\u201d w spaniu. Wtedy ka\u017cdy ma<br \/>\ninne potrzeby i trzeba si\u0119 dwoi\u0107<span style=\"font-family: Wingdings;\">&nbsp;\ud83d\ude42<\/span><\/span><span style=\"font-size: 14pt; line-height: 150%;\">.<\/span><\/div>\n<div class=\"separator\" style=\"clear: both; text-align: center;\">\n<a href=\"http:\/\/www.swiattoli.pl\/wp-content\/uploads\/2016\/09\/14344343_10208328408940171_5381355932696383521_n28129.jpg\" imageanchor=\"1\" style=\"margin-left: 1em; margin-right: 1em;\"><img loading=\"lazy\" border=\"0\" height=\"362\" src=\"http:\/\/www.swiattoli.pl\/wp-content\/uploads\/2016\/09\/14344343_10208328408940171_5381355932696383521_n28129.jpg\" width=\"640\" \/><\/a><\/div>\n<div class=\"MsoNormal\" style=\"line-height: 150%; text-align: justify;\">\n<span style=\"font-size: 14pt; line-height: 150%;\"><br \/><\/span><\/div>\n","protected":false},"excerpt":{"rendered":"<p>Czyta\u0142am ostatnio jak jedna z matek chwali\u0142a wprowadzenie harmonogramu dnia dziecka. Popieram i stosuj\u0119. Wyznaczenie ram, zasad funkcjonowania dziecka jest dla nas u\u0142atwieniem a dla dziecka planem dnia. Wie, czego mo\u017ce si\u0119 spodziewa\u0107, czego b\u0119dziemy od niego oczekiwa\u0107. Nie jest zaskoczone, zdezorientowane, bo ka\u017cdy dzie\u0144 rz\u0105dzi si\u0119 podobnymi prawami. Pora karmienia, snu, drzemki pozwalaj\u0105 dziecku &hellip;<\/p>\n","protected":false},"author":2,"featured_media":0,"comment_status":"open","ping_status":"open","sticky":false,"template":"","format":"standard","meta":[],"categories":[8,2,1],"tags":[],"_links":{"self":[{"href":"http:\/\/www.swiattoli.pl\/index.php?rest_route=\/wp\/v2\/posts\/592"}],"collection":[{"href":"http:\/\/www.swiattoli.pl\/index.php?rest_route=\/wp\/v2\/posts"}],"about":[{"href":"http:\/\/www.swiattoli.pl\/index.php?rest_route=\/wp\/v2\/types\/post"}],"author":[{"embeddable":true,"href":"http:\/\/www.swiattoli.pl\/index.php?rest_route=\/wp\/v2\/users\/2"}],"replies":[{"embeddable":true,"href":"http:\/\/www.swiattoli.pl\/index.php?rest_route=%2Fwp%2Fv2%2Fcomments&post=592"}],"version-history":[{"count":1,"href":"http:\/\/www.swiattoli.pl\/index.php?rest_route=\/wp\/v2\/posts\/592\/revisions"}],"predecessor-version":[{"id":1657,"href":"http:\/\/www.swiattoli.pl\/index.php?rest_route=\/wp\/v2\/posts\/592\/revisions\/1657"}],"wp:attachment":[{"href":"http:\/\/www.swiattoli.pl\/index.php?rest_route=%2Fwp%2Fv2%2Fmedia&parent=592"}],"wp:term":[{"taxonomy":"category","embeddable":true,"href":"http:\/\/www.swiattoli.pl\/index.php?rest_route=%2Fwp%2Fv2%2Fcategories&post=592"},{"taxonomy":"post_tag","embeddable":true,"href":"http:\/\/www.swiattoli.pl\/index.php?rest_route=%2Fwp%2Fv2%2Ftags&post=592"}],"curies":[{"name":"wp","href":"https:\/\/api.w.org\/{rel}","templated":true}]}}