{"id":587,"date":"2016-10-02T06:00:00","date_gmt":"2016-10-02T06:00:00","guid":{"rendered":"http:\/\/www.swiattoli.pl\/?p=587"},"modified":"2020-02-07T12:31:11","modified_gmt":"2020-02-07T12:31:11","slug":"kiedy-rozszerzyc-diete-niemowlecia","status":"publish","type":"post","link":"http:\/\/www.swiattoli.pl\/?p=587","title":{"rendered":"Kiedy rozszerzy\u0107 diet\u0119 niemowl\u0119cia"},"content":{"rendered":"<div style=\"background: white; line-height: 150%; margin-bottom: .0001pt; margin: 0cm; text-align: justify;\">\n<span style=\"font-size: 14pt; letter-spacing: 0.3pt;\">Pogl\u0105d odno\u015bnie terminu wprowadzenia nowych pokarm\u00f3w w diecie dziecka w<br \/>\nostatnim czasie uleg\u0142 zmianie. Dawniej, by\u0142 to okres po 3 \u2013 4 miesi\u0105cach. Obecnie<br \/>\nto data uko\u0144czenia 6 miesi\u0105ca. Ma to swoje uwarunkowania w fizjologii, tj.<br \/>\nrozwoju uk\u0142adu pokarmowego niemowl\u0119cia. Zbyt wczesne wprowadzenie chocia\u017cby<br \/>\nobiadk\u00f3w mo\u017ce prowadzi\u0107 do problem\u00f3w \u017co\u0142\u0105dkowo &#8211; jelitowych niedostosowanego do<br \/>\ntrawienia takich pokarm\u00f3w, gdy\u017c uk\u0142ad pokarmowy nie jest dostatecznie dojrza\u0142y.<br \/>\nPami\u0119tam, co prawda z opowie\u015bci, sytuacj\u0119 c\u00f3rki s\u0105siad\u00f3w, kt\u00f3rej babcia lubi\u0142a<br \/>\nzje\u015b\u0107, dosy\u0107 t\u0142usto i nie chcia\u0142a \u017ca\u0142owa\u0107 wnuczce. Doprowadzi\u0142a dziecko do<br \/>\npowa\u017cnego rozstroju organizmu. By\u0142o nawet zagro\u017cenie \u017cycia.<\/span><\/div>\n<p><\/p>\n<div style=\"background: white; line-height: 150%; margin-bottom: .0001pt; margin: 0cm; text-align: justify;\">\n<a href=\"http:\/\/www.swiattoli.pl\/wp-content\/uploads\/2016\/10\/g171d.jpg\" imageanchor=\"1\" style=\"clear: right; float: right; margin-bottom: 1em; margin-left: 1em;\"><img loading=\"lazy\" border=\"0\" height=\"320\" src=\"http:\/\/www.swiattoli.pl\/wp-content\/uploads\/2016\/10\/g171d.jpg\" width=\"213\" \/><\/a><span style=\"font-size: 14.0pt; letter-spacing: .3pt; line-height: 150%;\">Po urodzeniu dziecko jest w stanie trawi\u0107 i wch\u0142ania\u0107 substancje od\u017cywcze<br \/>\npochodz\u0105ce z mleka. Mo\u017ce dochodzi\u0107 do tzw. ulewania ale ok. 2 \u2013 3 miesi\u0105ca<br \/>\n\u017cycia, dzi\u0119ki rozwojowi uk\u0142adu pokarmowego problem znika sam. W okresie 4 \u2013 6 miesi\u0105ca<br \/>\ndziecko potrafi je\u015b\u0107 za pomoc\u0105 \u0142y\u017ceczki. Nowe pokarmy nale\u017cy wprowadza\u0107<br \/>\nstopniowo, gdy\u017c ka\u017cde dziecko reaguje na nie indywidualnie. Na pocz\u0105tku<br \/>\nnajlepiej zaczyna\u0107 od kaszek. Je\u015bli chodzi o posi\u0142ki \u201eobiadowe\u201d to mo\u017cna zacz\u0105\u0107<br \/>\nod marchewki, ziemniaczka. P\u00f3\u017aniej \u0142\u0105czymy. My pr\u00f3bowali\u015bmy najpierw gotowe<br \/>\nobiadki ze s\u0142oiczk\u00f3w. Mo\u017ce to irracjonalne, ale bali\u015bmy si\u0119 na pocz\u0105tku sami<br \/>\ngotowa\u0107. Najwi\u0119ksze zapotrzebowanie na ilo\u015b\u0107 i rodzaj pokarm\u00f3w pojawia si\u0119 w 9 \u2013<br \/>\n12 miesi\u0105cu \u017cycia.&nbsp;<\/span><\/div>\n<div style=\"background: white; line-height: 150%; margin-bottom: .0001pt; margin: 0cm; text-align: justify;\">\n<span style=\"letter-spacing: 0.3pt; line-height: 150%;\"><span style=\"font-size: x-small;\"><br \/><\/span><\/span><\/div>\n<div style=\"background: white; line-height: 150%; margin-bottom: .0001pt; margin: 0cm; text-align: justify;\">\n<span style=\"letter-spacing: 0.3pt; line-height: 150%;\"><span style=\"font-size: x-small;\">Zdj\u0119cie:&nbsp;http:\/\/www.mamabrzuszekimaluszek.pl\/Bledy-popelniane-przy-karmieniu-butelka-171.html<\/span><\/span><\/div>\n","protected":false},"excerpt":{"rendered":"<p>Pogl\u0105d odno\u015bnie terminu wprowadzenia nowych pokarm\u00f3w w diecie dziecka w ostatnim czasie uleg\u0142 zmianie. Dawniej, by\u0142 to okres po 3 \u2013 4 miesi\u0105cach. Obecnie to data uko\u0144czenia 6 miesi\u0105ca. Ma to swoje uwarunkowania w fizjologii, tj. rozwoju uk\u0142adu pokarmowego niemowl\u0119cia. Zbyt wczesne wprowadzenie chocia\u017cby obiadk\u00f3w mo\u017ce prowadzi\u0107 do problem\u00f3w \u017co\u0142\u0105dkowo &#8211; jelitowych niedostosowanego do trawienia &hellip;<\/p>\n","protected":false},"author":2,"featured_media":0,"comment_status":"open","ping_status":"open","sticky":false,"template":"","format":"standard","meta":[],"categories":[1],"tags":[],"_links":{"self":[{"href":"http:\/\/www.swiattoli.pl\/index.php?rest_route=\/wp\/v2\/posts\/587"}],"collection":[{"href":"http:\/\/www.swiattoli.pl\/index.php?rest_route=\/wp\/v2\/posts"}],"about":[{"href":"http:\/\/www.swiattoli.pl\/index.php?rest_route=\/wp\/v2\/types\/post"}],"author":[{"embeddable":true,"href":"http:\/\/www.swiattoli.pl\/index.php?rest_route=\/wp\/v2\/users\/2"}],"replies":[{"embeddable":true,"href":"http:\/\/www.swiattoli.pl\/index.php?rest_route=%2Fwp%2Fv2%2Fcomments&post=587"}],"version-history":[{"count":1,"href":"http:\/\/www.swiattoli.pl\/index.php?rest_route=\/wp\/v2\/posts\/587\/revisions"}],"predecessor-version":[{"id":1667,"href":"http:\/\/www.swiattoli.pl\/index.php?rest_route=\/wp\/v2\/posts\/587\/revisions\/1667"}],"wp:attachment":[{"href":"http:\/\/www.swiattoli.pl\/index.php?rest_route=%2Fwp%2Fv2%2Fmedia&parent=587"}],"wp:term":[{"taxonomy":"category","embeddable":true,"href":"http:\/\/www.swiattoli.pl\/index.php?rest_route=%2Fwp%2Fv2%2Fcategories&post=587"},{"taxonomy":"post_tag","embeddable":true,"href":"http:\/\/www.swiattoli.pl\/index.php?rest_route=%2Fwp%2Fv2%2Ftags&post=587"}],"curies":[{"name":"wp","href":"https:\/\/api.w.org\/{rel}","templated":true}]}}