{"id":5480,"date":"2020-05-13T07:02:57","date_gmt":"2020-05-13T07:02:57","guid":{"rendered":"http:\/\/www.swiattoli.pl\/?p=5480"},"modified":"2020-05-12T15:12:41","modified_gmt":"2020-05-12T15:12:41","slug":"seria-ksiazek-od-martyny-kwiatkowskiej","status":"publish","type":"post","link":"http:\/\/www.swiattoli.pl\/?p=5480","title":{"rendered":"Seria ksi\u0105\u017cek od Martyny Kwiatkowskiej"},"content":{"rendered":"<p style=\"text-align: justify;\"><span style=\"font-size: 20px;\">Ksi\u0105\u017cki to moja pasja i t\u0105 pasj\u0119 chc\u0119 zaszczepi\u0107 u moich dzieci. W naszych zasobach znajduje si\u0119 wiele pozycji literackich, wybieranych pod r\u00f3\u017cnym katem. S\u0105 takie maj\u0105ce walory edukacyjne, rozwijaj\u0105ce wyobra\u017ani\u0119, spostrzegawczo\u015b\u0107, ale i przekazuj\u0105ce wa\u017cne informacje, czy pomagaj\u0105ce wyja\u015bni\u0107 trudne sprawy.<\/span><\/p>\n<p style=\"text-align: justify;\"><img loading=\"lazy\" class=\"aligncenter wp-image-5481 \" src=\"http:\/\/www.swiattoli.pl\/wp-content\/uploads\/2020\/05\/96138300_10218337780728210_8933237151944933376_n.jpg\" alt=\"\" width=\"549\" height=\"732\" srcset=\"http:\/\/www.swiattoli.pl\/wp-content\/uploads\/2020\/05\/96138300_10218337780728210_8933237151944933376_n.jpg 600w, http:\/\/www.swiattoli.pl\/wp-content\/uploads\/2020\/05\/96138300_10218337780728210_8933237151944933376_n-225x300.jpg 225w\" sizes=\"(max-width: 549px) 100vw, 549px\" \/><\/p>\n<p style=\"text-align: justify;\"><span style=\"font-size: 20px;\">Dzi\u015b o bardzo m\u0105drej i warto\u015bciowej serii, jak na razie sk\u0142adaj\u0105cej si\u0119 z czterech tytu\u0142\u00f3w, kt\u00f3rych bohaterami jest tr\u00f3jka przyjaci\u00f3\u0142: Maciek, Dorcia i Tadek, sp\u0119dzaj\u0105cych wsp\u00f3lnie czas. To prawdziwi przyjaciele, pomagaj\u0105cy sobie wzajemnie, wspieraj\u0105cy si\u0119.<\/span><\/p>\n<p style=\"text-align: justify;\"><img loading=\"lazy\" class=\"aligncenter wp-image-5482 \" src=\"http:\/\/www.swiattoli.pl\/wp-content\/uploads\/2020\/05\/96099768_10218337784208297_8652620266750345216_n.jpg\" alt=\"\" width=\"539\" height=\"719\" srcset=\"http:\/\/www.swiattoli.pl\/wp-content\/uploads\/2020\/05\/96099768_10218337784208297_8652620266750345216_n.jpg 600w, http:\/\/www.swiattoli.pl\/wp-content\/uploads\/2020\/05\/96099768_10218337784208297_8652620266750345216_n-225x300.jpg 225w\" sizes=\"(max-width: 539px) 100vw, 539px\" \/><\/p>\n<p style=\"text-align: justify;\"><img loading=\"lazy\" class=\"aligncenter wp-image-5483 \" src=\"http:\/\/www.swiattoli.pl\/wp-content\/uploads\/2020\/05\/96115506_10218337787848388_2685648088185438208_n.jpg\" alt=\"\" width=\"539\" height=\"719\" srcset=\"http:\/\/www.swiattoli.pl\/wp-content\/uploads\/2020\/05\/96115506_10218337787848388_2685648088185438208_n.jpg 600w, http:\/\/www.swiattoli.pl\/wp-content\/uploads\/2020\/05\/96115506_10218337787848388_2685648088185438208_n-225x300.jpg 225w\" sizes=\"(max-width: 539px) 100vw, 539px\" \/><\/p>\n<p style=\"text-align: justify;\"><span style=\"font-size: 20px;\">Autork\u0105 ksi\u0105\u017cek jest Martyna Kwiatkowska, wsp\u00f3\u0142autorka bloga\u00a0<em>pojedztam.pl.\u00a0<\/em><\/span><\/p>\n<p style=\"text-align: justify;\"><span style=\"font-size: 20px;\">Ksi\u0105\u017cki nie s\u0105 zbyt grube, ale nie o ilo\u015b\u0107 przecie\u017c chodzi, a o zawarto\u015b\u0107. Wydano je w twardej oprawie, na papierze kredowym, pi\u0119knie zilustrowano. Rysunki wygl\u0105daj\u0105 jakby je kto\u015b namalowa\u0142 kredkami.<\/span><\/p>\n<p style=\"text-align: justify;\"><span style=\"font-size: 20px;\">Cz\u0119\u015bci, kt\u00f3re do tej pory si\u0119 ukaza\u0142y:<\/span><\/p>\n<p style=\"text-align: justify;\"><span style=\"font-size: 20px;\">&#8211; &#8222;Kraina bez ksi\u0105\u017cek&#8221;<\/span><br \/>\n<span style=\"font-size: 20px;\">&#8211; &#8222;Kraina zrealizowanych marze\u0144&#8221;<\/span><br \/>\n<span style=\"font-size: 20px;\">&#8211; &#8222;Kraina dzielnych obozowicz\u00f3w&#8221;<\/span><br \/>\n<span style=\"font-size: 20px;\">&#8211; &#8222;Kraina spadaj\u0105cej gwiazdy&#8221;<\/span><\/p>\n<p style=\"text-align: justify;\"><img loading=\"lazy\" class=\"aligncenter wp-image-5484 \" src=\"http:\/\/www.swiattoli.pl\/wp-content\/uploads\/2020\/05\/96143237_10218337786808362_5989627319302488064_n.jpg\" alt=\"\" width=\"508\" height=\"678\" srcset=\"http:\/\/www.swiattoli.pl\/wp-content\/uploads\/2020\/05\/96143237_10218337786808362_5989627319302488064_n.jpg 600w, http:\/\/www.swiattoli.pl\/wp-content\/uploads\/2020\/05\/96143237_10218337786808362_5989627319302488064_n-225x300.jpg 225w\" sizes=\"(max-width: 508px) 100vw, 508px\" \/><\/p>\n<p style=\"text-align: justify;\"><img loading=\"lazy\" class=\"aligncenter wp-image-5485 \" src=\"http:\/\/www.swiattoli.pl\/wp-content\/uploads\/2020\/05\/96269433_10218337788528405_8649988637208870912_n.jpg\" alt=\"\" width=\"501\" height=\"668\" srcset=\"http:\/\/www.swiattoli.pl\/wp-content\/uploads\/2020\/05\/96269433_10218337788528405_8649988637208870912_n.jpg 600w, http:\/\/www.swiattoli.pl\/wp-content\/uploads\/2020\/05\/96269433_10218337788528405_8649988637208870912_n-225x300.jpg 225w\" sizes=\"(max-width: 501px) 100vw, 501px\" \/><\/p>\n<p style=\"text-align: justify;\"><span style=\"font-size: 20px;\">Ksi\u0105\u017ceczki napisano pi\u0119knym j\u0119zykiem, dostosowanym do poziomu dziecka.\u00a0 Cz\u0119\u015b\u0107 dotycz\u0105ca zaginionych ksi\u0105\u017cek wskazuje, jak du\u017ce znaczenie ma czytanie. Z kolejnej cz\u0119\u015bci dowiemy si\u0119, o czym marz\u0105 ksi\u0105\u017ckowi bohaterowie. Cz\u0119\u015b\u0107 trzecia na pewno zach\u0119ci ka\u017cdego, ma\u0142ego czytelnika do bycia zuchem, a p\u00f3\u017aniej harcerzem. \u00a0&#8222;Kraina spadaj\u0105cej gwiazdy&#8221; b\u0119dzie idealn\u0105 lektur\u0105 w okolicach \u015bwi\u0105t Bo\u017cego narodzenia, ale nie tylko wtedy.<\/span><\/p>\n<p><img loading=\"lazy\" class=\"aligncenter wp-image-5486 \" src=\"http:\/\/www.swiattoli.pl\/wp-content\/uploads\/2020\/05\/96313145_10218337782808262_8109298189317701632_n.jpg\" alt=\"\" width=\"518\" height=\"691\" srcset=\"http:\/\/www.swiattoli.pl\/wp-content\/uploads\/2020\/05\/96313145_10218337782808262_8109298189317701632_n.jpg 600w, http:\/\/www.swiattoli.pl\/wp-content\/uploads\/2020\/05\/96313145_10218337782808262_8109298189317701632_n-225x300.jpg 225w\" sizes=\"(max-width: 518px) 100vw, 518px\" \/><\/p>\n<p style=\"text-align: justify;\"><span style=\"font-size: 20px;\">To ciekawe historie, zach\u0119caj\u0105ce do odwiedzin wielu miejsc i bycia harcerzem. Prawdziwe i przyjemne w odbiorze wci\u0105gn\u0105 ka\u017cdego, ma\u0142ego\u00a0 czytelnika.<\/span><\/p>\n<p style=\"text-align: justify;\"><span style=\"font-size: 20px;\">Ksi\u0105\u017cki znajdziecie\u00a0<a href=\"https:\/\/pojedztam.pl\/sklep\/\">TUTAJ<\/a>.<\/span><\/p>\n","protected":false},"excerpt":{"rendered":"<p>Ksi\u0105\u017cki to moja pasja i t\u0105 pasj\u0119 chc\u0119 zaszczepi\u0107 u moich dzieci. W naszych zasobach znajduje si\u0119 wiele pozycji literackich, wybieranych pod r\u00f3\u017cnym katem. S\u0105 takie maj\u0105ce walory edukacyjne, rozwijaj\u0105ce wyobra\u017ani\u0119, spostrzegawczo\u015b\u0107, ale i przekazuj\u0105ce wa\u017cne informacje, czy pomagaj\u0105ce wyja\u015bni\u0107 trudne sprawy. Dzi\u015b o bardzo m\u0105drej i warto\u015bciowej serii, jak na razie sk\u0142adaj\u0105cej si\u0119 z &hellip;<\/p>\n","protected":false},"author":1,"featured_media":5481,"comment_status":"open","ping_status":"open","sticky":false,"template":"","format":"standard","meta":[],"categories":[2,3,4,1],"tags":[182,337,315,26,355,29,30,348,351,350,349,359,31,353,357,352,282,356,354,358],"_links":{"self":[{"href":"http:\/\/www.swiattoli.pl\/index.php?rest_route=\/wp\/v2\/posts\/5480"}],"collection":[{"href":"http:\/\/www.swiattoli.pl\/index.php?rest_route=\/wp\/v2\/posts"}],"about":[{"href":"http:\/\/www.swiattoli.pl\/index.php?rest_route=\/wp\/v2\/types\/post"}],"author":[{"embeddable":true,"href":"http:\/\/www.swiattoli.pl\/index.php?rest_route=\/wp\/v2\/users\/1"}],"replies":[{"embeddable":true,"href":"http:\/\/www.swiattoli.pl\/index.php?rest_route=%2Fwp%2Fv2%2Fcomments&post=5480"}],"version-history":[{"count":2,"href":"http:\/\/www.swiattoli.pl\/index.php?rest_route=\/wp\/v2\/posts\/5480\/revisions"}],"predecessor-version":[{"id":5488,"href":"http:\/\/www.swiattoli.pl\/index.php?rest_route=\/wp\/v2\/posts\/5480\/revisions\/5488"}],"wp:featuredmedia":[{"embeddable":true,"href":"http:\/\/www.swiattoli.pl\/index.php?rest_route=\/wp\/v2\/media\/5481"}],"wp:attachment":[{"href":"http:\/\/www.swiattoli.pl\/index.php?rest_route=%2Fwp%2Fv2%2Fmedia&parent=5480"}],"wp:term":[{"taxonomy":"category","embeddable":true,"href":"http:\/\/www.swiattoli.pl\/index.php?rest_route=%2Fwp%2Fv2%2Fcategories&post=5480"},{"taxonomy":"post_tag","embeddable":true,"href":"http:\/\/www.swiattoli.pl\/index.php?rest_route=%2Fwp%2Fv2%2Ftags&post=5480"}],"curies":[{"name":"wp","href":"https:\/\/api.w.org\/{rel}","templated":true}]}}