{"id":5409,"date":"2020-04-26T17:24:06","date_gmt":"2020-04-26T17:24:06","guid":{"rendered":"http:\/\/www.swiattoli.pl\/?p=5409"},"modified":"2020-04-26T17:24:06","modified_gmt":"2020-04-26T17:24:06","slug":"orkan-depresja-o-braku-zrozumienia-i-samotnosci","status":"publish","type":"post","link":"http:\/\/www.swiattoli.pl\/?p=5409","title":{"rendered":"&#8222;ORKAN DEPRESJA&#8221; O BRAKU ZROZUMIENIA I SAMOTNO\u015aCI"},"content":{"rendered":"<p style=\"text-align: justify;\"><span style=\"font-size: 20px;\">Depresja, mimo i\u017c jest to choroba, kt\u00f3ra mo\u017ce dotkn\u0105\u0107 ka\u017cdego, nadal stanowi wstydliwy temat. Ludzie wstydz\u0105 si\u0119 przyzna\u0107 przed samym sob\u0105, \u017ce maj\u0105 problem, a co dopiero przed otoczeniem, czy najbli\u017cszymi. My, doro\u015bli posiadamy pewne mechanizmy obronne, natomiast dzieci i m\u0142odzie\u017c nie s\u0105 w stanie samodzielnie poradzi\u0107 sobie z problemem.<\/span><\/p>\n<p style=\"text-align: justify;\"><img loading=\"lazy\" class=\"aligncenter wp-image-5410 size-full\" src=\"http:\/\/www.swiattoli.pl\/wp-content\/uploads\/2020\/04\/94977561_10218249657085174_543285046224617472_n.jpg\" alt=\"\" width=\"600\" height=\"800\" srcset=\"http:\/\/www.swiattoli.pl\/wp-content\/uploads\/2020\/04\/94977561_10218249657085174_543285046224617472_n.jpg 600w, http:\/\/www.swiattoli.pl\/wp-content\/uploads\/2020\/04\/94977561_10218249657085174_543285046224617472_n-225x300.jpg 225w\" sizes=\"(max-width: 600px) 100vw, 600px\" \/><\/p>\n<p style=\"text-align: justify;\"><span style=\"font-size: 20px;\"><em>&#8222;Orkan depresja&#8221;<\/em>\u00a0to najnowsza propozycja\u00a0<em>Ewy Nowak<\/em>\u00a0(<em>Egmont Literacki<\/em>) skierowana\u00a0do m\u0142odzie\u017cy w wieku powy\u017cej szesnastu lat, ale warto, \u017ceby przeczytali j\u0105 r\u00f3wnie\u017c doro\u015bli. Pomo\u017ce to pozna\u0107 umys\u0142 m\u0142odego cz\u0142owieka i zrozumie\u0107, co si\u0119 w nim dzieje.<\/span><\/p>\n<p style=\"text-align: justify;\">\n<span style=\"font-size: 20px;\">Borys Orkan jest szesnastoletnim bohaterem ksi\u0105\u017cki. Od zawsze mia\u0142 sk\u0142onno\u015bci do depresji, ich si\u0142a zosta\u0142a spot\u0119gowana po samob\u00f3jczej \u015bmierci s\u0105siad Adama, kt\u00f3rej by\u0142 \u015bwiadkiem. To nieleczona depresja by\u0142a przyczyn\u0105 targni\u0119cia si\u0119 na \u017cycie. Borys miewa napady nieustannego smutku, kt\u00f3re t\u0142umaczy\u0142 zm\u0119czeniem czy b\u00f3lem g\u0142owy. Rodzice ch\u0142opaka rozstali si\u0119, on zosta\u0142 z matk\u0105. Ich relacje kiedy\u015b uk\u0142ada\u0142y si\u0119 dobrze, ale z czasem zacz\u0119\u0142o dochodzi\u0107 do konflikt\u00f3w, wywo\u0142uj\u0105cych niezrozumienie ch\u0142opca. Czasami chcia\u0142by z kim\u015b o tym porozmawia\u0107, jednak rezygnuje z tej mo\u017cliwo\u015bci. \u00a0<\/span><\/p>\n<p style=\"text-align: justify;\"><span style=\"font-size: 20px;\">Kiedy jego najlepsza przyjaci\u00f3\u0142ka, Osa, wi\u0105\u017ce si\u0119 z nowym koleg\u0105 z klasy, Lokiem, ch\u0142opak jest w\u015bciek\u0142y, popada w przygn\u0119bienie. Wtedy te\u017c pojawia si\u0119 G\u0142os, podsuwaj\u0105cy mu z\u0142e i napastliwe my\u015bli. Orkan jest z\u0142y na przyjaci\u00f3\u0142k\u0119, bo przecie\u017c wszystkiego si\u0119 domy\u015bla, przez co staje si\u0119 z\u0142o\u015bliwy. G\u0142os zaczyna przejmowa\u0107 nad nim kontrol\u0119. Nikt z otoczenia Borysa nie rozumie tego, co dzieje si\u0119 w g\u0142owie ch\u0142opca. Niekt\u00f3rzy t\u0142umacz\u0105 to burz\u0105 hormon\u00f3w.\u00a0<\/span><\/p>\n<p style=\"text-align: justify;\"><span style=\"font-size: 20px;\">Kolega z paczki Orkana, dwunastoletniego Antka, tak\u017ce ma stany depresyjne, samookalecza si\u0119, my\u015bli o \u015bmierci i m\u00f3wi o niej. Tym razem rodzina dzia\u0142a, zabiera go na terapi\u0119.\u00a0<\/span><\/p>\n<p style=\"text-align: justify;\">\n<span style=\"font-size: 20px;\">W ko\u0144cu Borys trafia do szpitala psychiatrycznego, gdzie spotyka inne dzieci z problemami. Poznaje Misz\u0119, ch\u0142opaka, kt\u00f3ry staje si\u0119 jego przyjacielem. Ich przyja\u017a\u0144 trwa tak\u017ce po wyj\u015bciu ze szpitala. W pewnym momencie ch\u0142opak znika, co za\u0142amuje Borysa jeszcze bardziej. Prowadzi to do pr\u00f3by samob\u00f3jczej. Jak to si\u0119 zako\u0144czy?\u00a0<\/span><\/p>\n<p style=\"text-align: justify;\"><span style=\"font-size: 20px;\">Ksi\u0105\u017cka wywo\u0142a\u0142a we mnie ca\u0142\u0105 gam\u0119 emocji. Zastanawia\u0142am si\u0119 jak matka nie dostrzega problemy, po czym nachodzi\u0142a mnie refleksja, \u017ce mo\u017cna to po\u0142o\u017cy\u0107 na karb dorastania. Tak \u0142atwo si\u0119 pomyli\u0107.\u00a0 <\/span><\/p>\n<p style=\"text-align: justify;\"><span style=\"font-size: 20px;\">Na ko\u0144cu publikacji zamieszczono kontakty i telefony zaufania, gdzie mo\u017cna znale\u017a\u0107 fachowe wsparcie i pomoc.<\/span><\/p>\n<p style=\"text-align: justify;\">\n<img loading=\"lazy\" class=\" wp-image-5411 aligncenter\" src=\"http:\/\/www.swiattoli.pl\/wp-content\/uploads\/2020\/04\/egmont-3.png\" alt=\"\" width=\"230\" height=\"28\" \/><\/p>\n<p style=\"text-align: center;\"><span style=\"font-size: 20px;\"><a href=\"https:\/\/egmont.pl\/Orkan.-Depresja,20918278,p.html\">TUTAJ<\/a> ZNAJDZIESZ KSI\u0104\u017bK\u0118<\/span><\/p>\n","protected":false},"excerpt":{"rendered":"<p>Depresja, mimo i\u017c jest to choroba, kt\u00f3ra mo\u017ce dotkn\u0105\u0107 ka\u017cdego, nadal stanowi wstydliwy temat. Ludzie wstydz\u0105 si\u0119 przyzna\u0107 przed samym sob\u0105, \u017ce maj\u0105 problem, a co dopiero przed otoczeniem, czy najbli\u017cszymi. My, doro\u015bli posiadamy pewne mechanizmy obronne, natomiast dzieci i m\u0142odzie\u017c nie s\u0105 w stanie samodzielnie poradzi\u0107 sobie z problemem. &#8222;Orkan depresja&#8221;\u00a0to najnowsza propozycja\u00a0Ewy Nowak\u00a0(Egmont &hellip;<\/p>\n","protected":false},"author":1,"featured_media":5410,"comment_status":"open","ping_status":"open","sticky":false,"template":"","format":"standard","meta":[],"categories":[2,3,4],"tags":[181,255,264,263,29,262,25,261,260,145,254,256,257,258,62,259,176],"_links":{"self":[{"href":"http:\/\/www.swiattoli.pl\/index.php?rest_route=\/wp\/v2\/posts\/5409"}],"collection":[{"href":"http:\/\/www.swiattoli.pl\/index.php?rest_route=\/wp\/v2\/posts"}],"about":[{"href":"http:\/\/www.swiattoli.pl\/index.php?rest_route=\/wp\/v2\/types\/post"}],"author":[{"embeddable":true,"href":"http:\/\/www.swiattoli.pl\/index.php?rest_route=\/wp\/v2\/users\/1"}],"replies":[{"embeddable":true,"href":"http:\/\/www.swiattoli.pl\/index.php?rest_route=%2Fwp%2Fv2%2Fcomments&post=5409"}],"version-history":[{"count":1,"href":"http:\/\/www.swiattoli.pl\/index.php?rest_route=\/wp\/v2\/posts\/5409\/revisions"}],"predecessor-version":[{"id":5412,"href":"http:\/\/www.swiattoli.pl\/index.php?rest_route=\/wp\/v2\/posts\/5409\/revisions\/5412"}],"wp:featuredmedia":[{"embeddable":true,"href":"http:\/\/www.swiattoli.pl\/index.php?rest_route=\/wp\/v2\/media\/5410"}],"wp:attachment":[{"href":"http:\/\/www.swiattoli.pl\/index.php?rest_route=%2Fwp%2Fv2%2Fmedia&parent=5409"}],"wp:term":[{"taxonomy":"category","embeddable":true,"href":"http:\/\/www.swiattoli.pl\/index.php?rest_route=%2Fwp%2Fv2%2Fcategories&post=5409"},{"taxonomy":"post_tag","embeddable":true,"href":"http:\/\/www.swiattoli.pl\/index.php?rest_route=%2Fwp%2Fv2%2Ftags&post=5409"}],"curies":[{"name":"wp","href":"https:\/\/api.w.org\/{rel}","templated":true}]}}