{"id":54,"date":"2019-11-26T07:00:00","date_gmt":"2019-11-26T07:00:00","guid":{"rendered":"http:\/\/www.swiattoli.pl\/?p=54"},"modified":"2020-02-07T12:55:28","modified_gmt":"2020-02-07T12:55:28","slug":"miedziany-listek-recenzja","status":"publish","type":"post","link":"http:\/\/www.swiattoli.pl\/?p=54","title":{"rendered":"Miedziany listek &#8211; recenzja"},"content":{"rendered":"<p><\/p>\n<div class=\"MsoNormal\" style=\"background-attachment: initial; background-clip: initial; background-image: initial; background-origin: initial; background-position: initial; background-repeat: initial; background-size: initial; line-height: 150%; margin-bottom: 0.0001pt; text-align: justify;\">\n<span style=\"background-color: white; font-family: Arial, sans-serif; font-size: 14pt; line-height: 150%;\">Rozpoczyna si\u0119 rok szkolny, Tereska te\u017c<br \/>\ncieszy si\u0119 na my\u015bl o drugiej klasie, kiedy to b\u0119dzie siedzia\u0142a w \u0142awce z Ewk\u0105, przy\u0142o\u017cy<br \/>\nsi\u0119 do nauki, a na przerwach po\u015bwi\u0119ci si\u0119 zabawie. Jak&nbsp; to w \u017cyciu bywa, nie wszystko idzie po jej<br \/>\nmy\u015bli. Dziewczyna bardzo zawodzi si\u0119 na przyjaci\u00f3\u0142ce, obok na krze\u015ble nie siada<br \/>\nnikt, kuzyn Antek coraz rzadziej ich odwiedza i nikt jej nie wierzy, \u017ce<br \/>\nwytropi\u0142a prawdziwego potwora. Dziewczynka jest jedynaczk\u0105 i chcia\u0142aby, aby<br \/>\nrodzice postarali si\u0119 o m\u0142odsze rodze\u0144stwo dla niej, ale nic z tego. Przychodzi<br \/>\njednak moment w \u017cyciu Tereski, gdy pojawia si\u0119 promyk nadziei. Podczas jednej z<br \/>\nwypraw tropi\u0105cych Tereska, Antek i Iga gubi\u0105 si\u0119 w pobliskim lesie, staraj\u0105 si\u0119<br \/>\nodnale\u017a\u0107 drog\u0119 do domu. W ten w\u0142a\u015bnie spos\u00f3b trafiaj\u0105 na mam\u0119 jednego z koleg\u00f3w<br \/>\nz klasy naszej bohaterki &#8211; Jasia. Jak si\u0119 okazuje, ch\u0142opiec jest w podobnej<br \/>\nsytuacji jak Tereska i bardzo dobrze j\u0105 rozumie. Jak rozwinie si\u0119 ta znajomo\u015b\u0107?<br \/>\nCzy potw\u00f3r na prawd\u0119 b\u0119dzie taki potworny?<\/span><\/div>\n<div class=\"MsoNormal\" style=\"background-attachment: initial; background-clip: initial; background-image: initial; background-origin: initial; background-position: initial; background-repeat: initial; background-size: initial; line-height: 150%; margin-bottom: 0.0001pt; text-align: justify;\">\n<\/div>\n<div class=\"separator\" style=\"clear: both; text-align: center;\">\n<a href=\"http:\/\/www.swiattoli.pl\/wp-content\/uploads\/2019\/11\/75412362_10216815764838764_4723031456438288384_n-001.jpg\" imageanchor=\"1\" style=\"margin-left: 1em; margin-right: 1em;\"><img loading=\"lazy\" border=\"0\" data-original-height=\"750\" data-original-width=\"715\" height=\"640\" src=\"http:\/\/www.swiattoli.pl\/wp-content\/uploads\/2019\/11\/75412362_10216815764838764_4723031456438288384_n-001.jpg\" width=\"610\" \/><\/a><\/div>\n<div class=\"MsoNormal\" style=\"background-attachment: initial; background-clip: initial; background-image: initial; background-origin: initial; background-position: initial; background-repeat: initial; background-size: initial; line-height: 150%; margin-bottom: 0.0001pt; text-align: justify;\">\n<span style=\"background-color: white; font-family: Arial, sans-serif; font-size: 14pt; line-height: 150%;\"><br \/><\/span><\/div>\n<div class=\"MsoNormal\" style=\"background-attachment: initial; background-clip: initial; background-image: initial; background-origin: initial; background-position: initial; background-repeat: initial; background-size: initial; line-height: 150%; margin-bottom: 0.0001pt; text-align: justify;\">\n<span style=\"background-color: white; font-family: Arial, sans-serif; font-size: 14pt; line-height: 150%;\">Tereska to osoba godna na\u015bladowania<br \/>\n,kt\u00f3ra potrafi m\u00f3wi\u0107 o uczuciach, nie unika konsekwencji swoich czyn\u00f3w, potrafi<br \/>\nprzeprosi\u0107, jest otwarta i uczynna. To, czego naprawd\u0119 zazdroszcz\u0119 bohaterce,<br \/>\nto umiej\u0119tno\u015b\u0107 cieszenia si\u0119 z drobiazg\u00f3w, czasem niepozornych. <\/span><\/div>\n<div class=\"MsoNormal\" style=\"background-attachment: initial; background-clip: initial; background-image: initial; background-origin: initial; background-position: initial; background-repeat: initial; background-size: initial; line-height: 150%; margin-bottom: 0.0001pt; text-align: justify;\">\n<span style=\"background-color: white; font-family: Arial, sans-serif; font-size: 14pt; line-height: 150%;\"><br \/>\nEmilia Kiere\u015b jest niezwyk\u0142a osob\u0105, kt\u00f3ra rozumie dzieci\u0119ce emocje i potrafi o<br \/>\nnich pisa\u0107. Potrafi dotrze\u0107 do m\u0142odych, jak i starszych. Dziecko mo\u017ce zrozumie\u0107<br \/>\nco dzieje si\u0119 w jego g\u0142owie, a rodzicom uzmys\u0142awia, jak wa\u017cn\u0105 rol\u0119 odgrywamy. Zdarza<br \/>\nnam si\u0119 bagatelizowa\u0107 niekt\u00f3re sprawy, b\u0119d\u0105ce niesamowicie istotnymi dla<br \/>\ndziecka, a przecie\u017c ka\u017cdy dzieci\u0119cy smutek, czy zmartwienie s\u0105 godnymi uwagi. <span style=\"color: #212529;\"><\/span><\/span><\/div>\n<div class=\"MsoNormal\" style=\"background-attachment: initial; background-clip: initial; background-image: initial; background-origin: initial; background-position: initial; background-repeat: initial; background-size: initial; line-height: 150%; margin-bottom: 0.0001pt; text-align: justify;\">\n<span style=\"background-color: white; font-family: Arial, sans-serif; font-size: 14pt; line-height: 150%;\"><br \/><\/span><\/div>\n<div class=\"separator\" style=\"clear: both; text-align: center;\">\n<a href=\"https:\/\/1.bp.blogspot.com\/-obfbO5MGVOk\/XdvF0ENcmuI\/AAAAAAAASbY\/n5mWfN_xUrYjzUZRu1XCpDp-uM4gbG9nwCLcBGAsYHQ\/s1600\/pobrane.png\" imageanchor=\"1\" style=\"margin-left: 1em; margin-right: 1em;\"><img loading=\"lazy\" border=\"0\" data-original-height=\"157\" data-original-width=\"321\" height=\"97\" src=\"http:\/\/www.swiattoli.pl\/wp-content\/uploads\/2019\/11\/pobrane-1.png\" width=\"200\" \/><\/a><\/div>\n<div class=\"MsoNormal\" style=\"background-attachment: initial; background-clip: initial; background-image: initial; background-origin: initial; background-position: initial; background-repeat: initial; background-size: initial; line-height: 150%; margin-bottom: 0.0001pt; text-align: center;\">\n<a href=\"https:\/\/www.akapit-press.pl\/szukaj?controller=search&amp;s=miedziany+listek\" target=\"_blank\" rel=\"noopener noreferrer\"><b><span style=\"font-size: x-large;\">Tutaj kupisz ksi\u0105\u017ck\u0119<\/span><\/b><\/a><\/div>\n","protected":false},"excerpt":{"rendered":"<p>Rozpoczyna si\u0119 rok szkolny, Tereska te\u017c cieszy si\u0119 na my\u015bl o drugiej klasie, kiedy to b\u0119dzie siedzia\u0142a w \u0142awce z Ewk\u0105, przy\u0142o\u017cy si\u0119 do nauki, a na przerwach po\u015bwi\u0119ci si\u0119 zabawie. Jak&nbsp; to w \u017cyciu bywa, nie wszystko idzie po jej my\u015bli. Dziewczyna bardzo zawodzi si\u0119 na przyjaci\u00f3\u0142ce, obok na krze\u015ble nie siada nikt, kuzyn &hellip;<\/p>\n","protected":false},"author":2,"featured_media":0,"comment_status":"open","ping_status":"open","sticky":false,"template":"","format":"standard","meta":[],"categories":[2,3,4,1],"tags":[],"_links":{"self":[{"href":"http:\/\/www.swiattoli.pl\/index.php?rest_route=\/wp\/v2\/posts\/54"}],"collection":[{"href":"http:\/\/www.swiattoli.pl\/index.php?rest_route=\/wp\/v2\/posts"}],"about":[{"href":"http:\/\/www.swiattoli.pl\/index.php?rest_route=\/wp\/v2\/types\/post"}],"author":[{"embeddable":true,"href":"http:\/\/www.swiattoli.pl\/index.php?rest_route=\/wp\/v2\/users\/2"}],"replies":[{"embeddable":true,"href":"http:\/\/www.swiattoli.pl\/index.php?rest_route=%2Fwp%2Fv2%2Fcomments&post=54"}],"version-history":[{"count":1,"href":"http:\/\/www.swiattoli.pl\/index.php?rest_route=\/wp\/v2\/posts\/54\/revisions"}],"predecessor-version":[{"id":4481,"href":"http:\/\/www.swiattoli.pl\/index.php?rest_route=\/wp\/v2\/posts\/54\/revisions\/4481"}],"wp:attachment":[{"href":"http:\/\/www.swiattoli.pl\/index.php?rest_route=%2Fwp%2Fv2%2Fmedia&parent=54"}],"wp:term":[{"taxonomy":"category","embeddable":true,"href":"http:\/\/www.swiattoli.pl\/index.php?rest_route=%2Fwp%2Fv2%2Fcategories&post=54"},{"taxonomy":"post_tag","embeddable":true,"href":"http:\/\/www.swiattoli.pl\/index.php?rest_route=%2Fwp%2Fv2%2Ftags&post=54"}],"curies":[{"name":"wp","href":"https:\/\/api.w.org\/{rel}","templated":true}]}}