{"id":5253,"date":"2020-04-01T19:24:12","date_gmt":"2020-04-01T19:24:12","guid":{"rendered":"http:\/\/www.swiattoli.pl\/?p=5253"},"modified":"2020-04-01T19:25:32","modified_gmt":"2020-04-01T19:25:32","slug":"lista-schindlera-prawdziwa-historia","status":"publish","type":"post","link":"http:\/\/www.swiattoli.pl\/?p=5253","title":{"rendered":"Lista Schindlera, prawdziwa historia"},"content":{"rendered":"<p style=\"text-align: justify;\"><span style=\"font-size: 20px;\">Temat wojny, oboz\u00f3w, cierpienia jest bardzo trudny. Boj\u0119 si\u0119 czyta\u0107 takich ksi\u0105\u017cek, bo \u017cal i wsp\u00f3\u0142czucie, a jednocze\u015bnie bezradno\u015b\u0107 sprawiaj\u0105, \u017ce cierpi\u0119 wewn\u0119trznie. Jak ludzie mogli zgotowa\u0107 taki los innym. Jak mo\u017cna kara\u0107 i zadawa\u0107 cierpienie innemu cz\u0142owiekowi za to, \u017ce istnieje, \u017ce urodzi\u0142 si\u0119 tym, kim urodzi\u0142. Nie czuj\u0119 strachu przed tym, \u017ce mo\u017ce mnie to kiedy\u015b spotka\u0107, tylko \u017ca\u0142o\u015b\u0107. Jak tak mo\u017cna?!<\/span><\/p>\n<p style=\"text-align: justify;\"><img loading=\"lazy\" class=\"aligncenter wp-image-5254 size-full\" src=\"http:\/\/www.swiattoli.pl\/wp-content\/uploads\/2020\/04\/91801005_2882366925178392_6113172448708919296_n.jpg\" alt=\"\" width=\"360\" height=\"480\" srcset=\"http:\/\/www.swiattoli.pl\/wp-content\/uploads\/2020\/04\/91801005_2882366925178392_6113172448708919296_n.jpg 360w, http:\/\/www.swiattoli.pl\/wp-content\/uploads\/2020\/04\/91801005_2882366925178392_6113172448708919296_n-225x300.jpg 225w\" sizes=\"(max-width: 360px) 100vw, 360px\" \/><\/p>\n<p style=\"text-align: justify;\"><span style=\"font-size: 20px;\">\u201eLista Schindlera\u201d pami\u0119tam ten film, by\u0142y to dawne czasy, chodzi\u0142am bodaj\u017ce do liceum. Du\u017co si\u0119 o nim m\u00f3wi\u0142o. To by\u0142 film z rozmachem. Ogl\u0105da\u0142am go r\u00f3wnie\u017c i ja. Pami\u0119tam, \u017ce by\u0142o to g\u0142\u0119bokie prze\u017cycie.<\/span><\/p>\n<p style=\"text-align: justify;\"><span style=\"font-size: 20px;\">Z ogromn\u0105 ch\u0119ci\u0105 wr\u00f3ci\u0142am do tej historii za spraw\u0105 Wydawnictwa Albatros. To opowie\u015b\u0107 o\u00a0 Oskarze Schindler, kt\u00f3ry jest niemieckim przedsi\u0119biorc\u0105, szukaj\u0105cym zysku na terenie Polski inwazji niemieckiej. Za niewielk\u0105 kwot\u0119 przej\u0105\u0142 Pierwsz\u0105 Ma\u0142opolsk\u0105 Fabryk\u0119 Naczy\u0144 Emaliowanych i Wyrob\u00f3w Blaszanych \u201eRekord\u201d w Krakowie w Podg\u00f3rzu, kt\u00f3r\u0105 przemianowa\u0142 na: Niemieck\u0105 Fabryk\u0119 Wyrob\u00f3w Emaliowanych (DEF). W miejscu tym pracowa\u0142o w warunkach ur\u0105gaj\u0105cych cz\u0142owiekowi \u017cydowscy robotnicy, kt\u00f3rzy znale\u017ali z czasem u niech ochron\u0119 przed systemem. <\/span><\/p>\n<p style=\"text-align: justify;\"><span style=\"font-size: 20px;\">Ksi\u0105\u017cka zosta\u0142a napisana na podstawie rozm\u00f3w przeprowadzonych przez Thomasa Keneally z pi\u0119\u0107dziesi\u0119cioma by\u0142ymi wi\u0119\u017aniami Oskara Schindlera. To historia oparta na prawdzie, rzeczywistych wydarzeniach. Jest sprawozdaniem.<\/span><\/p>\n<p style=\"text-align: justify;\"><span style=\"font-size: 20px;\">Schindler nie jest ukazany jako idea\u0142. To by\u0142 cz\u0142owiek d\u0105\u017c\u0105cy do zysk\u00f3w, kt\u00f3ry nie stroni\u0142 od przekupstwa, lubi\u0142 wypi\u0107, kobiety, z ka\u017cdym potrafi\u0142 doj\u015b\u0107 do porozumienia. Pocz\u0105tkowo los \u017byd\u00f3w by\u0142 mu ca\u0142kowicie oboj\u0119tny.<\/span><\/p>\n<p style=\"text-align: justify;\"><span style=\"font-size: 20px;\">W ksi\u0105\u017cce pojawia\u00a0 si\u0119 posta\u0107 Amona G\u00f6th, bardzo przypominaj\u0105cego Oskara. By\u0142 on komendantem obozu koncentracyjnego w P\u0142aszowie i likwidatorem gett \u017cydowskich w Krakowie i Tarnowie.<\/span><\/p>\n<p style=\"text-align: justify;\"><span style=\"font-size: 20px;\">Te dwie postaci spotykaj\u0105 si\u0119 w tym samym czasie, w tym samym miejscu. S\u0105 podobnej postury i wyznaj\u0105 te same pogl\u0105dy, maj\u0105 te same mo\u017cliwo\u015bci. Autor opisuje dzia\u0142ania komendanta i wielu innych, kt\u00f3re wywo\u0142uj\u0105 uczucie b\u00f3lu, niedowierzania.<\/span><\/p>\n<p style=\"text-align: justify;\"><span style=\"font-size: 20px;\">Lista Schindlera to opowie\u015b\u0107 o prawdzie, o odnajdywaniu w sobie cz\u0142owiecze\u0144stwa, o empatii, wsp\u00f3\u0142czuciu, zrozumieniu, o bohaterstwie w czasie kompletnie nieludzkim. O sprzeciwianiu si\u0119 wi\u0119kszo\u015bci, pomimo odczuwania ogromnego strachu. Po prostu o byciu cz\u0142owiekiem.<\/span><\/p>\n<p><img loading=\"lazy\" class=\"aligncenter wp-image-5255 \" src=\"http:\/\/www.swiattoli.pl\/wp-content\/uploads\/2020\/04\/wydawnictwo-albatros-logo-retina-1.jpg\" alt=\"\" width=\"361\" height=\"91\" srcset=\"http:\/\/www.swiattoli.pl\/wp-content\/uploads\/2020\/04\/wydawnictwo-albatros-logo-retina-1.jpg 650w, http:\/\/www.swiattoli.pl\/wp-content\/uploads\/2020\/04\/wydawnictwo-albatros-logo-retina-1-300x76.jpg 300w\" sizes=\"(max-width: 361px) 100vw, 361px\" \/><\/p>\n<p style=\"text-align: center;\"><span style=\"font-size: 24px;\"><strong><a href=\"https:\/\/www.wydawnictwoalbatros.com\/ksiazki\/lista-schindlera\/\">Tutaj kupisz<\/a><\/strong><\/span><\/p>\n","protected":false},"excerpt":{"rendered":"<p>Temat wojny, oboz\u00f3w, cierpienia jest bardzo trudny. Boj\u0119 si\u0119 czyta\u0107 takich ksi\u0105\u017cek, bo \u017cal i wsp\u00f3\u0142czucie, a jednocze\u015bnie bezradno\u015b\u0107 sprawiaj\u0105, \u017ce cierpi\u0119 wewn\u0119trznie. Jak ludzie mogli zgotowa\u0107 taki los innym. Jak mo\u017cna kara\u0107 i zadawa\u0107 cierpienie innemu cz\u0142owiekowi za to, \u017ce istnieje, \u017ce urodzi\u0142 si\u0119 tym, kim urodzi\u0142. Nie czuj\u0119 strachu przed tym, \u017ce mo\u017ce &hellip;<\/p>\n","protected":false},"author":1,"featured_media":5254,"comment_status":"open","ping_status":"open","sticky":false,"template":"","format":"standard","meta":[],"categories":[2,3,4],"tags":[174,177,173,171,172,175,44,176],"_links":{"self":[{"href":"http:\/\/www.swiattoli.pl\/index.php?rest_route=\/wp\/v2\/posts\/5253"}],"collection":[{"href":"http:\/\/www.swiattoli.pl\/index.php?rest_route=\/wp\/v2\/posts"}],"about":[{"href":"http:\/\/www.swiattoli.pl\/index.php?rest_route=\/wp\/v2\/types\/post"}],"author":[{"embeddable":true,"href":"http:\/\/www.swiattoli.pl\/index.php?rest_route=\/wp\/v2\/users\/1"}],"replies":[{"embeddable":true,"href":"http:\/\/www.swiattoli.pl\/index.php?rest_route=%2Fwp%2Fv2%2Fcomments&post=5253"}],"version-history":[{"count":3,"href":"http:\/\/www.swiattoli.pl\/index.php?rest_route=\/wp\/v2\/posts\/5253\/revisions"}],"predecessor-version":[{"id":5258,"href":"http:\/\/www.swiattoli.pl\/index.php?rest_route=\/wp\/v2\/posts\/5253\/revisions\/5258"}],"wp:featuredmedia":[{"embeddable":true,"href":"http:\/\/www.swiattoli.pl\/index.php?rest_route=\/wp\/v2\/media\/5254"}],"wp:attachment":[{"href":"http:\/\/www.swiattoli.pl\/index.php?rest_route=%2Fwp%2Fv2%2Fmedia&parent=5253"}],"wp:term":[{"taxonomy":"category","embeddable":true,"href":"http:\/\/www.swiattoli.pl\/index.php?rest_route=%2Fwp%2Fv2%2Fcategories&post=5253"},{"taxonomy":"post_tag","embeddable":true,"href":"http:\/\/www.swiattoli.pl\/index.php?rest_route=%2Fwp%2Fv2%2Ftags&post=5253"}],"curies":[{"name":"wp","href":"https:\/\/api.w.org\/{rel}","templated":true}]}}