{"id":489,"date":"2017-04-26T14:56:00","date_gmt":"2017-04-26T14:56:00","guid":{"rendered":"http:\/\/www.swiattoli.pl\/?p=489"},"modified":"2020-02-07T12:33:25","modified_gmt":"2020-02-07T12:33:25","slug":"niejadek-czyli-co-zrobic-gdy-dziecko","status":"publish","type":"post","link":"http:\/\/www.swiattoli.pl\/?p=489","title":{"rendered":"Niejadek, czyli co zrobi\u0107, gdy dziecko nie chce je\u015b\u0107"},"content":{"rendered":"<div class=\"MsoNormal\" style=\"line-height: 150%; text-align: justify;\">\n<span style=\"font-size: 14.0pt; line-height: 150%;\">Moje dzieci to niejadki, kto\u015b by<br \/>\npowiedzia\u0142, \u017ce s\u0105 wybredni ale rodzicowi, kt\u00f3ry boryka si\u0119 z tym problemem, nie<br \/>\nb\u0119dzie wcale do \u015bmiechu. W g\u0142ow\u0119 zachodz\u0119, co jest powodem, przyczyn\u0105 takiej<br \/>\nniech\u0119ci do pokarm\u00f3w w\u015br\u00f3d mich dzieci. A niech\u0119\u0107 jest g\u0142\u00f3wnie skierowana do<br \/>\nposi\u0142k\u00f3w obiadowych, szczeg\u00f3lnie przewidzianych dla dzieci. Serki homogenizowane<br \/>\ni typu Monte wchodz\u0105 jak z\u0142oto. Mo\u017cna by powiedzie\u0107 wi\u0119c, \u017ce dzieci jedz\u0105,<br \/>\ntylko na samych mlecznych produktach, d\u0142ugo nie poci\u0105gn\u0105. Staram si\u0119 w ci\u0105gu<br \/>\ndnia podtyka\u0107, podstawia\u0107 i ustawia\u0107 r\u00f3\u017cno\u015bci z r\u00f3\u017cnym efektem. <\/span><\/div>\n<div class=\"MsoNormal\" style=\"line-height: 150%; text-align: justify;\">\n<\/div>\n<div class=\"MsoNormal\" style=\"line-height: 150%; text-align: justify;\">\n<span style=\"font-size: 14.0pt; line-height: 150%;\">Kiedy\u015b zastanowi\u0142am si\u0119 czy moje<br \/>\ndzieci faktycznie zjadaj\u0105 tak ma\u0142o w ci\u0105gu dnia. Trzeba prze\u015bledzi\u0107 co dziecko<br \/>\nzjada\u0142o, dobrze notowa\u0107 ka\u017cdy nawet k\u0119s i mo\u017ce si\u0119 okaza\u0107, \u017ce tak naprawd\u0119 nie<br \/>\nma tego tak ma\u0142o, pozostaje tylko kwestia tego, co jest zjadane. W moim<br \/>\nprzypadku nie by\u0142oby \u017ale, tylko ma\u0142o r\u00f3\u017cnorodnie.<\/span><\/div>\n<div class=\"MsoNormal\" style=\"line-height: 150%; text-align: justify;\">\n<\/div>\n<div class=\"MsoNormal\" style=\"line-height: 150%; text-align: justify;\">\n<span style=\"font-size: 14.0pt; line-height: 150%;\">Kolejna sprawa to przyk\u0142ad. Winni\u015bmy \u015bwieci\u0107<br \/>\ndzieciom przyk\u0142adem na ka\u017cdym kroku, r\u00f3wnie\u017c podczas jedzenia. Je\u017celi dziecko<br \/>\nwidzi, \u017ce zajadamy si\u0119 s\u0142odyczami, a jemu ka\u017cemy zjada\u0107 warzywka, to trudno si\u0119<br \/>\nspodziewa\u0107, \u017ce dziecko rzuci si\u0119 na marchewk\u0119 jak kr\u00f3lik. Dlatego te\u017c u nas<br \/>\nudaje si\u0119 czasem przemyci\u0107 mi\u0119so, kt\u00f3re pochodzi z naszego talerza. <\/span><\/div>\n<div class=\"MsoNormal\" style=\"line-height: 150%; text-align: justify;\">\n<\/div>\n<div class=\"MsoNormal\" style=\"line-height: 150%; text-align: justify;\">\n<span style=\"font-size: 14.0pt; line-height: 150%;\">Dziecko karmione \u0142y\u017ck\u0105 musi rzu\u0107 i<br \/>\npo\u0142yka\u0107 w tempie podawania, nale\u017cy wi\u0119c nie przesadza\u0107 i da\u0107 dziecku mo\u017cliwo\u015b\u0107<br \/>\npodelektowania si\u0119 smakiem. Cz\u0119sto dzieci chc\u0105 by\u0107 bardziej samodzielne i to,<br \/>\nczego nie chce zje\u015b\u0107, gdy mu podamy, w\u0142asnor\u0119cznie zje ze smakiem. Jeden z syn\u00f3w<br \/>\nch\u0119tnie samodzielnie pr\u00f3buje nowo\u015bci.<\/span><\/div>\n<div class=\"MsoNormal\" style=\"line-height: 150%; text-align: justify;\">\n<\/div>\n<div class=\"MsoNormal\" style=\"line-height: 150%; text-align: justify;\">\n<span style=\"font-size: 14.0pt; line-height: 150%;\">Czasem powodem niech\u0119ci do jedzenie<br \/>\nnie jest sam smak po\u017cywienia ale jego rozmiary \u2013 zbyt du\u017ce kawa\u0142ki, o\u015bci,<br \/>\nchrz\u0105stki, sk\u00f3rki itp., kt\u00f3re wywo\u0142uj\u0105 niemal\u017ce odruch wymiotny. Po prostu<br \/>\nsprawd\u017amy namacalnie, co jest powodem zwrotu pokarmu. Jeden z syn\u00f3w za ka\u017cdym<br \/>\nrazem, gdy ma podany zbyt du\u017cy k\u0119s zawsze ca\u0142o\u015b\u0107 wypluje, nawet, gdy lubi to,<br \/>\nco je.<\/span><\/div>\n<div class=\"MsoNormal\" style=\"line-height: 150%; text-align: justify;\">\n<\/div>\n<div class=\"MsoNormal\" style=\"line-height: 150%; text-align: justify;\">\n<span style=\"font-size: 14.0pt; line-height: 150%;\">Nie zapominajmy, \u017ce woda ale i soczki<br \/>\nwype\u0142niaj\u0105 \u017co\u0142\u0105dek i powoduj\u0105 uczucie syto\u015bci. Po wypiciu butelki soczku<br \/>\ndziecko nie b\u0119dzie g\u0142odne i z apetytem nie rzuci si\u0119 na obiad. Moje dzieci<br \/>\nuwielbiaj\u0105 pi\u0107 wod\u0119, jak za\u0142api\u0105 faz\u0119 to pij\u0105 i pij\u0105.<\/span><\/div>\n<div class=\"MsoNormal\" style=\"line-height: 150%; text-align: justify;\">\n<\/div>\n<p><\/p>\n<div class=\"MsoNormal\" style=\"line-height: 150%; text-align: justify;\">\n<span style=\"font-size: 14.0pt; line-height: 150%;\">Nie zapominajmy o ha\u015ble \u201eje\u015b\u0107 oczami\u201d.<br \/>\nPosi\u0142ki podane atrakcyjnie ch\u0119tniej b\u0119d\u0105 zjedzone, ni\u017c na\u0142o\u017cona na talerz<br \/>\nbreja. Moje dzieci lubi\u0105 kontrolowa\u0107 to, co zjadaj\u0105, obserwuj\u0105, ogl\u0105daj\u0105,<br \/>\nniemal\u017ce czytaj\u0105 sk\u0142ady, gdy co\u015b jest w s\u0142oiczku.<\/span><\/div>\n<div class=\"MsoNormal\" style=\"line-height: 150%; text-align: justify;\">\n<span style=\"font-size: 14.0pt; line-height: 150%;\"><br \/><\/span><\/div>\n<div class=\"separator\" style=\"clear: both; text-align: center;\">\n<\/div>\n<div class=\"separator\" style=\"clear: both; text-align: center;\">\n<\/div>\n<div class=\"separator\" style=\"clear: both; text-align: center;\">\n<\/div>\n<div class=\"separator\" style=\"clear: both; text-align: center;\">\n<a href=\"http:\/\/www.swiattoli.pl\/wp-content\/uploads\/2017\/04\/IMAG5034-582x1024.jpg\" imageanchor=\"1\" style=\"margin-left: 1em; margin-right: 1em;\"><img loading=\"lazy\" border=\"0\" height=\"640\" src=\"http:\/\/www.swiattoli.pl\/wp-content\/uploads\/2017\/04\/IMAG5034-582x1024.jpg\" width=\"362\" \/><\/a><\/div>\n","protected":false},"excerpt":{"rendered":"<p>Moje dzieci to niejadki, kto\u015b by powiedzia\u0142, \u017ce s\u0105 wybredni ale rodzicowi, kt\u00f3ry boryka si\u0119 z tym problemem, nie b\u0119dzie wcale do \u015bmiechu. W g\u0142ow\u0119 zachodz\u0119, co jest powodem, przyczyn\u0105 takiej niech\u0119ci do pokarm\u00f3w w\u015br\u00f3d mich dzieci. A niech\u0119\u0107 jest g\u0142\u00f3wnie skierowana do posi\u0142k\u00f3w obiadowych, szczeg\u00f3lnie przewidzianych dla dzieci. Serki homogenizowane i typu Monte wchodz\u0105 &hellip;<\/p>\n","protected":false},"author":2,"featured_media":0,"comment_status":"open","ping_status":"open","sticky":false,"template":"","format":"standard","meta":[],"categories":[2,9,1],"tags":[],"_links":{"self":[{"href":"http:\/\/www.swiattoli.pl\/index.php?rest_route=\/wp\/v2\/posts\/489"}],"collection":[{"href":"http:\/\/www.swiattoli.pl\/index.php?rest_route=\/wp\/v2\/posts"}],"about":[{"href":"http:\/\/www.swiattoli.pl\/index.php?rest_route=\/wp\/v2\/types\/post"}],"author":[{"embeddable":true,"href":"http:\/\/www.swiattoli.pl\/index.php?rest_route=\/wp\/v2\/users\/2"}],"replies":[{"embeddable":true,"href":"http:\/\/www.swiattoli.pl\/index.php?rest_route=%2Fwp%2Fv2%2Fcomments&post=489"}],"version-history":[{"count":1,"href":"http:\/\/www.swiattoli.pl\/index.php?rest_route=\/wp\/v2\/posts\/489\/revisions"}],"predecessor-version":[{"id":1939,"href":"http:\/\/www.swiattoli.pl\/index.php?rest_route=\/wp\/v2\/posts\/489\/revisions\/1939"}],"wp:attachment":[{"href":"http:\/\/www.swiattoli.pl\/index.php?rest_route=%2Fwp%2Fv2%2Fmedia&parent=489"}],"wp:term":[{"taxonomy":"category","embeddable":true,"href":"http:\/\/www.swiattoli.pl\/index.php?rest_route=%2Fwp%2Fv2%2Fcategories&post=489"},{"taxonomy":"post_tag","embeddable":true,"href":"http:\/\/www.swiattoli.pl\/index.php?rest_route=%2Fwp%2Fv2%2Ftags&post=489"}],"curies":[{"name":"wp","href":"https:\/\/api.w.org\/{rel}","templated":true}]}}