{"id":488,"date":"2017-04-27T07:00:00","date_gmt":"2017-04-27T07:00:00","guid":{"rendered":"http:\/\/www.swiattoli.pl\/?p=488"},"modified":"2020-02-07T12:33:25","modified_gmt":"2020-02-07T12:33:25","slug":"mam-19-lat-i-jestem-w-ciazy-jeste","status":"publish","type":"post","link":"http:\/\/www.swiattoli.pl\/?p=488","title":{"rendered":"Mam 19 lat i jestem w ci\u0105\u017cy, jestem nastolatk\u0105 i jestem w ci\u0105\u017cy, jestem w ci\u0105\u017cy"},"content":{"rendered":"<div class=\"MsoNormal\" style=\"line-height: 150%; text-align: justify;\">\n<span style=\"font-size: 14.0pt; line-height: 150%;\">Jak sam tytu\u0142 wskazuje mowa tu o<br \/>\nnastolatkach, kt\u00f3re zasz\u0142y w ci\u0105\u017c\u0119, najprawdopodobniej nieplanowan\u0105. Dziewczyny,<br \/>\nto do Was. Nie by\u0142am w takiej sytuacji, nie wiem, co czujecie, jak si\u0119 boicie,<br \/>\nnie znam Waszych sytuacji \u017cyciowych ale wiem jedno, ci\u0105\u017ca, dziecko, to nie<br \/>\nkoniec \u015bwiata. Mo\u017ce by\u0107 ci\u0119\u017cko, nawet bardzo ci\u0119\u017cko ale dacie rad\u0119. <\/span><\/div>\n<div class=\"MsoNormal\" style=\"line-height: 150%; text-align: justify;\">\n<\/div>\n<div class=\"MsoNormal\" style=\"line-height: 150%; text-align: justify;\">\n<b><span style=\"font-size: 14.0pt; line-height: 150%;\">Sytuacja pierwsza:<\/span><\/b><\/div>\n<div class=\"MsoNormal\" style=\"line-height: 150%; text-align: justify;\">\n<span style=\"font-size: 14.0pt; line-height: 150%;\">Oddajesz dziecko zaraz po porodzie,<br \/>\newentualnie zostawiasz w oknie \u017cycia. Nie ponosisz w zwi\u0105zku z tym \u017cadnych<br \/>\nkonsekwencji, a jaka\u015b rodzina jest przeszcz\u0119\u015bliwa.<\/span><\/div>\n<div class=\"MsoNormal\" style=\"line-height: 150%; text-align: justify;\">\n<\/div>\n<div class=\"MsoNormal\" style=\"line-height: 150%; text-align: justify;\">\n<b><span style=\"font-size: 14.0pt; line-height: 150%;\">Sytuacja druga:<\/span><\/b><\/div>\n<div class=\"MsoNormal\" style=\"line-height: 150%; text-align: justify;\">\n<span style=\"font-size: 14.0pt; line-height: 150%;\">Rodzisz dziecko i wychowujesz. Z czasem<br \/>\nTwoje \u017cycie si\u0119 normuje, a po latach jeste\u015b zadowolona, \u017ce tak si\u0119 sta\u0142o.<\/span><\/div>\n<div class=\"MsoNormal\" style=\"line-height: 150%; text-align: justify;\">\n<\/div>\n<div class=\"MsoNormal\" style=\"line-height: 150%; text-align: justify;\">\n<span style=\"font-size: 14.0pt; line-height: 150%;\">\u017bycz\u0119 wszystkim tej drugiej sytuacji,<br \/>\nprzy czym nie krytykuje, je\u017celi kto\u015b zdecyduje si\u0119 post\u0105pi\u0107 tak, jak w<br \/>\npierwszym przypadku. <\/span><\/div>\n<div class=\"MsoNormal\" style=\"line-height: 150%; text-align: justify;\">\n<\/div>\n<div class=\"MsoNormal\" style=\"line-height: 150%; text-align: justify;\">\n<span style=\"font-size: 14.0pt; line-height: 150%;\">Napisz\u0119 teraz troch\u0119 o sobie. W ci\u0105\u017c\u0119<br \/>\nzasz\u0142am p\u00f3\u017ano, nawet bardzo p\u00f3\u017ano i \u017ca\u0142uj\u0119, \u017ce nie zdecydowa\u0142am si\u0119 wcze\u015bniej. Z<br \/>\nperspektywy czasu, gdy mia\u0142abym do wyboru bardzo m\u0142odo zosta\u0107 matk\u0105, a teraz, zdecydowa\u0142abym<br \/>\nsi\u0119 na bardzo m\u0142odo. Nigdy nie jest pro\u015bciej, \u0142atwiej, ka\u017cdy wiek ma swoje<br \/>\nplusy i minusy ale im p\u00f3\u017aniej tym po pierwsze: organizm nie jest tak silny, a<br \/>\npo drugie: nie ma ju\u017c tyle si\u0142 i energii, a co najwa\u017cniejsze, przynajmniej ja<br \/>\ntak mam, zastanawiam si\u0119, jak d\u0142ugo b\u0119d\u0119 w stanie pomaga\u0107 swoim dzieciom. Rodz\u0105<br \/>\nsi\u0119 te\u017c pytania, czy zobacz\u0119 w\u0142asne wnuki, szczeg\u00f3lnie, gdy moi ch\u0142opcy p\u00f3jd\u0105 w<br \/>\nmoje \u015blady? Oj, gdybym mog\u0142a, to bez wahania zosta\u0142abym m\u0142od\u0105 matk\u0105. Wiem,<br \/>\nczasem dziewczyny pozostawione s\u0105 same sobie, nie jest kolorowo, ale je\u017celi si\u0119<br \/>\nchce to poradzi si\u0119 ze wszystkim. Kobiety s\u0105 silne, odwa\u017cne. W najbardziej trudnej<br \/>\nsytuacji s\u0105 dziewczyny, kt\u00f3re nie maj\u0105 wsparcia w rodzinie, je\u017celi tak jest to<br \/>\nposzukajcie go gdzieindziej, s\u0105 stowarzyszenia, fundacje, nie wstyd\u017acie si\u0119, to<br \/>\nchodzi o Was i Wasze dziecko. Z czasem wszystko stanie si\u0119 prostsze, a po<br \/>\nlatach te trudne chwile b\u0119d\u0105 tylko wspomnieniem. Wierz\u0119 w Was, dacie rad\u0119! <\/span><\/div>\n<div class=\"MsoNormal\" style=\"line-height: 150%; text-align: justify;\">\n<\/div>\n<p><\/p>\n<div class=\"MsoNormal\" style=\"line-height: 150%; text-align: justify;\">\n<span style=\"font-size: 14.0pt; line-height: 150%;\">Je\u017celi chcecie pogada\u0107 to piszcie na<br \/>\nbloga, na facebooku, porozmawiam, mo\u017ce co\u015b podpowiem albo chocia\u017c pociesz\u0119.<br \/>\nTrzymajcie si\u0119.<\/span><\/div>\n","protected":false},"excerpt":{"rendered":"<p>Jak sam tytu\u0142 wskazuje mowa tu o nastolatkach, kt\u00f3re zasz\u0142y w ci\u0105\u017c\u0119, najprawdopodobniej nieplanowan\u0105. Dziewczyny, to do Was. Nie by\u0142am w takiej sytuacji, nie wiem, co czujecie, jak si\u0119 boicie, nie znam Waszych sytuacji \u017cyciowych ale wiem jedno, ci\u0105\u017ca, dziecko, to nie koniec \u015bwiata. Mo\u017ce by\u0107 ci\u0119\u017cko, nawet bardzo ci\u0119\u017cko ale dacie rad\u0119. Sytuacja pierwsza: &hellip;<\/p>\n","protected":false},"author":2,"featured_media":0,"comment_status":"open","ping_status":"open","sticky":false,"template":"","format":"standard","meta":[],"categories":[8,2,1],"tags":[],"_links":{"self":[{"href":"http:\/\/www.swiattoli.pl\/index.php?rest_route=\/wp\/v2\/posts\/488"}],"collection":[{"href":"http:\/\/www.swiattoli.pl\/index.php?rest_route=\/wp\/v2\/posts"}],"about":[{"href":"http:\/\/www.swiattoli.pl\/index.php?rest_route=\/wp\/v2\/types\/post"}],"author":[{"embeddable":true,"href":"http:\/\/www.swiattoli.pl\/index.php?rest_route=\/wp\/v2\/users\/2"}],"replies":[{"embeddable":true,"href":"http:\/\/www.swiattoli.pl\/index.php?rest_route=%2Fwp%2Fv2%2Fcomments&post=488"}],"version-history":[{"count":1,"href":"http:\/\/www.swiattoli.pl\/index.php?rest_route=\/wp\/v2\/posts\/488\/revisions"}],"predecessor-version":[{"id":1940,"href":"http:\/\/www.swiattoli.pl\/index.php?rest_route=\/wp\/v2\/posts\/488\/revisions\/1940"}],"wp:attachment":[{"href":"http:\/\/www.swiattoli.pl\/index.php?rest_route=%2Fwp%2Fv2%2Fmedia&parent=488"}],"wp:term":[{"taxonomy":"category","embeddable":true,"href":"http:\/\/www.swiattoli.pl\/index.php?rest_route=%2Fwp%2Fv2%2Fcategories&post=488"},{"taxonomy":"post_tag","embeddable":true,"href":"http:\/\/www.swiattoli.pl\/index.php?rest_route=%2Fwp%2Fv2%2Ftags&post=488"}],"curies":[{"name":"wp","href":"https:\/\/api.w.org\/{rel}","templated":true}]}}