{"id":451,"date":"2017-06-08T07:00:00","date_gmt":"2017-06-08T07:00:00","guid":{"rendered":"http:\/\/www.swiattoli.pl\/?p=451"},"modified":"2020-02-07T12:33:57","modified_gmt":"2020-02-07T12:33:57","slug":"jakie-imie-wybrac-dla-dziecka","status":"publish","type":"post","link":"http:\/\/www.swiattoli.pl\/?p=451","title":{"rendered":"Jakie imi\u0119 wybra\u0107 dla dziecka"},"content":{"rendered":"<div class=\"MsoNormal\" style=\"line-height: 150%; text-align: justify;\">\n<span style=\"font-size: 14.0pt; line-height: 150%;\">Nie raz stykam si\u0119 na r\u00f3\u017cnych forach<br \/>\nz pytaniem \u201eJakie wybra\u0107 imi\u0119 dla dziecka?\u201d. Niekt\u00f3rzy id\u0105 z mod\u0105, inni daj\u0105<br \/>\nimiona po rodzicach i dziadkach, jeszcze inni od lat mieli \u201eupatrzone\u201d imiona i<br \/>\nte w\u0142a\u015bnie nadali. W tym wszystkim jest metoda, wa\u017cne \u017ceby nie da\u0107 si\u0119<br \/>\nzwariowa\u0107 i nie nadawa\u0107 imion b\u0119d\u0105cego na topie z serialu. Pami\u0119tam czasy Dynastii<br \/>\nkiedy to by\u0142y nadawane imiona typu Alexis. Mo\u017ce w Ameryce jest ok., ale u nas?<br \/>\nA niewolnica Isaura zebra\u0142a te\u017c swoje \u017cniwa. Takich przyk\u0142ad\u00f3w mo\u017cna by mno\u017cy\u0107.<br \/>\nRobi si\u0119 tym nic innego, jak po prostu krzywd\u0119 dziecku. B\u0119dzie si\u0119 przecie\u017c tym<br \/>\nimieniem pos\u0142ugiwa\u0142o do ko\u0144ca \u017cycia. Je\u015bli w \u015bwiecie doros\u0142ych jako\u015b to<br \/>\nprzejdzie, tak w przedszkolu, czy szkole, mo\u017ce mie\u0107 przez to trudniej,<br \/>\nprzyczynia\u0107 si\u0119 to nawet mo\u017ce do izolacji z grupy r\u00f3wie\u015bniczej.&nbsp; Imiona po prostu trzeba dawa\u0107 z g\u0142ow\u0105 i<br \/>\nzdrowym rozs\u0105dkiem, a jak nie mo\u017cna si\u0119 zdecydowa\u0107 to po prostu zapyta\u0107<br \/>\notoczenia, kt\u00f3re w razie drastycznych przyk\u0142ad\u00f3w, zwr\u00f3ci uwag\u0119 i wyrazi<br \/>\nprotest. <\/span><\/div>\n<div class=\"MsoNormal\" style=\"line-height: 150%; text-align: justify;\">\n<\/div>\n<div class=\"separator\" style=\"clear: both; text-align: center;\">\n<a href=\"http:\/\/www.swiattoli.pl\/wp-content\/uploads\/2017\/06\/imiona.png\" imageanchor=\"1\" style=\"margin-left: 1em; margin-right: 1em;\"><img loading=\"lazy\" border=\"0\" data-original-height=\"183\" data-original-width=\"275\" height=\"265\" src=\"http:\/\/www.swiattoli.pl\/wp-content\/uploads\/2017\/06\/imiona.png\" width=\"400\" \/><\/a><\/div>\n<div class=\"MsoNormal\" style=\"line-height: 150%; text-align: justify;\">\n<span style=\"font-size: 14.0pt; line-height: 150%;\">Ja wybra\u0142am imiona dla moich<br \/>\nch\u0142opak\u00f3w analizuj\u0105c imiennik. Z ca\u0142ej puli pozosta\u0142o mi pi\u0119\u0107, najbardziej<br \/>\nodpowiadaj\u0105cych mi imion i te przedstawi\u0142am m\u0119\u017cowi, a on wybra\u0142 dwa, kt\u00f3re jemy<br \/>\npodoba\u0142y si\u0119 najbardziej. Traf chcia\u0142, \u017ce oba s\u0105 pochodzenia skandynawskiego,<br \/>\nu\u017cywane jednak u nas, mo\u017ce ma\u0142o popularne ale nie s\u0105 dziwaczne. Dzieci na pewno<br \/>\nnie b\u0119d\u0105 mia\u0142y z ich powodu problem\u00f3w z r\u00f3wie\u015bnikami.<\/span><\/div>\n","protected":false},"excerpt":{"rendered":"<p>Nie raz stykam si\u0119 na r\u00f3\u017cnych forach z pytaniem \u201eJakie wybra\u0107 imi\u0119 dla dziecka?\u201d. Niekt\u00f3rzy id\u0105 z mod\u0105, inni daj\u0105 imiona po rodzicach i dziadkach, jeszcze inni od lat mieli \u201eupatrzone\u201d imiona i te w\u0142a\u015bnie nadali. W tym wszystkim jest metoda, wa\u017cne \u017ceby nie da\u0107 si\u0119 zwariowa\u0107 i nie nadawa\u0107 imion b\u0119d\u0105cego na topie z &hellip;<\/p>\n","protected":false},"author":2,"featured_media":0,"comment_status":"open","ping_status":"open","sticky":false,"template":"","format":"standard","meta":[],"categories":[8,2,1],"tags":[],"_links":{"self":[{"href":"http:\/\/www.swiattoli.pl\/index.php?rest_route=\/wp\/v2\/posts\/451"}],"collection":[{"href":"http:\/\/www.swiattoli.pl\/index.php?rest_route=\/wp\/v2\/posts"}],"about":[{"href":"http:\/\/www.swiattoli.pl\/index.php?rest_route=\/wp\/v2\/types\/post"}],"author":[{"embeddable":true,"href":"http:\/\/www.swiattoli.pl\/index.php?rest_route=\/wp\/v2\/users\/2"}],"replies":[{"embeddable":true,"href":"http:\/\/www.swiattoli.pl\/index.php?rest_route=%2Fwp%2Fv2%2Fcomments&post=451"}],"version-history":[{"count":1,"href":"http:\/\/www.swiattoli.pl\/index.php?rest_route=\/wp\/v2\/posts\/451\/revisions"}],"predecessor-version":[{"id":2032,"href":"http:\/\/www.swiattoli.pl\/index.php?rest_route=\/wp\/v2\/posts\/451\/revisions\/2032"}],"wp:attachment":[{"href":"http:\/\/www.swiattoli.pl\/index.php?rest_route=%2Fwp%2Fv2%2Fmedia&parent=451"}],"wp:term":[{"taxonomy":"category","embeddable":true,"href":"http:\/\/www.swiattoli.pl\/index.php?rest_route=%2Fwp%2Fv2%2Fcategories&post=451"},{"taxonomy":"post_tag","embeddable":true,"href":"http:\/\/www.swiattoli.pl\/index.php?rest_route=%2Fwp%2Fv2%2Ftags&post=451"}],"curies":[{"name":"wp","href":"https:\/\/api.w.org\/{rel}","templated":true}]}}