{"id":449,"date":"2017-06-09T15:31:00","date_gmt":"2017-06-09T15:31:00","guid":{"rendered":"http:\/\/www.swiattoli.pl\/?p=449"},"modified":"2020-02-07T12:33:58","modified_gmt":"2020-02-07T12:33:58","slug":"pocenie-gowki-u-niemowlaka-moze-byc","status":"publish","type":"post","link":"http:\/\/www.swiattoli.pl\/?p=449","title":{"rendered":"Pocenie g\u0142\u00f3wki u niemowlaka mo\u017ce by\u0107 wynikiem niedoboru witaminy D"},"content":{"rendered":"<div style=\"background: white; line-height: 150%; margin-bottom: .0001pt; margin: 0cm; text-align: justify;\">\n<span style=\"font-size: 14.0pt; line-height: 150%;\">Chodzi o nadmiern\u0105<br \/>\npotliwo\u015b\u0107 dziecka, g\u0142owy, karku, czy za\u0142ama\u0144 r\u0105k lub n\u00f3g. Przyczyn\u0105 takiego<br \/>\nstanu mo\u017ce by\u0107 niedob\u00f3r witaminy D. jest to, co prawda rzadka przyczyna ale<br \/>\njednak zdarza si\u0119 to, szczeg\u00f3lnie w naszym klimacie i w okresach, gdy jest ma\u0142e<br \/>\nnas\u0142onecznienie. Mo\u017cliwe, \u017ce dzieje si\u0119 tak w nast\u0119pstwie ma\u0142ego wch\u0142aniania witaminy<br \/>\nD, kt\u00f3r\u0105 aplikujemy niemowlakowi. Cz\u0119stym b\u0142\u0119dem jest dodawanie witaminy D do<br \/>\nbutelki z herbatk\u0105. Podana w takiej formie wit. D si\u0119 nie wch\u0142onie, gdy\u017c powinna<br \/>\nby\u0107 bowiem zawsze podawana z mlekiem. Najlepiej jednak aplikowa\u0107 j\u0105<br \/>\nbezpo\u015brednio do buzi dziecka. Nie nale\u017cy samodzielnie podejmowa\u0107 decyzji o<br \/>\nzmianie dawkowania, tylko trzeba skonsultowa\u0107 si\u0119 z lekarzem.<\/span><\/div>\n<div class=\"separator\" style=\"clear: both; text-align: center;\">\n<a href=\"http:\/\/www.swiattoli.pl\/wp-content\/uploads\/2017\/06\/witamina_d.jpg\" imageanchor=\"1\" style=\"margin-left: 1em; margin-right: 1em;\"><img loading=\"lazy\" border=\"0\" data-original-height=\"431\" data-original-width=\"792\" height=\"348\" src=\"http:\/\/www.swiattoli.pl\/wp-content\/uploads\/2017\/06\/witamina_d.jpg\" width=\"640\" \/><\/a><\/div>\n","protected":false},"excerpt":{"rendered":"<p>Chodzi o nadmiern\u0105 potliwo\u015b\u0107 dziecka, g\u0142owy, karku, czy za\u0142ama\u0144 r\u0105k lub n\u00f3g. Przyczyn\u0105 takiego stanu mo\u017ce by\u0107 niedob\u00f3r witaminy D. jest to, co prawda rzadka przyczyna ale jednak zdarza si\u0119 to, szczeg\u00f3lnie w naszym klimacie i w okresach, gdy jest ma\u0142e nas\u0142onecznienie. Mo\u017cliwe, \u017ce dzieje si\u0119 tak w nast\u0119pstwie ma\u0142ego wch\u0142aniania witaminy D, kt\u00f3r\u0105 aplikujemy &hellip;<\/p>\n","protected":false},"author":2,"featured_media":0,"comment_status":"open","ping_status":"open","sticky":false,"template":"","format":"standard","meta":[],"categories":[8,2,1],"tags":[],"_links":{"self":[{"href":"http:\/\/www.swiattoli.pl\/index.php?rest_route=\/wp\/v2\/posts\/449"}],"collection":[{"href":"http:\/\/www.swiattoli.pl\/index.php?rest_route=\/wp\/v2\/posts"}],"about":[{"href":"http:\/\/www.swiattoli.pl\/index.php?rest_route=\/wp\/v2\/types\/post"}],"author":[{"embeddable":true,"href":"http:\/\/www.swiattoli.pl\/index.php?rest_route=\/wp\/v2\/users\/2"}],"replies":[{"embeddable":true,"href":"http:\/\/www.swiattoli.pl\/index.php?rest_route=%2Fwp%2Fv2%2Fcomments&post=449"}],"version-history":[{"count":1,"href":"http:\/\/www.swiattoli.pl\/index.php?rest_route=\/wp\/v2\/posts\/449\/revisions"}],"predecessor-version":[{"id":2036,"href":"http:\/\/www.swiattoli.pl\/index.php?rest_route=\/wp\/v2\/posts\/449\/revisions\/2036"}],"wp:attachment":[{"href":"http:\/\/www.swiattoli.pl\/index.php?rest_route=%2Fwp%2Fv2%2Fmedia&parent=449"}],"wp:term":[{"taxonomy":"category","embeddable":true,"href":"http:\/\/www.swiattoli.pl\/index.php?rest_route=%2Fwp%2Fv2%2Fcategories&post=449"},{"taxonomy":"post_tag","embeddable":true,"href":"http:\/\/www.swiattoli.pl\/index.php?rest_route=%2Fwp%2Fv2%2Ftags&post=449"}],"curies":[{"name":"wp","href":"https:\/\/api.w.org\/{rel}","templated":true}]}}