{"id":415,"date":"2017-07-17T15:26:00","date_gmt":"2017-07-17T15:26:00","guid":{"rendered":"http:\/\/www.swiattoli.pl\/?p=415"},"modified":"2020-02-07T12:34:41","modified_gmt":"2020-02-07T12:34:41","slug":"podstawowe-prawa-kobiet-w-ciazy","status":"publish","type":"post","link":"http:\/\/www.swiattoli.pl\/?p=415","title":{"rendered":"Podstawowe prawa kobiet w ci\u0105\u017cy:"},"content":{"rendered":"<div class=\"MsoNormal\" style=\"line-height: 150%; margin-left: 36.0pt; mso-list: l0 level1 lfo1; tab-stops: list 36.0pt; text-align: justify; text-indent: -18.0pt;\">\n<span style=\"color: #1d2129; font-size: 14.0pt; line-height: 150%;\">1)<span style=\"font-size: 7pt; font-stretch: normal; font-variant-numeric: normal; line-height: normal;\">&nbsp;&nbsp;&nbsp; <\/span><\/span><span style=\"background: white; color: #1d2129; font-size: 14.0pt; line-height: 150%;\">Prawo do<br \/>\nbezp\u0142atnej opieki medycznej w ramach NFZ, nale\u017cne w czasie ci\u0105\u017cy i po\u0142ogu, nawet,<br \/>\nje\u017celi nie jest si\u0119 ubezpieczonym.<\/span><\/div>\n<div class=\"MsoNormal\" style=\"line-height: 150%; margin-left: 36.0pt; mso-list: l0 level1 lfo1; tab-stops: list 36.0pt; text-align: justify; text-indent: -18.0pt;\">\n<span style=\"color: #1d2129; font-size: 14.0pt; line-height: 150%;\">2)<span style=\"font-size: 7pt; font-stretch: normal; font-variant-numeric: normal; line-height: normal;\">&nbsp;&nbsp;&nbsp; <\/span><\/span><span style=\"background: white; color: #1d2129; font-size: 14.0pt; line-height: 150%;\">Prawo do<br \/>\nkorzystania ze \u015bwiadcze\u0144 medycznych poza kolejno\u015bci\u0105.<\/span><\/div>\n<div class=\"MsoNormal\" style=\"line-height: 150%; margin-left: 36.0pt; mso-list: l0 level1 lfo1; tab-stops: list 36.0pt; text-align: justify; text-indent: -18.0pt;\">\n<span style=\"color: #1d2129; font-size: 14.0pt; line-height: 150%;\">3)<span style=\"font-size: 7pt; font-stretch: normal; font-variant-numeric: normal; line-height: normal;\">&nbsp;&nbsp;&nbsp; <\/span><\/span><span style=\"background: white; color: #1d2129; font-size: 14.0pt; line-height: 150%;\">Prawo do<br \/>\nkorzystania z wizyt specjalisty, najp\u00f3\u017aniej 7 dni od daty zg\u0142oszenia si\u0119.<\/span><\/div>\n<p><\/p>\n<div class=\"MsoNormal\" style=\"line-height: 150%; margin-left: 36.0pt; mso-list: l0 level1 lfo1; tab-stops: list 36.0pt; text-align: justify; text-indent: -18.0pt;\">\n<span style=\"font-size: 14.0pt; line-height: 150%;\">4)<span style=\"font-size: 7pt; font-stretch: normal; font-variant-numeric: normal; line-height: normal;\">&nbsp;&nbsp;&nbsp; <\/span><\/span><span style=\"background: white; color: #1d2129; font-size: 14.0pt; line-height: 150%;\">Prawo do<br \/>\nus\u0142ug farmaceutycznych poza kolejno\u015bci\u0105.<\/span><span style=\"font-size: 14.0pt; line-height: 150%;\"><\/span><\/div>\n","protected":false},"excerpt":{"rendered":"<p>1)&nbsp;&nbsp;&nbsp; Prawo do bezp\u0142atnej opieki medycznej w ramach NFZ, nale\u017cne w czasie ci\u0105\u017cy i po\u0142ogu, nawet, je\u017celi nie jest si\u0119 ubezpieczonym. 2)&nbsp;&nbsp;&nbsp; Prawo do korzystania ze \u015bwiadcze\u0144 medycznych poza kolejno\u015bci\u0105. 3)&nbsp;&nbsp;&nbsp; Prawo do korzystania z wizyt specjalisty, najp\u00f3\u017aniej 7 dni od daty zg\u0142oszenia si\u0119. 4)&nbsp;&nbsp;&nbsp; Prawo do us\u0142ug farmaceutycznych poza kolejno\u015bci\u0105.<\/p>\n","protected":false},"author":2,"featured_media":0,"comment_status":"open","ping_status":"open","sticky":false,"template":"","format":"standard","meta":[],"categories":[8,2,15,1],"tags":[],"_links":{"self":[{"href":"http:\/\/www.swiattoli.pl\/index.php?rest_route=\/wp\/v2\/posts\/415"}],"collection":[{"href":"http:\/\/www.swiattoli.pl\/index.php?rest_route=\/wp\/v2\/posts"}],"about":[{"href":"http:\/\/www.swiattoli.pl\/index.php?rest_route=\/wp\/v2\/types\/post"}],"author":[{"embeddable":true,"href":"http:\/\/www.swiattoli.pl\/index.php?rest_route=\/wp\/v2\/users\/2"}],"replies":[{"embeddable":true,"href":"http:\/\/www.swiattoli.pl\/index.php?rest_route=%2Fwp%2Fv2%2Fcomments&post=415"}],"version-history":[{"count":1,"href":"http:\/\/www.swiattoli.pl\/index.php?rest_route=\/wp\/v2\/posts\/415\/revisions"}],"predecessor-version":[{"id":2136,"href":"http:\/\/www.swiattoli.pl\/index.php?rest_route=\/wp\/v2\/posts\/415\/revisions\/2136"}],"wp:attachment":[{"href":"http:\/\/www.swiattoli.pl\/index.php?rest_route=%2Fwp%2Fv2%2Fmedia&parent=415"}],"wp:term":[{"taxonomy":"category","embeddable":true,"href":"http:\/\/www.swiattoli.pl\/index.php?rest_route=%2Fwp%2Fv2%2Fcategories&post=415"},{"taxonomy":"post_tag","embeddable":true,"href":"http:\/\/www.swiattoli.pl\/index.php?rest_route=%2Fwp%2Fv2%2Ftags&post=415"}],"curies":[{"name":"wp","href":"https:\/\/api.w.org\/{rel}","templated":true}]}}