{"id":377,"date":"2017-09-07T06:00:00","date_gmt":"2017-09-07T06:00:00","guid":{"rendered":"http:\/\/www.swiattoli.pl\/?p=377"},"modified":"2020-02-07T12:36:48","modified_gmt":"2020-02-07T12:36:48","slug":"dzieci-sa-coraz-madrzejsze","status":"publish","type":"post","link":"http:\/\/www.swiattoli.pl\/?p=377","title":{"rendered":"Dzieci s\u0105 coraz m\u0105drzejsze"},"content":{"rendered":"<div class=\"MsoNormal\" style=\"line-height: 150%; text-align: justify;\">\n<span style=\"font-size: 14.0pt; line-height: 150%;\">Moje dzieci ostatnio przechodz\u0105 samych<br \/>\nsiebie. Tacy ju\u017c s\u0105 m\u0105drzy. Jeden z syn\u00f3w wzi\u0105\u0142 si\u0119 dzisiaj za odkurzacz i<br \/>\nsprz\u0105ta\u0142. W\u0142\u0105czy\u0142 go i zbiera\u0142 \u015bmieci. Drugi syn by\u0142 taki pomocny, \u017ce jak<br \/>\npierwszy chcia\u0142, aby mu wytrze\u0107 r\u0119ce, ten przyni\u00f3s\u0142 mu wilgotn\u0105 chusteczk\u0119. Drug\u0105<br \/>\nsobie wyj\u0105\u0142 z opakowania i wyciera\u0142 st\u00f3\u0142. Bracia si\u0119 t\u0142uk\u0105 ale s\u0105 za sob\u0105, gdy<br \/>\ndzisiaj D\u017cu-D\u017cu wlaz\u0142 po cukierki, to przyni\u00f3s\u0142 dwa jeden dla siebie, drugi dla<br \/>\nbrata. Dobrze, gdy dziecko ma kontakt z innymi dzie\u0107mi. U mnie to akurat od razu<br \/>\njest ich dw\u00f3ch, wi\u0119c problem z g\u0142owy, ale mimo wszystko uwa\u017cam, \u017ce powinni<br \/>\nr\u00f3wnie\u017c kontaktowa\u0107 si\u0119 z r\u00f3wie\u015bnikami. Od przysz\u0142ego roku planujemy przedszkole.<br \/>\nUwa\u017cam, \u017ce to bardzo dobre dla rozwoju, nauki, socjalizacji i wybawienia si\u0119. Szczerze<br \/>\nm\u00f3wi\u0105c, to ja ju\u017c si\u0119 nie mog\u0119 doczeka\u0107. Oczami duszy widz\u0119 jak \u015bpiewaj\u0105<br \/>\npiosenki, m\u00f3wi\u0105 wierszyki i wyst\u0119puj\u0105 w przedszkolnych przedstawieniach. Oczywi\u015bcie<br \/>\nwszystko b\u0119d\u0119 nagrywa\u0142a dla potomnych i you tuba. Rozumiem, \u017ce niekt\u00f3rzy<br \/>\nrodzice wol\u0105 zostawia\u0107 dzieci w domu, zatrudnia\u0107 opiekunki, lub samodzielnie<br \/>\nzajmowa\u0107 si\u0119 ich opiek\u0105, ale to chyba jest z uszczerbkiem dla dziecka. Przecie\u017c<br \/>\nrodzic nie ma wykszta\u0142cenia pedagogicznego, szczeg\u00f3lnie z zakresu pedagogiki przedszkolnej.<br \/>\nMoi ch\u0142opcy nie chodz\u0105 do \u017c\u0142obka i nie wynika to z jakiej\u015b nadmiernej troski<br \/>\nale po prostu w okolicy nie ma takiej plac\u00f3wki. Ch\u0142opaki jeszcze nie m\u00f3wi\u0105,<br \/>\ngdzie dzieci s\u0105siad\u00f3w, ucz\u0119szczaj\u0105ce do \u017c\u0142obka, nawijaj\u0105 bez problemu. Ju\u017c na<br \/>\ntym etapie wida\u0107, jak dobry wp\u0142yw ma, jak najwcze\u015bniejsza edukacja, nawet ta<br \/>\n\u017c\u0142obkowa.<\/span><\/div>\n<div class=\"separator\" style=\"clear: both; text-align: center;\">\n<a href=\"http:\/\/www.swiattoli.pl\/wp-content\/uploads\/2017\/09\/20108393_10210944588903035_5005556722234957753_n.jpg\" imageanchor=\"1\" style=\"margin-left: 1em; margin-right: 1em;\"><img loading=\"lazy\" border=\"0\" data-original-height=\"960\" data-original-width=\"545\" height=\"640\" src=\"http:\/\/www.swiattoli.pl\/wp-content\/uploads\/2017\/09\/20108393_10210944588903035_5005556722234957753_n.jpg\" width=\"362\" \/><\/a><\/div>\n","protected":false},"excerpt":{"rendered":"<p>Moje dzieci ostatnio przechodz\u0105 samych siebie. Tacy ju\u017c s\u0105 m\u0105drzy. Jeden z syn\u00f3w wzi\u0105\u0142 si\u0119 dzisiaj za odkurzacz i sprz\u0105ta\u0142. W\u0142\u0105czy\u0142 go i zbiera\u0142 \u015bmieci. Drugi syn by\u0142 taki pomocny, \u017ce jak pierwszy chcia\u0142, aby mu wytrze\u0107 r\u0119ce, ten przyni\u00f3s\u0142 mu wilgotn\u0105 chusteczk\u0119. Drug\u0105 sobie wyj\u0105\u0142 z opakowania i wyciera\u0142 st\u00f3\u0142. Bracia si\u0119 t\u0142uk\u0105 ale &hellip;<\/p>\n","protected":false},"author":2,"featured_media":0,"comment_status":"open","ping_status":"open","sticky":false,"template":"","format":"standard","meta":[],"categories":[8,2,1],"tags":[],"_links":{"self":[{"href":"http:\/\/www.swiattoli.pl\/index.php?rest_route=\/wp\/v2\/posts\/377"}],"collection":[{"href":"http:\/\/www.swiattoli.pl\/index.php?rest_route=\/wp\/v2\/posts"}],"about":[{"href":"http:\/\/www.swiattoli.pl\/index.php?rest_route=\/wp\/v2\/types\/post"}],"author":[{"embeddable":true,"href":"http:\/\/www.swiattoli.pl\/index.php?rest_route=\/wp\/v2\/users\/2"}],"replies":[{"embeddable":true,"href":"http:\/\/www.swiattoli.pl\/index.php?rest_route=%2Fwp%2Fv2%2Fcomments&post=377"}],"version-history":[{"count":1,"href":"http:\/\/www.swiattoli.pl\/index.php?rest_route=\/wp\/v2\/posts\/377\/revisions"}],"predecessor-version":[{"id":2327,"href":"http:\/\/www.swiattoli.pl\/index.php?rest_route=\/wp\/v2\/posts\/377\/revisions\/2327"}],"wp:attachment":[{"href":"http:\/\/www.swiattoli.pl\/index.php?rest_route=%2Fwp%2Fv2%2Fmedia&parent=377"}],"wp:term":[{"taxonomy":"category","embeddable":true,"href":"http:\/\/www.swiattoli.pl\/index.php?rest_route=%2Fwp%2Fv2%2Fcategories&post=377"},{"taxonomy":"post_tag","embeddable":true,"href":"http:\/\/www.swiattoli.pl\/index.php?rest_route=%2Fwp%2Fv2%2Ftags&post=377"}],"curies":[{"name":"wp","href":"https:\/\/api.w.org\/{rel}","templated":true}]}}