{"id":373,"date":"2017-09-18T08:43:00","date_gmt":"2017-09-18T08:43:00","guid":{"rendered":"http:\/\/www.swiattoli.pl\/?p=373"},"modified":"2020-02-07T12:37:13","modified_gmt":"2020-02-07T12:37:13","slug":"odebrano-rodzicom-prawa-do-dziecka","status":"publish","type":"post","link":"http:\/\/www.swiattoli.pl\/?p=373","title":{"rendered":"Odebrano rodzicom prawa do dziecka, porwali je, co s\u0105dz\u0119 o zalecanych zabiegach"},"content":{"rendered":"<div class=\"MsoNormal\" style=\"line-height: 150%; text-align: justify;\">\n<span style=\"line-height: 150%;\"><span style=\"font-size: 14pt;\">Ostatnio w mediach g\u0142o\u015bna jest sprawa<br \/>\nporwania dziecka przez rodzic\u00f3w, wcze\u015bniaka, do kt\u00f3rego prawa zosta\u0142y im odebrane<br \/>\nprzez s\u0105d. Rodzice s\u0105 poszukiwani przez policj\u0119, a spo\u0142ecze\u0144stwo podzieli\u0142o si\u0119<br \/>\nna tych, kt\u00f3rzy popieraj\u0105 rodzic\u00f3w i tych, kt\u00f3rzy ich krytykuj\u0105. R\u00f3wnie\u017c i ja<br \/>\npostanowi\u0142am wyrazi\u0107 swoj\u0105 opini\u0119. Gdzie\u015b przeczyta\u0142am tak\u0105 wypowied\u017a i zgadzam<br \/>\nsi\u0119 z ni\u0105, ot\u00f3\u017c szkoda tych rodzic\u00f3w, kt\u00f3rzy dali si\u0119 zmanipulowa\u0107 przez ruchy<br \/>\nantyszczepionkowe i pronaturalne. To na pewno straszne nie mie\u0107 praw do dziecka, na kt\u00f3re si\u0119 tak czeka\u0142o. Nawet sobie nie wyobra\u017cam, \u017ce znajduj\u0119 si\u0119 w takiej sytuacji. Uwa\u017cam jednak, \u017ce zabiegi, jakim chciano podda\u0107<br \/>\nwcze\u015bniaka nie s\u0105 niczym strasznym, nienaturalnym czy niezwyk\u0142ym. Moje dzieci<br \/>\njako wcze\u015bniaki by\u0142y poddawane wszelakim zabiegom i do g\u0142owy mi nie przysz\u0142o<br \/>\nnegowa\u0107 decyzje lekarzy, piel\u0119gniarek czy po\u0142o\u017cnych, za kt\u00f3rymi stoj\u0105 setki lat<br \/>\ndo\u015bwiadczenia, wiedzy, sprz\u0119t medyczny, specyfiki itd. Chcia\u0142am dla dzieci<br \/>\nnajlepiej, a uwa\u017cam, \u017ce post\u0119p medycyny, cywilizacyjny, jest po to, \u017ceby z<br \/>\nniego korzysta\u0107. Dlaczego mam odmawia\u0107 moim dzieciom mo\u017cliwo\u015bci unikni\u0119cia<br \/>\npowik\u0142a\u0144 czy chor\u00f3b? Na pewno zastosowano zabieg Credego, by\u0142y szczepienia,<br \/>\ninkubator, czy lampa podczas \u017c\u00f3\u0142taczki fizjologicznej. Oczu im nie wypali\u0142o,<br \/>\nsk\u00f3ry nie prze\u017car\u0142o, szczepienia, wszelakie mo\u017cliwe, przeszli bez problemu. To<br \/>\nnie tak, \u017ce bior\u0119 wszystko jak leci, ale opieram si\u0119 na wiedzy<br \/>\nspecjalistycznej, ale nie tej internetowej, z for\u00f3w, nie bazuj\u0119 na opiniach<br \/>\nrodzic\u00f3w, nie karmi\u0119 si\u0119 ich l\u0119kami czy uprzedzeniami, bazuj\u0119 na logice i<br \/>\nzdrowym rozs\u0105dku. Sama by\u0142am szczepiona, moja rodzina i najbli\u017csi te\u017c poddawani<br \/>\nbyli tym zabiegom oraz ca\u0142ym szeregu innych, gdy by\u0142y potrzebne. Korzystamy ze<br \/>\ns\u0142u\u017cby zdrowia, z lek\u00f3w i innych dost\u0119pnych specyfik\u00f3w, gdy s\u0105 one potrzebne.<br \/>\nWszyscy \u017cyjemy i mamy si\u0119 dobrze. Oczywi\u015bcie, s\u0105 \u015brodki medyczne, zabiegi,<br \/>\nkt\u00f3re mog\u0105 nie\u015b\u0107 za sob\u0105 jakie\u015b ryzyko powik\u0142a\u0144 ale od tego s\u0105 lekarze, to oni<br \/>\nbadaj\u0105 i decyduj\u0105, na podstawie wywiadu z pacjentem, kt\u00f3ry niczego nie ukrywa i<br \/>\nnie udaje. Uwa\u017cam, \u017ce to jest podstawa, odpowiednie, w\u0142a\u015bciwe i rzeczowe<br \/>\nbadanie poprzedzaj\u0105ce dzia\u0142anie medyczne. Je\u017celi dziecko, kt\u00f3re ma zapalenie ucha,<br \/>\njest szczepione, to nie mo\u017cna p\u00f3\u017aniej zarzuca\u0107 szczepionce, \u017ce ona jest winna<br \/>\nutraty s\u0142uchu, gdy dziecko ma silne alergie i dostaje wstrz\u0105su<br \/>\nanafilaktycznego, nie widz\u0119 nic w tym zaskakuj\u0105cego. Podstawa to odpowiednia<br \/>\ndiagnostyka i m\u00f3wi\u0119 tu, o powa\u017cnych dzia\u0142aniach, nie zakropleniu oczu, czy na\u015bwietlaniu<br \/>\nlamp\u0105. Nie dajmy si\u0119 zwariowa\u0107, my\u015blmy logicznie i post\u0119powo, nie cofajmy si\u0119<br \/>\ndo wiek\u00f3w \u015brednich, bo zaczniemy wierzy\u0107 w czarownice, a leczenie b\u0119dzie<br \/>\nodbywa\u0142o si\u0119 u szaman\u00f3w, kt\u00f3rzy zdecyduj\u0105, co jest dla nas najlepsze, po rozmowie<br \/>\nz duchami.<\/span><\/span><\/div>\n<div class=\"MsoNormal\" style=\"line-height: 150%; text-align: justify;\">\n<span style=\"font-size: 18.6667px;\">Powy\u017cszy wpis to moja w\u0142asna opinia, kto\u015b mo\u017ce si\u0119 z ni\u0105 nie zgadza\u0107 i ma do tego prawo, prosz\u0119 jednak bez uszczypliwo\u015bci komentowa\u0107 wpis, bazuj\u0105c na racjonalnym i zdrowym rozs\u0105dku.<\/span><span style=\"line-height: 150%;\"><\/span><\/div>\n<div class=\"separator\" style=\"clear: both; font-size: 14pt; text-align: center;\">\n<a href=\"http:\/\/www.swiattoli.pl\/wp-content\/uploads\/2017\/09\/uid_d241d076b898ba522cc172083c7019571505514548241_width_633_play_0_pos_0_gs_0_height_355.jpg\" imageanchor=\"1\" style=\"margin-left: 1em; margin-right: 1em;\"><img loading=\"lazy\" border=\"0\" data-original-height=\"355\" data-original-width=\"633\" height=\"358\" src=\"http:\/\/www.swiattoli.pl\/wp-content\/uploads\/2017\/09\/uid_d241d076b898ba522cc172083c7019571505514548241_width_633_play_0_pos_0_gs_0_height_355.jpg\" width=\"640\" \/><\/a><\/div>\n<div class=\"separator\" style=\"clear: both; text-align: center;\">\n<span style=\"font-size: x-small;\">Zdj\u0119cie:&nbsp;https:\/\/www.tvp.info\/34010535\/rodzice-porwali-wczesniaka-ze-szpitala-w-bialogardzie-trwaja-ich-poszukiwania<\/span><\/div>\n<p><span style=\"font-size: 14pt;\"><\/span><\/p>\n","protected":false},"excerpt":{"rendered":"<p>Ostatnio w mediach g\u0142o\u015bna jest sprawa porwania dziecka przez rodzic\u00f3w, wcze\u015bniaka, do kt\u00f3rego prawa zosta\u0142y im odebrane przez s\u0105d. Rodzice s\u0105 poszukiwani przez policj\u0119, a spo\u0142ecze\u0144stwo podzieli\u0142o si\u0119 na tych, kt\u00f3rzy popieraj\u0105 rodzic\u00f3w i tych, kt\u00f3rzy ich krytykuj\u0105. R\u00f3wnie\u017c i ja postanowi\u0142am wyrazi\u0107 swoj\u0105 opini\u0119. Gdzie\u015b przeczyta\u0142am tak\u0105 wypowied\u017a i zgadzam si\u0119 z ni\u0105, ot\u00f3\u017c &hellip;<\/p>\n","protected":false},"author":2,"featured_media":0,"comment_status":"open","ping_status":"open","sticky":false,"template":"","format":"standard","meta":[],"categories":[8,2,1],"tags":[],"_links":{"self":[{"href":"http:\/\/www.swiattoli.pl\/index.php?rest_route=\/wp\/v2\/posts\/373"}],"collection":[{"href":"http:\/\/www.swiattoli.pl\/index.php?rest_route=\/wp\/v2\/posts"}],"about":[{"href":"http:\/\/www.swiattoli.pl\/index.php?rest_route=\/wp\/v2\/types\/post"}],"author":[{"embeddable":true,"href":"http:\/\/www.swiattoli.pl\/index.php?rest_route=\/wp\/v2\/users\/2"}],"replies":[{"embeddable":true,"href":"http:\/\/www.swiattoli.pl\/index.php?rest_route=%2Fwp%2Fv2%2Fcomments&post=373"}],"version-history":[{"count":1,"href":"http:\/\/www.swiattoli.pl\/index.php?rest_route=\/wp\/v2\/posts\/373\/revisions"}],"predecessor-version":[{"id":2355,"href":"http:\/\/www.swiattoli.pl\/index.php?rest_route=\/wp\/v2\/posts\/373\/revisions\/2355"}],"wp:attachment":[{"href":"http:\/\/www.swiattoli.pl\/index.php?rest_route=%2Fwp%2Fv2%2Fmedia&parent=373"}],"wp:term":[{"taxonomy":"category","embeddable":true,"href":"http:\/\/www.swiattoli.pl\/index.php?rest_route=%2Fwp%2Fv2%2Fcategories&post=373"},{"taxonomy":"post_tag","embeddable":true,"href":"http:\/\/www.swiattoli.pl\/index.php?rest_route=%2Fwp%2Fv2%2Ftags&post=373"}],"curies":[{"name":"wp","href":"https:\/\/api.w.org\/{rel}","templated":true}]}}