{"id":348,"date":"2017-12-02T07:00:00","date_gmt":"2017-12-02T07:00:00","guid":{"rendered":"http:\/\/www.swiattoli.pl\/?p=348"},"modified":"2020-02-07T12:37:58","modified_gmt":"2020-02-07T12:37:58","slug":"juz-sie-nie-moge-doczekac","status":"publish","type":"post","link":"http:\/\/www.swiattoli.pl\/?p=348","title":{"rendered":"Ju\u017c si\u0119 nie mog\u0119 doczeka\u0107"},"content":{"rendered":"<div class=\"MsoNormal\" style=\"line-height: 150%; margin-bottom: .0001pt; margin-bottom: 0cm; text-align: justify;\">\n<a href=\"http:\/\/www.swiattoli.pl\/wp-content\/uploads\/2017\/12\/12316303_10206261968640455_441375113918223172_n.jpg\" imageanchor=\"1\" style=\"clear: right; float: right; margin-bottom: 1em; margin-left: 1em;\"><img loading=\"lazy\" border=\"0\" data-original-height=\"960\" data-original-width=\"545\" height=\"640\" src=\"http:\/\/www.swiattoli.pl\/wp-content\/uploads\/2017\/12\/12316303_10206261968640455_441375113918223172_n.jpg\" width=\"362\" \/><\/a><span style=\"font-family: &quot;Arial&quot;,&quot;sans-serif&quot;; font-size: 14.0pt; line-height: 150%;\">Dzisiaj ju\u017c grudzie\u0144 <\/span><span style=\"font-family: Wingdings; font-size: 14.0pt; line-height: 150%; mso-ascii-font-family: Arial; mso-bidi-font-family: Arial; mso-char-type: symbol; mso-hansi-font-family: Arial; mso-symbol-font-family: Wingdings;\">J<\/span><span style=\"font-family: &quot;Arial&quot;,&quot;sans-serif&quot;; font-size: 14.0pt; line-height: 150%;\">. Nie lubi\u0119 zimy z bardzo<br \/>\nprostego i prozaicznego powodu \u2013 bo jest zimno, a ja jestem istota ciep\u0142olubna \u2013<br \/>\nale jest co\u015b w tej porze roku, co sprawia, \u017ce czuj\u0119 si\u0119 weso\u0142o i szcz\u0119\u015bliwie. Jak<br \/>\npewnie nie trudno si\u0119 domy\u015bli\u0107 to \u015bwi\u0119ta i wszystko, co z nimi zwi\u0105zane. Ju\u017c w<br \/>\ngaleriach handlowych wystr\u00f3j nastraja \u015bwi\u0105tecznie. Jakby nie by\u0142o to zbyt<br \/>\ndziwne, bym ubra\u0142a choink\u0119 i ozdobi\u0142a \u015bwiate\u0142kami dom. Kocham t\u0105 atmosfer\u0119. Czuj\u0119<br \/>\nsi\u0119 w\u00f3wczas jako\u015b uroczy\u015bciej, podnio\u015ble, po prostu lepiej. W tej atmosferze<br \/>\nwszelkie smutki i zmartwienia jako\u015b znikaj\u0105, albo staj\u0105 si\u0119 ma\u0142o wa\u017cnymi. Te ozdoby,<br \/>\nkol\u0119dy, Miko\u0142aje, r\u00f3\u017cne atrakcje dla dzieci, po prostu a\u017c chce si\u0119 \u017cy\u0107. Mo\u017ce nie<br \/>\njest to zbyt dobre, \u017ce zaraz po wszystkich \u015bwi\u0119tych w telewizji pojawiaj\u0105 si\u0119<br \/>\n\u015bwi\u0105teczne reklamy, sklepy zmieniaj\u0105 wystr\u00f3j na bo\u017conarodzeniowy, ale to jest<br \/>\nmi\u0142e. Mnie si\u0119 robi cieplej na sercu <\/span><span style=\"font-family: Wingdings; font-size: 14.0pt; line-height: 150%; mso-ascii-font-family: Arial; mso-bidi-font-family: Arial; mso-char-type: symbol; mso-hansi-font-family: Arial; mso-symbol-font-family: Wingdings;\">J<\/span><span style=\"font-family: &quot;Arial&quot;,&quot;sans-serif&quot;; font-size: 14.0pt; line-height: 150%;\">. My\u015bl\u0119,<br \/>\n\u017ce fakt posiadania dzieci, dodatkowo sprawia radoch\u0119 z okresu \u015bwi\u0105tecznego, a<br \/>\njak b\u0119d\u0105 starsi, to dopiero b\u0119dzie zabawa. Dzisiaj czyta\u0142am, \u017ce niekt\u00f3re osoby<br \/>\nostentacyjnie nie obchodz\u0105 \u015bwi\u0105t Bo\u017cego Narodzenia. Wiadomo, ka\u017cdy ma prawo \u017cy\u0107<br \/>\njak chce, ale nie wiedz\u0105, co trac\u0105. Choinka musi by\u0107 i to bez dw\u00f3ch zda\u0144. Ja, mam<br \/>\nsztuczn\u0105, ale \u0142adn\u0105. \u017bywa by\u0142a ca\u0142e lata temu, gdy mia\u0142am zaledwie kilka lat. Zrezygnowali\u015bmy<br \/>\nz niej po pewnym incydencie, gdy choinka zaj\u0119\u0142a si\u0119 od \u015bwieczek i buchn\u0119\u0142a pi\u0119knym,<br \/>\n\u015bwi\u0105tecznym p\u0142omieniem. Od tego czasu postawili\u015bmy na choink\u0119 sztuczn\u0105, bez<br \/>\nprawdziwych \u015bwieczek. Dodatkowo ustawiamy ozdoby \u015bwi\u0105teczne typu stroiki,<br \/>\ndzwoneczki, anio\u0142ki itp. Uwielbiam to <\/span><span style=\"font-family: Wingdings; font-size: 14.0pt; line-height: 150%; mso-ascii-font-family: Arial; mso-bidi-font-family: Arial; mso-char-type: symbol; mso-hansi-font-family: Arial; mso-symbol-font-family: Wingdings;\">J<\/span><span style=\"font-family: &quot;Arial&quot;,&quot;sans-serif&quot;; font-size: 14.0pt; line-height: 150%;\">. Od<br \/>\nczasu, gdy mieszkamy w domu, ozdabiamy dom na zewn\u0105trz lampkami. M\u00f3j m\u0105\u017c<br \/>\nszaleje pe\u0142n\u0105 par\u0105 <\/span><span style=\"font-family: Wingdings; font-size: 14.0pt; line-height: 150%; mso-ascii-font-family: Arial; mso-bidi-font-family: Arial; mso-char-type: symbol; mso-hansi-font-family: Arial; mso-symbol-font-family: Wingdings;\">J<\/span><span style=\"font-family: &quot;Arial&quot;,&quot;sans-serif&quot;; font-size: 14.0pt; line-height: 150%;\">. Nasz<br \/>\ndom wygl\u0105da troch\u0119 jak ma\u0142a iluminacja <\/span><span style=\"font-family: Wingdings; font-size: 14.0pt; line-height: 150%; mso-ascii-font-family: Arial; mso-bidi-font-family: Arial; mso-char-type: symbol; mso-hansi-font-family: Arial; mso-symbol-font-family: Wingdings;\">J<\/span><span style=\"font-family: &quot;Arial&quot;,&quot;sans-serif&quot;; font-size: 14.0pt; line-height: 150%;\">.<br \/>\nAle ja tak lubi\u0119. Z takich tradycji \u015bwi\u0105tecznych chcia\u0142abym wprowadzi\u0107 do<br \/>\nmojego domu, to posta\u0107 Miko\u0142aja, kt\u00f3ry przynosi prezenty. Gdy by\u0142am dzieckiem<br \/>\nzawsze kto\u015b si\u0119 przebiera\u0142 i przychodzi\u0142 do mnie po pierwszej gwiazdk\u0119, po<br \/>\nspo\u017cytej wigilii. Na razie dzieciaki s\u0105 jeszcze ma\u0142e i obawia\u0142am si\u0119, \u017ce posta\u0107<br \/>\nw czerwonym stroju mog\u0142aby wprawi\u0107 ich w ryk. Je\u015bli chodzi o Wigili\u0119 to jest<br \/>\nsp\u0119dzana w gronie rodzinnym. Trzeba si\u0119 nastroi\u0107, odpowiednio ubra\u0107, \u017ceby by\u0142o<br \/>\nuroczy\u015bcie i od\u015bwi\u0119tnie. Ilo\u015b\u0107 potraw nie musi by\u0107 strikte tradycyjna, ale musi<br \/>\nby\u0107 karp, kapusta z grzybami, pierogi z kapust\u0105, zupa grzybowa itp. Ju\u017c czuj\u0119<br \/>\nich smak. Znowu b\u0119dzie pi\u0119knie, przyjemnie i cudownie. Jak to dobrze, \u017ce \u015bwi\u0119ta<br \/>\ns\u0105 co roku <\/span><span style=\"font-family: Wingdings; font-size: 14.0pt; line-height: 150%; mso-ascii-font-family: Arial; mso-bidi-font-family: Arial; mso-char-type: symbol; mso-hansi-font-family: Arial; mso-symbol-font-family: Wingdings;\">J<\/span><span style=\"font-family: &quot;Arial&quot;,&quot;sans-serif&quot;; font-size: 14.0pt; line-height: 150%;\">.<\/span>&nbsp;<\/div>\n<div class=\"separator\" style=\"clear: both; text-align: center;\">\n<\/div>\n","protected":false},"excerpt":{"rendered":"<p>Dzisiaj ju\u017c grudzie\u0144 J. Nie lubi\u0119 zimy z bardzo prostego i prozaicznego powodu \u2013 bo jest zimno, a ja jestem istota ciep\u0142olubna \u2013 ale jest co\u015b w tej porze roku, co sprawia, \u017ce czuj\u0119 si\u0119 weso\u0142o i szcz\u0119\u015bliwie. Jak pewnie nie trudno si\u0119 domy\u015bli\u0107 to \u015bwi\u0119ta i wszystko, co z nimi zwi\u0105zane. Ju\u017c w galeriach &hellip;<\/p>\n","protected":false},"author":2,"featured_media":0,"comment_status":"open","ping_status":"open","sticky":false,"template":"","format":"standard","meta":[],"categories":[2,1],"tags":[],"_links":{"self":[{"href":"http:\/\/www.swiattoli.pl\/index.php?rest_route=\/wp\/v2\/posts\/348"}],"collection":[{"href":"http:\/\/www.swiattoli.pl\/index.php?rest_route=\/wp\/v2\/posts"}],"about":[{"href":"http:\/\/www.swiattoli.pl\/index.php?rest_route=\/wp\/v2\/types\/post"}],"author":[{"embeddable":true,"href":"http:\/\/www.swiattoli.pl\/index.php?rest_route=\/wp\/v2\/users\/2"}],"replies":[{"embeddable":true,"href":"http:\/\/www.swiattoli.pl\/index.php?rest_route=%2Fwp%2Fv2%2Fcomments&post=348"}],"version-history":[{"count":1,"href":"http:\/\/www.swiattoli.pl\/index.php?rest_route=\/wp\/v2\/posts\/348\/revisions"}],"predecessor-version":[{"id":2438,"href":"http:\/\/www.swiattoli.pl\/index.php?rest_route=\/wp\/v2\/posts\/348\/revisions\/2438"}],"wp:attachment":[{"href":"http:\/\/www.swiattoli.pl\/index.php?rest_route=%2Fwp%2Fv2%2Fmedia&parent=348"}],"wp:term":[{"taxonomy":"category","embeddable":true,"href":"http:\/\/www.swiattoli.pl\/index.php?rest_route=%2Fwp%2Fv2%2Fcategories&post=348"},{"taxonomy":"post_tag","embeddable":true,"href":"http:\/\/www.swiattoli.pl\/index.php?rest_route=%2Fwp%2Fv2%2Ftags&post=348"}],"curies":[{"name":"wp","href":"https:\/\/api.w.org\/{rel}","templated":true}]}}