{"id":341,"date":"2017-12-25T18:49:00","date_gmt":"2017-12-25T18:49:00","guid":{"rendered":"http:\/\/www.swiattoli.pl\/?p=341"},"modified":"2020-02-07T12:38:04","modified_gmt":"2020-02-07T12:38:04","slug":"niecodziennie-w-swieta","status":"publish","type":"post","link":"http:\/\/www.swiattoli.pl\/?p=341","title":{"rendered":"Niecodziennie w \u015bwi\u0119ta"},"content":{"rendered":"<div class=\"MsoNormal\" style=\"line-height: 150%; margin-bottom: .0001pt; margin-bottom: 0cm; text-align: justify;\">\n<span style=\"font-family: &quot;Arial&quot;,&quot;sans-serif&quot;; font-size: 14.0pt; line-height: 150%;\">Bilans \u015bwi\u0105teczny troch\u0119 niecodzienny.<br \/>\nPot\u0142uczone 3 szklanki, 3 kubki, jedna misa, kilka ozd\u00f3b \u015bwi\u0105tecznych typu<br \/>\n\u015bnie\u017cna kula itp. oraz ca\u0142a masa bombek. Ubieranie choinki razy 3. Wszystko to<br \/>\njest zas\u0142ug\u0105 moich dzieci, kota i m\u0119\u017ca. Nie zapomnijmy o st\u0142uczonym lustrze. Mam<br \/>\nnadziej\u0119, \u017ce nie b\u0119dzie siedmiu lat nieszcz\u0119\u015b\u0107. Dobrze, \u017ce nied\u0142ugo kol\u0119da i<br \/>\nksi\u0105dz po\u015bwi\u0119ci nasze progi, bo zaczynam podejrzewa\u0107, \u017ce zamieszka\u0142o tutaj jakie\u015b<br \/>\nlicho. <\/span><\/div>\n<div class=\"MsoNormal\" style=\"line-height: 150%; margin-bottom: .0001pt; margin-bottom: 0cm; text-align: justify;\">\n<\/div>\n<div class=\"separator\" style=\"clear: both; text-align: center;\">\n<a href=\"http:\/\/www.swiattoli.pl\/wp-content\/uploads\/2017\/12\/25659737_10212070343126187_2174815944464751922_n.jpg\" imageanchor=\"1\" style=\"margin-left: 1em; margin-right: 1em;\"><img loading=\"lazy\" border=\"0\" data-original-height=\"960\" data-original-width=\"545\" height=\"640\" src=\"http:\/\/www.swiattoli.pl\/wp-content\/uploads\/2017\/12\/25659737_10212070343126187_2174815944464751922_n.jpg\" width=\"362\" \/><\/a><\/div>\n<div class=\"separator\" style=\"clear: both; text-align: center;\">\n<\/div>\n<p><\/p>\n<div class=\"MsoNormal\" style=\"line-height: 150%; margin-bottom: .0001pt; margin-bottom: 0cm; text-align: justify;\">\n<span style=\"font-family: &quot;Arial&quot;,&quot;sans-serif&quot;; font-size: 14.0pt; line-height: 150%;\">Z przyjemniejszych rzeczy to wigilia, jak najbardziej<br \/>\nudana, nie licz\u0105c zapomnianej kurtki jednego z syn\u00f3w 120 km od domu. Moja wina,<br \/>\nmoja wina, skleroza i nic wi\u0119cej. <\/span><\/div>\n<div class=\"MsoNormal\" style=\"line-height: 150%; margin-bottom: .0001pt; margin-bottom: 0cm; text-align: justify;\">\n<\/div>\n<div class=\"MsoNormal\" style=\"line-height: 150%; margin-bottom: .0001pt; margin-bottom: 0cm; text-align: justify;\">\n<span style=\"font-family: &quot;Arial&quot;,&quot;sans-serif&quot;; font-size: 14.0pt; line-height: 150%;\">By\u0142 r\u00f3wnie\u017c spacer \u015bwi\u0105teczny w troch\u0119<br \/>\ndziwnej, jak na okazj\u0119 bo\u017conarodzeniowego, atmosferze. Ani grama \u015bniegu. Id\u0105c si\u0119<br \/>\nzgrza\u0142am, a powinnam brn\u0105\u0107 w zaspach. <\/span><\/div>\n<div class=\"MsoNormal\" style=\"line-height: 150%; margin-bottom: .0001pt; margin-bottom: 0cm; text-align: justify;\">\n<\/div>\n<div class=\"separator\" style=\"clear: both; text-align: center;\">\n<a href=\"http:\/\/www.swiattoli.pl\/wp-content\/uploads\/2017\/12\/25995039_10212074659114084_5442935541406218298_n.jpg\" imageanchor=\"1\" style=\"margin-left: 1em; margin-right: 1em;\"><img loading=\"lazy\" border=\"0\" data-original-height=\"960\" data-original-width=\"545\" height=\"640\" src=\"http:\/\/www.swiattoli.pl\/wp-content\/uploads\/2017\/12\/25995039_10212074659114084_5442935541406218298_n.jpg\" width=\"360\" \/><\/a><\/div>\n<div class=\"separator\" style=\"clear: both; text-align: center;\">\n<\/div>\n<p><\/p>\n<div class=\"MsoNormal\" style=\"line-height: 150%; margin-bottom: .0001pt; margin-bottom: 0cm; text-align: justify;\">\n<span style=\"font-family: &quot;Arial&quot;,&quot;sans-serif&quot;; font-size: 14.0pt; line-height: 150%;\">Je\u015bli chodzi o prezenty bardzo fajne, m.in.<br \/>\nklocki do uk\u0142adania obrazk\u00f3w. Bardzo m\u0105dra i rozwijaj\u0105ca zabawka, mnie rozwija<br \/>\nw chodzeniu na czworakach i nieustannym poszukiwaniu brakuj\u0105cego klocka.<\/span><\/div>\n<div class=\"MsoNormal\" style=\"line-height: 150%; margin-bottom: .0001pt; margin-bottom: 0cm; text-align: justify;\">\n<\/div>\n<div class=\"MsoNormal\" style=\"line-height: 150%; margin-bottom: .0001pt; margin-bottom: 0cm; text-align: justify;\">\n<span style=\"font-family: &quot;Arial&quot;,&quot;sans-serif&quot;; font-size: 14.0pt; line-height: 150%;\">Zgubili\u015bmy te\u017c kota, razy 3. To chyba<br \/>\nmagiczna liczba na ten czas. Pierwszy raz kot wlaz\u0142 na p\u00f3\u0142k\u0119 z ksi\u0105\u017ckami i nie<br \/>\nmia\u0142 zamiaru wyj\u015b\u0107 na nasze nawo\u0142ywanie, drugi raz schowa\u0142 si\u0119 za zasp\u0119 z<br \/>\nzabawek (podejrzewam, \u017ce ukry\u0142 si\u0119 przed ch\u0142opakami) i trzeci raz, ju\u017c bardzo<br \/>\npowa\u017cnie nas wystraszy\u0142, ale w ko\u0144cu si\u0119 znalaz\u0142. Zlaz\u0142 kiedy\u015b, jako\u015b, nie<br \/>\nwiadomo jak, do piwnicy i tam wlaz\u0142 w najdalszy k\u0105t, za stert\u0119 wszelakich<br \/>\nprzydasi\u00f3w, zbieranych latami.<\/span><\/div>\n<div class=\"MsoNormal\" style=\"line-height: 150%; margin-bottom: .0001pt; margin-bottom: 0cm; text-align: justify;\">\n<\/div>\n<p><\/p>\n<div class=\"MsoNormal\" style=\"line-height: 150%; margin-bottom: .0001pt; margin-bottom: 0cm; text-align: justify;\">\n<span style=\"font-family: &quot;Arial&quot;,&quot;sans-serif&quot;; font-size: 14.0pt; line-height: 150%;\">Tak wi\u0119c \u015bwi\u0119ta pe\u0142ne emocji i prze\u017cy\u0107 :D.<\/span><\/div>\n","protected":false},"excerpt":{"rendered":"<p>Bilans \u015bwi\u0105teczny troch\u0119 niecodzienny. Pot\u0142uczone 3 szklanki, 3 kubki, jedna misa, kilka ozd\u00f3b \u015bwi\u0105tecznych typu \u015bnie\u017cna kula itp. oraz ca\u0142a masa bombek. Ubieranie choinki razy 3. Wszystko to jest zas\u0142ug\u0105 moich dzieci, kota i m\u0119\u017ca. Nie zapomnijmy o st\u0142uczonym lustrze. Mam nadziej\u0119, \u017ce nie b\u0119dzie siedmiu lat nieszcz\u0119\u015b\u0107. Dobrze, \u017ce nied\u0142ugo kol\u0119da i ksi\u0105dz po\u015bwi\u0119ci &hellip;<\/p>\n","protected":false},"author":2,"featured_media":0,"comment_status":"open","ping_status":"open","sticky":false,"template":"","format":"standard","meta":[],"categories":[2,1],"tags":[],"_links":{"self":[{"href":"http:\/\/www.swiattoli.pl\/index.php?rest_route=\/wp\/v2\/posts\/341"}],"collection":[{"href":"http:\/\/www.swiattoli.pl\/index.php?rest_route=\/wp\/v2\/posts"}],"about":[{"href":"http:\/\/www.swiattoli.pl\/index.php?rest_route=\/wp\/v2\/types\/post"}],"author":[{"embeddable":true,"href":"http:\/\/www.swiattoli.pl\/index.php?rest_route=\/wp\/v2\/users\/2"}],"replies":[{"embeddable":true,"href":"http:\/\/www.swiattoli.pl\/index.php?rest_route=%2Fwp%2Fv2%2Fcomments&post=341"}],"version-history":[{"count":1,"href":"http:\/\/www.swiattoli.pl\/index.php?rest_route=\/wp\/v2\/posts\/341\/revisions"}],"predecessor-version":[{"id":2456,"href":"http:\/\/www.swiattoli.pl\/index.php?rest_route=\/wp\/v2\/posts\/341\/revisions\/2456"}],"wp:attachment":[{"href":"http:\/\/www.swiattoli.pl\/index.php?rest_route=%2Fwp%2Fv2%2Fmedia&parent=341"}],"wp:term":[{"taxonomy":"category","embeddable":true,"href":"http:\/\/www.swiattoli.pl\/index.php?rest_route=%2Fwp%2Fv2%2Fcategories&post=341"},{"taxonomy":"post_tag","embeddable":true,"href":"http:\/\/www.swiattoli.pl\/index.php?rest_route=%2Fwp%2Fv2%2Ftags&post=341"}],"curies":[{"name":"wp","href":"https:\/\/api.w.org\/{rel}","templated":true}]}}