{"id":322,"date":"2018-03-19T18:16:00","date_gmt":"2018-03-19T18:16:00","guid":{"rendered":"http:\/\/www.swiattoli.pl\/?p=322"},"modified":"2020-02-07T12:39:15","modified_gmt":"2020-02-07T12:39:15","slug":"gory-i-ich-zwykli-niezwykli-mieszkancy","status":"publish","type":"post","link":"http:\/\/www.swiattoli.pl\/?p=322","title":{"rendered":"G\u00f3ry i ich zwykli-niezwykli mieszka\u0144cy &#8211; recenzja"},"content":{"rendered":"<p><\/p>\n<div class=\"MsoNormal\" style=\"line-height: 150%; margin-bottom: .0001pt; margin-bottom: 0cm; text-align: justify;\">\n<strong><span style=\"background: white; border: none 1.0pt; color: black; font-family: &quot;arial&quot; , &quot;sans-serif&quot;; font-size: 14.0pt; font-weight: normal; line-height: 150%; padding: 0cm;\">Ksi\u0105\u017ceczka z naklejkami wielokrotnego u\u017cytku<br \/>\nprzeznaczona dla dzieci 4+ ale moi trzylatkowie r\u00f3wnie\u017c bardzo zainteresowali<br \/>\nsi\u0119 t\u0105 lektur\u0105. <\/span><\/strong><\/div>\n<div class=\"MsoNormal\" style=\"line-height: 150%; margin-bottom: .0001pt; margin-bottom: 0cm; text-align: justify;\">\n<\/div>\n<div class=\"separator\" style=\"clear: both; text-align: center;\">\n<a href=\"http:\/\/www.swiattoli.pl\/wp-content\/uploads\/2018\/03\/29432282_10212698223222797_2102814463408209920_n.jpg\" imageanchor=\"1\" style=\"margin-left: 1em; margin-right: 1em;\"><img loading=\"lazy\" border=\"0\" data-original-height=\"960\" data-original-width=\"720\" height=\"640\" src=\"http:\/\/www.swiattoli.pl\/wp-content\/uploads\/2018\/03\/29432282_10212698223222797_2102814463408209920_n.jpg\" width=\"480\" \/><\/a><\/div>\n<div class=\"MsoNormal\" style=\"line-height: 150%; margin-bottom: .0001pt; margin-bottom: 0cm; text-align: justify;\">\n<\/div>\n<div class=\"MsoNormal\" style=\"line-height: 150%; margin-bottom: .0001pt; margin-bottom: 0cm; text-align: justify;\">\n<strong><span style=\"background: white; border: none 1.0pt; color: black; font-family: &quot;arial&quot; , &quot;sans-serif&quot;; font-size: 14.0pt; font-weight: normal; line-height: 150%; padding: 0cm;\">Ksi\u0105\u017ceczka kr\u00f3tko przedstawia opis g\u00f3r, opowiada<br \/>\no ich mieszka\u0144cach, opisuj\u0105c ich wygl\u0105d oraz charakterystyczne cechy.&nbsp;<\/span><\/strong><\/div>\n<div class=\"MsoNormal\" style=\"line-height: 150%; margin-bottom: .0001pt; margin-bottom: 0cm; text-align: justify;\">\n<strong><span style=\"background: white; border: none 1.0pt; color: black; font-family: &quot;arial&quot; , &quot;sans-serif&quot;; font-size: 14.0pt; font-weight: normal; line-height: 150%; padding: 0cm;\"><br \/><\/span><\/strong><\/div>\n<div class=\"separator\" style=\"clear: both; text-align: center;\">\n<a href=\"http:\/\/www.swiattoli.pl\/wp-content\/uploads\/2018\/03\/29425713_10212698224582831_6495042651035795456_n.jpg\" imageanchor=\"1\" style=\"margin-left: 1em; margin-right: 1em;\"><img loading=\"lazy\" border=\"0\" data-original-height=\"720\" data-original-width=\"960\" height=\"480\" src=\"http:\/\/www.swiattoli.pl\/wp-content\/uploads\/2018\/03\/29425713_10212698224582831_6495042651035795456_n.jpg\" width=\"640\" \/><\/a><\/div>\n<div class=\"MsoNormal\" style=\"line-height: 150%; margin-bottom: .0001pt; margin-bottom: 0cm; text-align: justify;\">\n<\/div>\n<div class=\"MsoNormal\" style=\"line-height: 150%; margin-bottom: .0001pt; margin-bottom: 0cm; text-align: justify;\">\n<strong><span style=\"background: white; border: none 1.0pt; color: black; font-family: &quot;arial&quot; , &quot;sans-serif&quot;; font-size: 14.0pt; font-weight: normal; line-height: 150%; padding: 0cm;\">Dodatkowo<br \/>\nopisy wzbogacone s\u0105 pi\u0119knymi, naturalnymi ilustracjami, pozwalaj\u0105cymi dziecku prawid\u0142owo<br \/>\nrozpoznawa\u0107 opisywane zwierz\u0119ta i ptaki.&nbsp;<\/span><\/strong><\/div>\n<div class=\"MsoNormal\" style=\"line-height: 150%; margin-bottom: .0001pt; margin-bottom: 0cm; text-align: justify;\">\n<strong><span style=\"background: white; border: none 1.0pt; color: black; font-family: &quot;arial&quot; , &quot;sans-serif&quot;; font-size: 14.0pt; font-weight: normal; line-height: 150%; padding: 0cm;\"><br \/><\/span><\/strong><\/div>\n<div class=\"separator\" style=\"clear: both; text-align: center;\">\n<a href=\"http:\/\/www.swiattoli.pl\/wp-content\/uploads\/2018\/03\/29340406_10212698223982816_2205548831293046784_n.jpg\" imageanchor=\"1\" style=\"margin-left: 1em; margin-right: 1em;\"><img loading=\"lazy\" border=\"0\" data-original-height=\"720\" data-original-width=\"960\" height=\"480\" src=\"http:\/\/www.swiattoli.pl\/wp-content\/uploads\/2018\/03\/29340406_10212698223982816_2205548831293046784_n.jpg\" width=\"640\" \/><\/a><\/div>\n<div class=\"MsoNormal\" style=\"line-height: 150%; margin-bottom: .0001pt; margin-bottom: 0cm; text-align: justify;\">\n<strong><span style=\"background: white; border: none 1.0pt; color: black; font-family: &quot;arial&quot; , &quot;sans-serif&quot;; font-size: 14.0pt; font-weight: normal; line-height: 150%; padding: 0cm;\"><br \/><\/span><\/strong><\/div>\n<div class=\"MsoNormal\" style=\"line-height: 150%; margin-bottom: .0001pt; margin-bottom: 0cm; text-align: justify;\">\n<strong><span style=\"background: white; border: none 1.0pt; color: black; font-family: &quot;arial&quot; , &quot;sans-serif&quot;; font-size: 14.0pt; font-weight: normal; line-height: 150%; padding: 0cm;\">Ponadto ostatnie 4 strony zawieraj\u0105<br \/>\nnaklejki wielokrotnego u\u017cytku, co uwa\u017cam za niemal\u017ce prze\u0142omowe odkrycie w<br \/>\n\u015bwiecie ksi\u0105\u017cek dla dzieci. Naklejki przedstawiaj\u0105 ca\u0142e zwierz\u0105tka oraz ptaki,<br \/>\njak i ich fragmenty, kt\u00f3re mo\u017cna nakleja\u0107 na przeznaczonych do tego stronach,<br \/>\nprezentuj\u0105cych g\u00f3rskie krajobrazy, a tak\u017ce w konkretnych miejscach. Dziecko mo\u017ce<br \/>\nwyklei\u0107 g\u0142ow\u0119 kozicy, or\u0142a, ale i, tak jak czasem sugeruje autor, pobawi\u0107 si\u0119 w<br \/>\ntw\u00f3rc\u0119 i stworzy\u0107 g\u00f3rskiego stwora, \u0142\u0105cz\u0105c naklejki prezentuj\u0105ce elementy budowy<br \/>\nzwierz\u0105t.<\/span><\/strong><\/div>\n<div class=\"MsoNormal\" style=\"line-height: 150%; margin-bottom: .0001pt; margin-bottom: 0cm; text-align: justify;\">\n<strong><span style=\"background: white; border: none 1.0pt; color: black; font-family: &quot;arial&quot; , &quot;sans-serif&quot;; font-size: 14.0pt; font-weight: normal; line-height: 150%; padding: 0cm;\"><br \/><\/span><\/strong><\/div>\n<div class=\"separator\" style=\"clear: both; text-align: center;\">\n<a href=\"http:\/\/www.swiattoli.pl\/wp-content\/uploads\/2018\/03\/29389204_10212698225902864_3483165288181006336_n.jpg\" imageanchor=\"1\" style=\"margin-left: 1em; margin-right: 1em;\"><img loading=\"lazy\" border=\"0\" data-original-height=\"720\" data-original-width=\"960\" height=\"480\" src=\"http:\/\/www.swiattoli.pl\/wp-content\/uploads\/2018\/03\/29389204_10212698225902864_3483165288181006336_n.jpg\" width=\"640\" \/><\/a><\/div>\n<div class=\"MsoNormal\" style=\"line-height: 150%; margin-bottom: .0001pt; margin-bottom: 0cm; text-align: justify;\">\n<strong><span style=\"background: white; border: none 1.0pt; color: black; font-family: &quot;arial&quot; , &quot;sans-serif&quot;; font-size: 14.0pt; font-weight: normal; line-height: 150%; padding: 0cm;\"><br \/><\/span><\/strong><\/div>\n<div class=\"MsoNormal\" style=\"line-height: 150%; margin-bottom: .0001pt; margin-bottom: 0cm; text-align: justify;\">\n<span style=\"background: white; color: black; font-family: &quot;arial&quot; , &quot;sans-serif&quot;; font-size: 14.0pt; line-height: 150%;\">Sama ksi\u0105\u017ceczka<br \/>\nma dosy\u0107 sztywne kartki, zamocowane na metalowym grzbiecie drutowym, co pozwala<br \/>\nswobodnie przewraca\u0107 strony. Ok\u0142adka po obu stronach umo\u017cliwia zak\u0142ada\u0107<br \/>\nksi\u0105\u017ceczk\u0119 w wybranym miejscu.<\/span><\/div>\n<div class=\"MsoNormal\" style=\"line-height: 150%; margin-bottom: .0001pt; margin-bottom: 0cm; text-align: justify;\">\n<span style=\"background: white; color: black; font-family: &quot;arial&quot; , &quot;sans-serif&quot;; font-size: 14.0pt; line-height: 150%;\"><br \/><\/span><\/div>\n<div class=\"separator\" style=\"clear: both; text-align: center;\">\n<a href=\"http:\/\/www.swiattoli.pl\/wp-content\/uploads\/2018\/03\/29365865_10212698226582881_475737137782718464_n.jpg\" imageanchor=\"1\" style=\"margin-left: 1em; margin-right: 1em;\"><img loading=\"lazy\" border=\"0\" data-original-height=\"960\" data-original-width=\"720\" height=\"640\" src=\"http:\/\/www.swiattoli.pl\/wp-content\/uploads\/2018\/03\/29365865_10212698226582881_475737137782718464_n.jpg\" width=\"480\" \/><\/a><\/div>\n<div class=\"MsoNormal\" style=\"line-height: 150%; margin-bottom: .0001pt; margin-bottom: 0cm; text-align: justify;\">\n<span style=\"background: white; color: black; font-family: &quot;arial&quot; , &quot;sans-serif&quot;; font-size: 14.0pt; line-height: 150%;\"><br \/><\/span><\/div>\n<div class=\"MsoNormal\" style=\"background: white; line-height: 150%; margin-bottom: .0001pt; margin-bottom: 0cm; text-align: justify; vertical-align: baseline;\">\n<span style=\"border: none 1.0pt; color: black; font-family: &quot;arial&quot; , &quot;sans-serif&quot;; font-size: 14.0pt; line-height: 150%; padding: 0cm;\">G\u00f3ry i<br \/>\nich zwykli-niezwykli mieszka\u0144cy\u201d stanowi kolejn\u0105 <span style=\"mso-spacerun: yes;\">&nbsp;<\/span>z serii ksi\u0105\u017ck\u0119 opowiadaj\u0105c\u0105 <span style=\"mso-spacerun: yes;\">&nbsp;<\/span>o niezwyk\u0142ych mieszka\u0144cach. Na stronie&nbsp;<a href=\"http:\/\/www.wydawnictwo-widnokrag.pl\/produkt\/gory_i_jego_zwykli-niezwykli_mieszkancy\/\" target=\"_blank\" rel=\"noopener noreferrer\"><span style=\"color: royalblue; text-decoration: none;\">Wydawnictwa Widnokr\u0105g<\/span><\/a>&nbsp;mo\u017cna znale\u017a\u0107 tak\u017ce inne:<\/span><span style=\"color: black; font-family: &quot;arial&quot; , &quot;sans-serif&quot;; font-size: 14.0pt; line-height: 150%;\"><\/span><\/div>\n<ul style=\"margin-top: 0cm;\" type=\"disc\">\n<li class=\"MsoNormal\" style=\"background: white; line-height: 150%; margin-bottom: .0001pt; margin-bottom: 0cm; mso-list: l0 level1 lfo1; tab-stops: list 36.0pt; text-align: justify; vertical-align: baseline;\"><span style=\"border: none 1.0pt; font-family: &quot;arial&quot; , &quot;sans-serif&quot;; font-size: 14.0pt; line-height: 150%; padding: 0cm;\">Bieguny i ich zwykli-niezwykli<br \/>\n     mieszka\u0144cy<\/span><span style=\"font-family: &quot;arial&quot; , &quot;sans-serif&quot;; font-size: 14.0pt; line-height: 150%;\"><\/span><\/li>\n<li class=\"MsoNormal\" style=\"background: white; line-height: 150%; margin-bottom: .0001pt; margin-bottom: 0cm; mso-list: l0 level1 lfo1; tab-stops: list 36.0pt; text-align: justify; vertical-align: baseline;\"><span style=\"border: none 1.0pt; font-family: &quot;arial&quot; , &quot;sans-serif&quot;; font-size: 14.0pt; line-height: 150%; padding: 0cm;\">Las i jego zwykli-niezwykli<br \/>\n     mieszka\u0144cy<\/span><span style=\"font-family: &quot;arial&quot; , &quot;sans-serif&quot;; font-size: 14.0pt; line-height: 150%;\"><\/span><\/li>\n<li class=\"MsoNormal\" style=\"background: white; line-height: 150%; margin-bottom: .0001pt; margin-bottom: 0cm; mso-list: l0 level1 lfo1; tab-stops: list 36.0pt; text-align: justify; vertical-align: baseline;\"><span style=\"border: none 1.0pt; font-family: &quot;arial&quot; , &quot;sans-serif&quot;; font-size: 14.0pt; line-height: 150%; padding: 0cm;\">\u0141\u0105ka i jej zwykli-niezwykli<br \/>\n     mieszka\u0144cy<\/span><\/li>\n<\/ul>\n","protected":false},"excerpt":{"rendered":"<p>Ksi\u0105\u017ceczka z naklejkami wielokrotnego u\u017cytku przeznaczona dla dzieci 4+ ale moi trzylatkowie r\u00f3wnie\u017c bardzo zainteresowali si\u0119 t\u0105 lektur\u0105. Ksi\u0105\u017ceczka kr\u00f3tko przedstawia opis g\u00f3r, opowiada o ich mieszka\u0144cach, opisuj\u0105c ich wygl\u0105d oraz charakterystyczne cechy.&nbsp; Dodatkowo opisy wzbogacone s\u0105 pi\u0119knymi, naturalnymi ilustracjami, pozwalaj\u0105cymi dziecku prawid\u0142owo rozpoznawa\u0107 opisywane zwierz\u0119ta i ptaki.&nbsp; Ponadto ostatnie 4 strony zawieraj\u0105 naklejki wielokrotnego &hellip;<\/p>\n","protected":false},"author":2,"featured_media":0,"comment_status":"open","ping_status":"open","sticky":false,"template":"","format":"standard","meta":[],"categories":[8,2,3,4,1],"tags":[],"_links":{"self":[{"href":"http:\/\/www.swiattoli.pl\/index.php?rest_route=\/wp\/v2\/posts\/322"}],"collection":[{"href":"http:\/\/www.swiattoli.pl\/index.php?rest_route=\/wp\/v2\/posts"}],"about":[{"href":"http:\/\/www.swiattoli.pl\/index.php?rest_route=\/wp\/v2\/types\/post"}],"author":[{"embeddable":true,"href":"http:\/\/www.swiattoli.pl\/index.php?rest_route=\/wp\/v2\/users\/2"}],"replies":[{"embeddable":true,"href":"http:\/\/www.swiattoli.pl\/index.php?rest_route=%2Fwp%2Fv2%2Fcomments&post=322"}],"version-history":[{"count":1,"href":"http:\/\/www.swiattoli.pl\/index.php?rest_route=\/wp\/v2\/posts\/322\/revisions"}],"predecessor-version":[{"id":2548,"href":"http:\/\/www.swiattoli.pl\/index.php?rest_route=\/wp\/v2\/posts\/322\/revisions\/2548"}],"wp:attachment":[{"href":"http:\/\/www.swiattoli.pl\/index.php?rest_route=%2Fwp%2Fv2%2Fmedia&parent=322"}],"wp:term":[{"taxonomy":"category","embeddable":true,"href":"http:\/\/www.swiattoli.pl\/index.php?rest_route=%2Fwp%2Fv2%2Fcategories&post=322"},{"taxonomy":"post_tag","embeddable":true,"href":"http:\/\/www.swiattoli.pl\/index.php?rest_route=%2Fwp%2Fv2%2Ftags&post=322"}],"curies":[{"name":"wp","href":"https:\/\/api.w.org\/{rel}","templated":true}]}}